{"id":233087,"date":"2025-11-13T04:15:41","date_gmt":"2025-11-13T04:15:41","guid":{"rendered":"https:\/\/www.europesays.com\/es\/233087\/"},"modified":"2025-11-13T04:15:41","modified_gmt":"2025-11-13T04:15:41","slug":"estrategias-pasivas-y-calidad-espacial-72-viviendas-sociales-por-carles-enrich-studio","status":"publish","type":"post","link":"https:\/\/www.europesays.com\/es\/233087\/","title":{"rendered":"Estrategias pasivas y calidad espacial. 72 Viviendas Sociales por Carles Enrich Studio"},"content":{"rendered":"<p class=\"text-align-justify\">Descripci\u00f3n del proyecto por <a href=\"https:\/\/www.metalocus.es\/es\/autor\/enrich\" target=\"_blank\" rel=\"nofollow noopener\">Carles Enrich Studio<\/a>\u00a0<\/p>\n<p>Estrategia de implantaci\u00f3n<br \/>El proyecto propone un equilibrio entre el programa funcional y la integraci\u00f3n paisaj\u00edstica, garantizando la continuidad del espacio p\u00fablico en un entorno natural privilegiado. Para ello, se fragmenta la volumetr\u00eda prevista en planeamiento para permitir una mayor permeabilidad urbana y visual. Esta configuraci\u00f3n mejora la conexi\u00f3n entre el tejido urbano y el parque, un bosque de pino mediterr\u00e1neo, generando un espacio de interacci\u00f3n entre los residentes. Los edificios se adaptan a la compleja topograf\u00eda del solar, con un desnivel de hasta 9 metros, mediante un escalonamiento volum\u00e9trico. Esta estrategia no solo reduce el impacto paisaj\u00edstico sino que tambi\u00e9n suaviza las alturas edificadas.\u00a0<\/p>\n<p>Las zonas de acceso act\u00faan no s\u00f3lo como vest\u00edbulo, sino tambi\u00e9n como espacios flexibles donde se pueden organizar actividades informales o reuniones peque\u00f1as, potenciando la cohesi\u00f3n social dentro del edificio. Los vest\u00edbulos se conciben tambi\u00e9n como espacios semi-exteriores de socializaci\u00f3n, entendidos como extensiones del espacio p\u00fablico y elementos de transici\u00f3n entre la ciudad y la vivienda. Por otro lado, los espacios de estacionamiento est\u00e1n dise\u00f1ados como espacios recuperables y cuentan con un sistema de ventilaci\u00f3n natural mediante celos\u00edas cer\u00e1micas integradas en fachada que les otorgan unas buenas prestaciones ambientales. La relaci\u00f3n directa con la naturaleza no solo proporciona bienestar y confort f\u00edsico, sino que tambi\u00e9n ayuda a regular la temperatura exterior e interior, aportando sombra y mejorando el microclima para generar un entorno saludable, incorporando nuevas \u00e1reas vegetadas que favorecen la biodiversidad y ayudan a mitigar el efecto isla de calor.<\/p>\n<p>            <img decoding=\"async\" loading=\"lazy\" src=\"https:\/\/www.europesays.com\/es\/wp-content\/uploads\/2025\/11\/metalocus_Carles Enrich Studio_72 Viviendas Sociales en Castelldefels_15_0.jpg\" width=\"1580\" height=\"2107\" alt=\"Sustainability and spatial quality. 72 Social Housing in Castelldefels by Carles Enrich Studio. Photograph by Adri\u00e0 Goula.\" title=\"Sustainability and spatial quality. 72 Social Housing in Castelldefels by Carles Enrich Studio. Photograph by Adri\u00e0 Goula.\" class=\"image-style-max-2600x2600\"\/><\/p>\n<p>Sostenibilidad y calidad espacial. 72 Viviendas Sociales en Castelldefels by Carles Enrich Studio. Fotograf\u00eda por Adri\u00e0 Goula.<\/p>\n<p>Estrategia de agregaci\u00f3n\u00a0<br \/>Frente a la elevada demanda de vivienda social en Castelldefels y en un contexto global marcado por la emergencia clim\u00e1tica y habitacional, el proyecto busca maximizar el n\u00famero de unidades sin comprometer la calidad espacial ni la sostenibilidad. La propuesta se organiza en torno a una agregaci\u00f3n de ocho viviendas por planta, lo que permite resolver el conjunto con \u00a0s\u00f3lo dos escaleras optimizando la superficie \u00fatil para las 72 viviendas.\u00a0<\/p>\n<p>Los n\u00facleos de circulaci\u00f3n se conciben como espacios de alta calidad ambiental, gracias a la incorporaci\u00f3n de cuatro patios concatenados que aportan luz natural y ventilaci\u00f3n cruzada a los espacios comunes y a todas las viviendas. Los patios no solo mejoran el confort interior, sino que transforman las zonas comunes en espacios semi-exteriores que favorecen el encuentro vecinal. Adem\u00e1s, act\u00faan como reguladores t\u00e9rmicos naturales, permitiendo la circulaci\u00f3n del aire y evitando el sobrecalentamiento en los meses c\u00e1lidos mediante el efecto de estratificaci\u00f3n. Esta estrategia reduce de forma significativa la demanda de refrigeraci\u00f3n y, por tanto, el consumo energ\u00e9tico anual del conjunto.\u00a0<\/p>\n<p>La tipolog\u00eda de viviendas, eliminando pasillos y optimizando la disposici\u00f3n de espacios comunes, reduce el uso de materiales sin comprometer la calidad de vida ni la funcionalidad. Las terrazas se plantean como extensiones del espacio interior, permitiendo que los residentes puedan observar y relacionarse con su entorno inmediato, reforzando la sensaci\u00f3n de comunidad y pertenencia.<\/p>\n<p>            <img decoding=\"async\" loading=\"lazy\" src=\"https:\/\/www.europesays.com\/es\/wp-content\/uploads\/2025\/11\/metalocus_Carles Enrich Studio_72 Viviendas Sociales en Castelldefels_22_0.jpg\" width=\"2048\" height=\"1536\" alt=\"Sustainability and spatial quality. 72 Social Housing in Castelldefels by Carles Enrich Studio. Photograph by Adri\u00e0 Goula.\" title=\"Sustainability and spatial quality. 72 Social Housing in Castelldefels by Carles Enrich Studio. Photograph by Adri\u00e0 Goula.\" class=\"image-style-max-2600x2600\"\/><\/p>\n<p>Sostenibilidad y calidad espacial. 72 Viviendas Sociales en Castelldefels by Carles Enrich Studio. Fotograf\u00eda por Adri\u00e0 Goula.<\/p>\n<p>Estrategia energ\u00e9tica<br \/>Una de las principales virtudes del proyecto es su capacidad de adaptaci\u00f3n frente al cambio clim\u00e1tico. El proyecto se concibe con un enfoque integral de eficiencia energ\u00e9tica pasiva. Los espacios interiores tienen ventilaci\u00f3n cruzada a trav\u00e9s de los patios, lo que optimiza la renovaci\u00f3n de aire y reduce la dependencia de sistemas mec\u00e1nicos. Adem\u00e1s, el sobrecalentamiento de los atrios debido a la radiaci\u00f3n solar, y mediante el efecto Venturi, produce una diferencia de temperatura entre la parte superior e inferior del atrio que genera un movimiento vertical del aire, favoreciendo su renovaci\u00f3n.\u00a0<\/p>\n<p>El aire del atrio interior tendr\u00e1 unas condiciones t\u00e9rmicas m\u00e1s favorables que el exterior gracias al calentamiento de los lucernarios. La agrupaci\u00f3n de instalaciones h\u00famedas alrededor de los patios internos disminuye la longitud de conducciones y el consumo energ\u00e9tico asociado al bombeo y transporte de fluidos.\u00a0<\/p>\n<p>Cada vivienda cuenta con terrazas que act\u00faan como espacios intermedios entre interior y exterior, favoreciendo la regulaci\u00f3n t\u00e9rmica y fomentando la socializaci\u00f3n entre vecinos. En invierno, se maximiza la captaci\u00f3n solar a trav\u00e9s de las aberturas exteriores, que, con carpinter\u00edas de gran altura, permiten que la radiaci\u00f3n penetre hasta el interior de la vivienda. Se apuesta por un buen aislamiento, que evite p\u00e9rdidas por transmisi\u00f3n, y una buena estanqueidad, que evite p\u00e9rdidas por convecci\u00f3n. Las persianas de madera en fachada act\u00faan como protecci\u00f3n solar y permiten ajustar la incidencia directa del sol, manteniendo temperaturas confortables de manera natural. Todo ello reduce significativamente las emisiones de CO2 durante el ciclo de vida del edificio, alcanzando un valor de 3 kgCO2\/m\u00b2 a\u00f1o que lo sit\u00faa como edificio de consumo de energ\u00eda casi nulo.<\/p>\n","protected":false},"excerpt":{"rendered":"Descripci\u00f3n del proyecto por Carles Enrich Studio\u00a0 Estrategia de implantaci\u00f3nEl proyecto propone un equilibrio entre el programa funcional&hellip;\n","protected":false},"author":2,"featured_media":233088,"comment_status":"","ping_status":"","sticky":false,"template":"","format":"standard","meta":{"footnotes":""},"categories":[173],"tags":[229,233,231,230,232,234,146,147,25,24,23],"class_list":{"0":"post-233087","1":"post","2":"type-post","3":"status-publish","4":"format-standard","5":"has-post-thumbnail","7":"category-arte-y-diseno","8":"tag-arte","9":"tag-arte-y-diseno","10":"tag-arts","11":"tag-arts-and-design","12":"tag-design","13":"tag-diseno","14":"tag-entertainment","15":"tag-entretenimiento","16":"tag-es","17":"tag-espana","18":"tag-spain"},"share_on_mastodon":{"url":"https:\/\/pubeurope.com\/@es\/115540454712654398","error":""},"_links":{"self":[{"href":"https:\/\/www.europesays.com\/es\/wp-json\/wp\/v2\/posts\/233087","targetHints":{"allow":["GET"]}}],"collection":[{"href":"https:\/\/www.europesays.com\/es\/wp-json\/wp\/v2\/posts"}],"about":[{"href":"https:\/\/www.europesays.com\/es\/wp-json\/wp\/v2\/types\/post"}],"author":[{"embeddable":true,"href":"https:\/\/www.europesays.com\/es\/wp-json\/wp\/v2\/users\/2"}],"replies":[{"embeddable":true,"href":"https:\/\/www.europesays.com\/es\/wp-json\/wp\/v2\/comments?post=233087"}],"version-history":[{"count":0,"href":"https:\/\/www.europesays.com\/es\/wp-json\/wp\/v2\/posts\/233087\/revisions"}],"wp:featuredmedia":[{"embeddable":true,"href":"https:\/\/www.europesays.com\/es\/wp-json\/wp\/v2\/media\/233088"}],"wp:attachment":[{"href":"https:\/\/www.europesays.com\/es\/wp-json\/wp\/v2\/media?parent=233087"}],"wp:term":[{"taxonomy":"category","embeddable":true,"href":"https:\/\/www.europesays.com\/es\/wp-json\/wp\/v2\/categories?post=233087"},{"taxonomy":"post_tag","embeddable":true,"href":"https:\/\/www.europesays.com\/es\/wp-json\/wp\/v2\/tags?post=233087"}],"curies":[{"name":"wp","href":"https:\/\/api.w.org\/{rel}","templated":true}]}}