{"id":233120,"date":"2025-11-13T04:47:14","date_gmt":"2025-11-13T04:47:14","guid":{"rendered":"https:\/\/www.europesays.com\/es\/233120\/"},"modified":"2025-11-13T04:47:14","modified_gmt":"2025-11-13T04:47:14","slug":"jessica-rabbit-mas-cerca-de-su-propia-pelicula-de-accion-real-ahora-que-disney-ha-perdido-los-derechos-del-personaje","status":"publish","type":"post","link":"https:\/\/www.europesays.com\/es\/233120\/","title":{"rendered":"Jessica Rabbit, m\u00e1s cerca de su propia pel\u00edcula de acci\u00f3n real ahora que Disney ha perdido los derechos del personaje"},"content":{"rendered":"<p class=\"c-paragraph\">La comedia de acci\u00f3n, intriga y fantas\u00eda\u00a0<a href=\"https:\/\/www.20minutos.es\/cinemania\/noticias\/christopher-lloyd-adora-esta-traumatica-escena-de-quien-engano-a-roger-rabbit-150441\/\" title=\"Christopher Lloyd adora esta traum\u00e1tica escena de &#039;\u00bfQui\u00e9n enga\u00f1\u00f3 a Roger Rabbit?&#039;\" rel=\"nofollow noopener\" target=\"_blank\">\u00bfQui\u00e9n enga\u00f1\u00f3 a Roger Rabbit?<\/a>\u00a0dirigida por <b>Robert Zemeckis<\/b> se ambientaba en Los \u00c1ngeles de 1947 y,\u00a0<b>mezclando con maestr\u00eda la animaci\u00f3n con la acci\u00f3n real,<\/b>\u00a0logr\u00f3 ser un \u00e9xito tanto de p\u00fablico como de cr\u00edtica adem\u00e1s de ser galardonada <b>con tres Oscar<\/b>, mejor montaje, sonido y efectos visuales, m\u00e1s una cuarta estatuilla especial otorgado a <b>Richard William<\/b> por su contribuci\u00f3n a la animaci\u00f3n y desarrollo de los personajes.\u00a0<\/p>\n<p class=\"c-paragraph\">A lo largo de 1988, la de Roger Rabbit fue la m\u00e1s taquillera con 329 millones de d\u00f3lares recaudados en los cines de todo el mundo, luego superada por poco por <b>Rain Man<\/b>\u00a0con 354,9, pero estrenada en diciembre, el oscarizado filme de\u00a0<b><b>Barry Levinson<\/b><\/b>\u00a0amas\u00f3 la mayor parte de su recaudaci\u00f3n en 1989.<\/p>\n<p class=\"c-paragraph\">Y, 37 a\u00f1os despu\u00e9s, <b>lo raro es que nunca haya tenido continuaci\u00f3n en m\u00e1s largometrajes o series<\/b>, y m\u00e1s teniendo en cuenta que hoy en d\u00eda todo se aprovecha para hacer secuelas, precuelas, spin-off, reboots y lo que haga falta. Algo que el mismo autor de los libros, el escritor estadounidense <b>Gary K. Wolf<\/b>, espera que se remedie pronto, seg\u00fan ha revelado en una entrevista para <a href=\"https:\/\/www.imnotbad.com\/2025\/01\/the-future-of-roger-rabbit-interview.html\" rel=\"nofollow noreferrer noopener\" target=\"_blank\" title=\"The Future Of Roger Rabbit - An Interview With Creator Gary K. Wold \">ImNotBad<\/a>, una web dedicada exclusivamente a noticias sobre Jessica Rabbit.\u00a0<\/p>\n<p class=\"c-paragraph\">Su deseo ahora mismo es clave porque, y gracias a una cl\u00e1usula de reversi\u00f3n de los derechos de autor transcurridos 35 a\u00f1os, <b>ha vuelto ha recuperar la propiedad de los relatos y personajes que cre\u00f3<\/b> sin que Disney, propietaria de los derechos durante tres d\u00e9cadas y media, se opusiera a ello.<\/p>\n<p class=\"c-paragraph\"><b>\u00abEsperaba que fuera un proceso contencioso. <\/b>\u00bfQui\u00e9n sab\u00eda qu\u00e9 iba a pasar? Pero no fue as\u00ed. <b>Fue muy civilizado, muy cort\u00e9s, muy directo.<\/b> Disney siempre tuvo conmigo un comportamiento de primera clase. Me trataron muy bien. Siempre me ayudaron en todo lo que quise hacer\u00bb, asegur\u00f3 Wolf, entusiasmado a sus 84 a\u00f1os, <b>ante la perspectiva de posibles nuevos proyectos.<\/b><\/p>\n<p class=\"c-paragraph\">Otra vez disponiendo del control absoluto sobre sus personajes, <b>Wolf quiere volver a presentarnos a Roger Rabbit <\/b>y a otras de las criaturas que habitan en Toontown, el lugar de ficci\u00f3n donde residen sus protagonistas de animaci\u00f3n. \u00ab<b>Mucha gente ha preguntado por qu\u00e9 no hicimos la primera pel\u00edcula m\u00e1s fiel al libro de <\/b><b>\u00bfQui\u00e9n censur\u00f3 a Roger Rabbit?<\/b> (el t\u00edtulo original de su novela de 1981), con los bocadillos de di\u00e1logo y ese tipo de personajes. <b>Bueno, es algo que est\u00e1 sobre la mesa\u00bb<\/b>.<\/p>\n<p>\u00abNo soy mala&#8230; es que me han dibujado as\u00ed\u00bb<\/p>\n<p class=\"c-paragraph\">Y el proyecto que, seg\u00fan \u00e9l, podr\u00eda contar con m\u00e1s probabilidades de adaptarse ser\u00eda una precuela.\u00a0<b>\u00abUno de los m\u00e1s destacados ser\u00eda una pel\u00edcula de acci\u00f3n real de Jessica Rabbit basada en el libro Jessica Rabbit: XERIOUS Business<\/b>, publicado en 2022.\u00a0<\/p>\n<p class=\"c-paragraph\">Fue el primer proyecto que analizamos y el primero que comenzamos a desarrollar. <b>Probablemente sea el que est\u00e1 m\u00e1s avanzado en este momento\u00bb,<\/b> y estar\u00edamos hablando de una historia de or\u00edgenes centrada en la sensual y curvil\u00ednea compa\u00f1era de Roger Rabbit, quien adem\u00e1s pronunciaba la frase m\u00e1s famosa de la pel\u00edcula:<b> \u00abYo no soy mala&#8230; Es que me han dibujado as\u00ed\u00bb. <\/b>B\u00e1sicamente relatar\u00eda como Jessica era una humana llamada\u00a0Jessica Krupnick antes de convertirse en una \u00abdibu\u00bb (\u00abtoon\u00bb en la versi\u00f3n original en ingl\u00e9s).<\/p>\n<p class=\"c-paragraph\">Sin embargo, y llegados a este punto, es importante se\u00f1alar <b>que no hay todav\u00eda ning\u00fan estudio ni productora involucrada de alguna manera en alguno de sus planes<\/b>, aunque Wolf asegura que le encantar\u00eda volver a trabajar con Disney, <b>Steven Spielberg, Robert Zemeckis<\/b>, los productores, <b>Frank Marshall <\/b>y <b>Kathleen Kennedy<\/b> o cualquiera de los que formaron parte de la pel\u00edcula ochentera original. Lamentablemente, el que fuera su gran protagonista humano, <a href=\"https:\/\/www.20minutos.es\/cinemania\/noticias\/el-legado-de-un-ingles-bajito-lo-mejor-de-bob-hoskins-8162\/\" title=\"El legado de un ingl\u00e9s bajito: Lo mejor de Bob Hoskins\" rel=\"nofollow noopener\" target=\"_blank\">Bob Hoskins<\/a> encarnando al detective\u00a0Eddie Valiant, <b>no podr\u00e1 estar en ella<\/b>. El prestigioso actor brit\u00e1nico falleci\u00f3 a los 71 a\u00f1os en 2014.<\/p>\n","protected":false},"excerpt":{"rendered":"La comedia de acci\u00f3n, intriga y fantas\u00eda\u00a0\u00bfQui\u00e9n enga\u00f1\u00f3 a Roger Rabbit?\u00a0dirigida por Robert Zemeckis se ambientaba en Los&hellip;\n","protected":false},"author":2,"featured_media":233121,"comment_status":"","ping_status":"","sticky":false,"template":"","format":"standard","meta":{"footnotes":""},"categories":[169],"tags":[60778,177,1060,146,147,25,24,176,60777,175,1257,60779,23],"class_list":{"0":"post-233120","1":"post","2":"type-post","3":"status-publish","4":"format-standard","5":"has-post-thumbnail","7":"category-cine","8":"tag-accion-real","9":"tag-cine","10":"tag-disney","11":"tag-entertainment","12":"tag-entretenimiento","13":"tag-es","14":"tag-espana","15":"tag-film","16":"tag-jessica-rabbit","17":"tag-movies","18":"tag-pelicula","19":"tag-roger-rabbit","20":"tag-spain"},"share_on_mastodon":{"url":"https:\/\/pubeurope.com\/@es\/115540580528357396","error":""},"_links":{"self":[{"href":"https:\/\/www.europesays.com\/es\/wp-json\/wp\/v2\/posts\/233120","targetHints":{"allow":["GET"]}}],"collection":[{"href":"https:\/\/www.europesays.com\/es\/wp-json\/wp\/v2\/posts"}],"about":[{"href":"https:\/\/www.europesays.com\/es\/wp-json\/wp\/v2\/types\/post"}],"author":[{"embeddable":true,"href":"https:\/\/www.europesays.com\/es\/wp-json\/wp\/v2\/users\/2"}],"replies":[{"embeddable":true,"href":"https:\/\/www.europesays.com\/es\/wp-json\/wp\/v2\/comments?post=233120"}],"version-history":[{"count":0,"href":"https:\/\/www.europesays.com\/es\/wp-json\/wp\/v2\/posts\/233120\/revisions"}],"wp:featuredmedia":[{"embeddable":true,"href":"https:\/\/www.europesays.com\/es\/wp-json\/wp\/v2\/media\/233121"}],"wp:attachment":[{"href":"https:\/\/www.europesays.com\/es\/wp-json\/wp\/v2\/media?parent=233120"}],"wp:term":[{"taxonomy":"category","embeddable":true,"href":"https:\/\/www.europesays.com\/es\/wp-json\/wp\/v2\/categories?post=233120"},{"taxonomy":"post_tag","embeddable":true,"href":"https:\/\/www.europesays.com\/es\/wp-json\/wp\/v2\/tags?post=233120"}],"curies":[{"name":"wp","href":"https:\/\/api.w.org\/{rel}","templated":true}]}}