{"id":233212,"date":"2025-11-13T06:08:23","date_gmt":"2025-11-13T06:08:23","guid":{"rendered":"https:\/\/www.europesays.com\/es\/233212\/"},"modified":"2025-11-13T06:08:23","modified_gmt":"2025-11-13T06:08:23","slug":"el-consumo-de-tabaco-entre-los-y-las-jovenes-alcanza-su-minimo-historico-en-espana","status":"publish","type":"post","link":"https:\/\/www.europesays.com\/es\/233212\/","title":{"rendered":"El consumo de tabaco entre los y las j\u00f3venes alcanza su m\u00ednimo hist\u00f3rico en Espa\u00f1a"},"content":{"rendered":"<p>El Ministerio de Sanidad ha presentado <a href=\"https:\/\/pnsd.sanidad.gob.es\/profesionales\/sistemasInformacion\/sistemaInformacion\/encuestas_ESTUDES.htm\" target=\"_blank\" rel=\"nofollow noopener\">la nueva edici\u00f3n de la Encuesta sobre Uso de Drogas en Ense\u00f1anzas Secundarias en Espa\u00f1a (ESTUDES)<\/a>, que sondea la presencia de alcohol, tabaco, cannabis y otras sustancias en la poblaci\u00f3n de entre 14 y 18 a\u00f1os.<\/p>\n<p>El dato m\u00e1s llamativo tiene que ver con el tabaco, cuya prevalencia ha ca\u00eddo hasta las cifras m\u00e1s bajas desde que se tienen registros (1998). Este m\u00ednimo hist\u00f3rico se da en las cuatro variantes de consumo que recoge el estudio: alguna vez en la vida, en los \u00faltimos 12 meses, en los \u00faltimos 30 d\u00edas y a diario en los \u00faltimos 30 d\u00edas. Es en este \u00faltimo caso donde m\u00e1s se nota la ca\u00edda, que va desde el 23,1% en 1998 hasta el actual 4,3%. En los \u00faltimos dos a\u00f1os hay un descenso muy significativo, ya que en 2023 el porcentaje era del 9%.<\/p>\n<p>Esta encuesta demuestra el alto nivel de riesgo que perciben los y las j\u00f3venes con respecto al consumo diario de tabaco. En 2025 lo catalogaron como peligroso el 93,3% de las respuestas, aunque este porcentaje se mantiene estable desde hace seis a\u00f1os.<\/p>\n<p>Menos de tres de cada cuatro j\u00f3venes (27,3%) han probado el tabaco alguna vez en su vida, y el 21,2% ha fumado en los 12 meses anteriores al momento de la encuesta. En cuanto a las diferencias por g\u00e9nero, la variabilidad es leve. El 28,3% de las chicas han consumido tabaco alguna vez frente al 26,4% de los chicos, pero si se habla de consumo diario estos son m\u00e1s fumadores (4,6% frente al 3,9% de ellas). Las mujeres fuman m\u00e1s entre los 14 y los 16 a\u00f1os, mientras que la proporci\u00f3n se invierte en los 17 y 18 a\u00f1os.<\/p>\n<p>En los \u00faltimos tiempos, la reducci\u00f3n del consumo de tabaco no puede entenderse sin tener en cuenta la aparici\u00f3n de los cigarrillos electr\u00f3nicos. La cantidad de j\u00f3venes que han probado los conocidos como vapers alguna vez en su vida alcanza el 49,5%, casi duplicando el dato referente al tabaco. No obstante, el informe demuestra que su prevalencia tambi\u00e9n est\u00e1 cayendo, puesto que en 2023 era del 54,6%.<\/p>\n<p>La droga m\u00e1s consumida por las personas de entre 14 y 18 a\u00f1os en Espa\u00f1a es, con bastante diferencia, el alcohol. Casi tres de cada cuatro respuestas (73,9%) confirmaron haberlo probado alguna vez en su vida, y el 71% hab\u00eda consumido alcohol en los \u00faltimos 12 meses. Si se reduce al \u00faltimo mes, la cifra baja hasta el 51,8%, y a diario toma alcohol el 2,1% de las personas encuestadas, siendo la \u00fanica de las sustancias cuyo consumo diario ha ascendido en el \u00faltimo a\u00f1o. De hecho, se ha duplicado desde 2019, cuando solo el 1% afirmaba beber alcohol todos los d\u00edas.<\/p>\n<p>Nunca se hab\u00eda alcanzado un porcentaje tan alto de percepci\u00f3n de riesgo por tomar cinco o seis ca\u00f1as o copas durante el fin de semana, con un 67,6%. Menos de dos de cada diez estudiantes (17,2%) dicen haberse emborrachado en el \u00faltimo mes, mientras que el consumo de alcohol por atrac\u00f3n (binge drinking) ha llegado a su m\u00ednimo hist\u00f3rico este 2025, con un 24,7%.<\/p>\n<p>Es llamativa la relaci\u00f3n entre la pr\u00e1ctica del botell\u00f3n \u2013realizada en el \u00faltimo a\u00f1o por el 41,6% de las personas encuestadas\u2013 y el consumo de tabaco y cannabis, que aparece cuatro veces m\u00e1s entre quienes hacen botell\u00f3n que en el resto: 39,2% frente a 8,1% en el caso del tabaco, 27,9% frente a 6,5% en el caso del cannabis.<\/p>\n<p>Sobre el cannabis, cabe decir que, a pesar de ser la sustancia ilegal m\u00e1s consumida entre las personas de 14 a 18 a\u00f1os, su prevalencia ha ca\u00eddo a m\u00ednimos hist\u00f3ricos en todas las variantes recogidas, exactamente igual que el tabaco. El 21% ha consumido cannabis alguna vez en su vida, el 15,5% en el \u00faltimo a\u00f1o, el 11,6% en el \u00faltimo mes y solo el 0,8% de forma diaria en los \u00faltimos 30 d\u00edas. Hay un sesgo de g\u00e9nero bastante evidente que coloca a los chicos como mayores consumidores de cannabis que las chicas.<\/p>\n<p>La encuesta ha consultado a los y las participantes sobre la posibilidad de legalizar el cannabis, y llama la atenci\u00f3n que nueve de cada diez (89,8%) personas que nunca lo han probado aseguran que no lo har\u00edan aunque se legalizase.<\/p>\n","protected":false},"excerpt":{"rendered":"El Ministerio de Sanidad ha presentado la nueva edici\u00f3n de la Encuesta sobre Uso de Drogas en Ense\u00f1anzas&hellip;\n","protected":false},"author":2,"featured_media":233213,"comment_status":"","ping_status":"","sticky":false,"template":"","format":"standard","meta":{"footnotes":""},"categories":[8],"tags":[8744,17,18,60797,1709,794,1710,25,24,13,14,11,433,19,20,60798,9,10,15,16,60796,23,12,21,22],"class_list":{"0":"post-233212","1":"post","2":"type-post","3":"status-publish","4":"format-standard","5":"has-post-thumbnail","7":"category-espana","8":"tag-alcohol","9":"tag-breaking-news","10":"tag-breakingnews","11":"tag-consumo-tabaco","12":"tag-ctxt-revista-contexto-politica","13":"tag-drogas","14":"tag-economia-y-cultura-feminismos-cambio-climatico-noticias","15":"tag-es","16":"tag-espana","17":"tag-featured-news","18":"tag-featurednews","19":"tag-headlines","20":"tag-jovenes","21":"tag-latest-news","22":"tag-latestnews","23":"tag-minimo-historico","24":"tag-news","25":"tag-noticias","26":"tag-noticias-destacadas","27":"tag-noticiasdestacadas","28":"tag-observatorio-social-la-caixa","29":"tag-spain","30":"tag-titulares","31":"tag-ultimas-noticias","32":"tag-ultimasnoticias"},"share_on_mastodon":{"url":"https:\/\/pubeurope.com\/@es\/115540899029806419","error":""},"_links":{"self":[{"href":"https:\/\/www.europesays.com\/es\/wp-json\/wp\/v2\/posts\/233212","targetHints":{"allow":["GET"]}}],"collection":[{"href":"https:\/\/www.europesays.com\/es\/wp-json\/wp\/v2\/posts"}],"about":[{"href":"https:\/\/www.europesays.com\/es\/wp-json\/wp\/v2\/types\/post"}],"author":[{"embeddable":true,"href":"https:\/\/www.europesays.com\/es\/wp-json\/wp\/v2\/users\/2"}],"replies":[{"embeddable":true,"href":"https:\/\/www.europesays.com\/es\/wp-json\/wp\/v2\/comments?post=233212"}],"version-history":[{"count":0,"href":"https:\/\/www.europesays.com\/es\/wp-json\/wp\/v2\/posts\/233212\/revisions"}],"wp:featuredmedia":[{"embeddable":true,"href":"https:\/\/www.europesays.com\/es\/wp-json\/wp\/v2\/media\/233213"}],"wp:attachment":[{"href":"https:\/\/www.europesays.com\/es\/wp-json\/wp\/v2\/media?parent=233212"}],"wp:term":[{"taxonomy":"category","embeddable":true,"href":"https:\/\/www.europesays.com\/es\/wp-json\/wp\/v2\/categories?post=233212"},{"taxonomy":"post_tag","embeddable":true,"href":"https:\/\/www.europesays.com\/es\/wp-json\/wp\/v2\/tags?post=233212"}],"curies":[{"name":"wp","href":"https:\/\/api.w.org\/{rel}","templated":true}]}}