{"id":233332,"date":"2025-11-13T07:40:21","date_gmt":"2025-11-13T07:40:21","guid":{"rendered":"https:\/\/www.europesays.com\/es\/233332\/"},"modified":"2025-11-13T07:40:21","modified_gmt":"2025-11-13T07:40:21","slug":"relevo-de-mazon-abascal-pone-a-feijoo-sus-condiciones-para-investir-a-perez-llorca-pide-al-pp-construir-presas-y-diques-en-la-comunidad-valenciana-espana","status":"publish","type":"post","link":"https:\/\/www.europesays.com\/es\/233332\/","title":{"rendered":"Relevo de Maz\u00f3n: Abascal pone a Feij\u00f3o sus condiciones para investir a P\u00e9rez Llorca: pide al PP construir \u201cpresas y diques\u201d en la Comunidad Valenciana | Espa\u00f1a"},"content":{"rendered":"<p class=\"\">Apenas unas horas despu\u00e9s de que Alberto N\u00fa\u00f1ez Feij\u00f3o <a href=\"https:\/\/elpais.com\/espana\/2025-11-11\/feijoo-propone-a-juanfran-perez-llorca-como-sucesor-de-mazon-en-plena-negociacion-con-vox.html\" target=\"_self\" rel=\"nofollow noopener\" title=\"https:\/\/elpais.com\/espana\/2025-11-11\/feijoo-propone-a-juanfran-perez-llorca-como-sucesor-de-mazon-en-plena-negociacion-con-vox.html\">designara oficialmente a Juan Francisco P\u00e9rez Llorca como candidato<\/a> a presidir la Generalitat Valenciana, Vox ha puesto sobre la mesa sus principales condiciones para apoyar al portavoz del PP en Les Corts, con quien ya a priori tienen mucho ganado, pues mantienen buena relaci\u00f3n. El anuncio de los ultras se ha producido durante la comparecencia de Pedro S\u00e1nchez en el Congreso, a quien Santiago Abascal ha acusado de torpedear supuestas infraestructuras que evitar\u00edan consecuencias devastadoras de fen\u00f3menos naturales como la dana de hace un a\u00f1o, cuyas <a href=\"https:\/\/elpais.com\/clima-y-medio-ambiente\/2025-10-28\/podria-producirse-otra-dana-como-la-de-valencia-la-gota-fria-torrencial-cebada-por-el-cambio-climatico-que-rompio-los-registros.html\" target=\"_self\" rel=\"nofollow noopener\" title=\"https:\/\/elpais.com\/clima-y-medio-ambiente\/2025-10-28\/podria-producirse-otra-dana-como-la-de-valencia-la-gota-fria-torrencial-cebada-por-el-cambio-climatico-que-rompio-los-registros.html\">causas se alimentan precisamente del calentamiento global seg\u00fan los expertos<\/a>. <\/p>\n<p class=\"\">Sobre la tribuna, el l\u00edder de extrema derecha se ha dirigido al jefe de los populares y le ha pedido construir \u201cdiques\u201d y \u201cpresas\u201d en la Comunidad Valenciana. Tambi\u00e9n le ha exigido acabar con las medidas de Bruselas que provocan el \u201cterrorismo clim\u00e1tico\u201d a cambio de una posici\u00f3n favorable a la investidura de su aspirante a dirigir el Consell. En el gabinete de Feij\u00f3o se abren a ejecutar obras que \u201csalven vidas\u201d ante un eventual pacto, se\u00f1alan fuentes de G\u00e9nova, que quieren un acuerdo \u201ccuanto antes\u201d. Aunque demandan una \u201cmayor concreci\u00f3n\u201d respecto a dichos proyectos, que tampoco est\u00e1 claro que sean o no de competencia auton\u00f3mica.<\/p>\n<p class=\"\">\u201cNos da igual que nos llamen negacionistas por exigir presas y diques para que no mueran espa\u00f1oles\u201d, asegur\u00f3 Abascal este mi\u00e9rcoles en el Congreso. \u201cSe\u00f1or Feij\u00f3o, \u00bfcree que eso lo podemos pactar? \u00bfPor lo menos eso? \u00bfCree que podr\u00e1 su candidato comprometerse a las obras que necesita Valencia, a exigirlas sin miedo a que le llamen negacionista?\u201d, a\u00f1adi\u00f3 el l\u00edder de Vox. Abascal ha concluido sus exigencias solicitando al jefe de los populares que \u201crompa con esos pactos del terrorismo clim\u00e1tico\u201d, fraguados en Bruselas, y que acabe con las medidas de \u201cinmigraci\u00f3n masiva\u201d. <\/p>\n<p class=\"\">En el entorno del l\u00edder del PP esperar\u00e1n a ver c\u00f3mo se concreta la petici\u00f3n expresa de esas \u201cpresas\u201d y \u201cdiques\u201d. Pero de antemano ya est\u00e1n dispuestos a suscribir un acuerdo bajo esos t\u00e9rminos. Sobre futuras infraestructuras, G\u00e9nova se remite al Plan Valencia que Feij\u00f3o anunci\u00f3 el pasado mes de enero y que asegur\u00f3 pondr\u00eda en pr\u00e1ctica si consegu\u00eda llegar a La Moncloa. Una coyuntura que a tenor de lo reiterado <a href=\"https:\/\/elpais.com\/espana\/2025-11-12\/sanchez-se-lanza-contra-las-privatizaciones-del-pp-han-convertido-madrid-en-un-casino-donde-quiron-siempre-gana.html\" target=\"_self\" rel=\"nofollow noopener\" title=\"https:\/\/elpais.com\/espana\/2025-11-12\/sanchez-se-lanza-contra-las-privatizaciones-del-pp-han-convertido-madrid-en-un-casino-donde-quiron-siempre-gana.html\">este mi\u00e9rcoles por S\u00e1nchez ser\u00eda en todo caso ya en 2027<\/a>. En el documento de ese Plan Valencia, el Partido Popular contempla una inversi\u00f3n de 2.995 millones de euros en \u201cprevenci\u00f3n de inundaciones\u201d, \u201cactuaciones en el Barranco del Poyo y la Saleta\u201d, \u201cobras en Utiel y Requena\u201d y un \u201cplan especial de la Albufera\u201d. Un a\u00f1o despu\u00e9s de la dana, la Generalitat valenciana no ha usado a\u00fan el 74% del presupuesto de 2.364,3 millones que tiene para financiar la reconstrucci\u00f3n en 2025, <a href=\"https:\/\/elpais.com\/espana\/2025-10-29\/el-ejecutivo-de-mazon-no-ha-usado-aun-el-74-de-los-2364-millones-que-tiene-para-reconstruir-los-destrozos-de-la-dana-se-trabaja-muy-lento.html\" target=\"_self\" rel=\"nofollow noopener\" title=\"https:\/\/elpais.com\/espana\/2025-10-29\/el-ejecutivo-de-mazon-no-ha-usado-aun-el-74-de-los-2364-millones-que-tiene-para-reconstruir-los-destrozos-de-la-dana-se-trabaja-muy-lento.html\">seg\u00fan los \u00faltimos datos oficiales de agosto<\/a>.<\/p>\n<p class=\"\">Abascal ha usado adem\u00e1s el debate de este mi\u00e9rcoles para reivindicarse frente al bipartidismo, incidiendo en que PSOE y PP votan lo mismo en Bruselas. Pero el l\u00edder de Vox ha pasado por alto la concesi\u00f3n que ya este lunes hicieron <a href=\"https:\/\/elpais.com\/espana\/2025-11-10\/el-pp-espanol-vota-junto-la-ultraderecha-en-la-eurocamara-contra-el-objetivo-de-emisiones-de-2040.html\" target=\"_self\" rel=\"nofollow noopener\" title=\"https:\/\/elpais.com\/espana\/2025-11-10\/el-pp-espanol-vota-junto-la-ultraderecha-en-la-eurocamara-contra-el-objetivo-de-emisiones-de-2040.html\">los populares en la Euroc\u00e1mara al rechazar los objetivos de emisiones para 2040<\/a>, desmarc\u00e1ndose as\u00ed incluso del PP europeo y votando junto a la ultraderecha. La propuesta todav\u00eda tiene que ser votada en el pleno del Parlamento Europeo este jueves. Y est\u00e1 por ver qu\u00e9 har\u00e1 finalmente en ese debate la formaci\u00f3n de Feij\u00f3o. \u201cNo es la primera vez que el PP vota distinto al EPP, el PP estar\u00e1 siempre con los espa\u00f1oles\u201d, abund\u00f3 este martes la portavoz en el Congreso, Ester Mu\u00f1oz.<\/p>\n<p class=\"\">Fue Mu\u00f1oz quien fij\u00f3 las primeras l\u00edneas rojas de su partido en las conversaciones con Vox, estableciendo como marco gen\u00e9rico el resto a \u201cla ley\u201d y \u201cla Constituci\u00f3n\u201d. \u201cSobre las negociaciones con Vox, nada que los ciudadanos no sepan y que hayamos visto en otros gobiernos [auton\u00f3micos]. Nuestros l\u00edmites son la ley y la Constituci\u00f3n\u201d, afirm\u00f3 la dirigente popular en la C\u00e1mara baja. El problema es que en Vox se niegan a que se ejecute la ley de distribuci\u00f3n de <a href=\"https:\/\/elpais.com\/espana\/2025-07-17\/las-comunidades-del-pp-boicotean-la-reunion-sobre-el-reparto-de-menores-migrantes.html\" rel=\"nofollow noopener\" title=\"https:\/\/elpais.com\/espana\/2025-07-17\/las-comunidades-del-pp-boicotean-la-reunion-sobre-el-reparto-de-menores-migrantes.html\" target=\"_blank\">menores migrantes<\/a> en la Pen\u00ednsula y desde que el Gobierno impuls\u00f3 la medida han exigido a los ejecutivos auton\u00f3micos del PP no cumplir la norma. Pero G\u00e9nova entiende que ese extremo no es posible porque ser\u00eda ir contra ley, se\u00f1alan fuentes de G\u00e9nova.<\/p>\n<p class=\"\">En cualquier caso, la investidura est\u00e1 ya allanada teniendo en cuenta que P\u00e9rez Llorca era la mano derecha de Maz\u00f3n, a quien Vox ha sostenido pese a su ausencia durante las horas m\u00e1s tr\u00e1gicas de la dana. Una ausencia que el <a href=\"https:\/\/elpais.com\/espana\/2025-11-11\/siga-en-directo-la-declaracion-de-carlos-mazon-en-la-comision-de-la-dana-en-las-cortes.html\" target=\"_self\" rel=\"nofollow noopener\" title=\"https:\/\/elpais.com\/espana\/2025-11-11\/siga-en-directo-la-declaracion-de-carlos-mazon-en-la-comision-de-la-dana-en-las-cortes.html\">president en funciones no explic\u00f3 este martes en la comisi\u00f3n de investigaci\u00f3n de Les Corts<\/a>, donde incluso se abraz\u00f3 con el portavoz de los ultras, Jos\u00e9 Mar\u00eda Llanos, que desvi\u00f3 toda la responsabilidad a la Administraci\u00f3n central pasando por alto que la competencia de las emergencias es auton\u00f3mica. <\/p>\n<p class=\"\">El problema para los populares es c\u00f3mo conjugar esa entente en Valencia y luego pedir el voto \u00fatil en otras comunidades que celebran elecciones auton\u00f3micas en los pr\u00f3ximos meses. Y ah\u00ed ha querido entrar Abascal. \u201cSi conseguimos esa investidura, c\u00f3mo va a explicar que podemos llegar a acuerdos en Valencia, en Murcia y en Baleares y que son imposibles en Extremadura\u201d, ha espetado el l\u00edder de Vox sobre la tribuna a Feij\u00f3o. \u201c\u00bfC\u00f3mo puede viajar por el pa\u00eds diciendo una cosa distinta en cada regi\u00f3n?\u201d, agreg\u00f3 Abascal para terminar mirando a la otra bancada y dirigirse a S\u00e1nchez. \u201cMe comprometo a exigir inmediatas elecciones regionales en Valencia un segundo despu\u00e9s de que usted disuelva aqu\u00ed las Cortes\u201d, ironiz\u00f3.<\/p>\n<p>Feij\u00f3o promete integrar la vivienda en su vicepresidencia primera<\/p>\n<p class=\"\">En el debate en el Congreso, Feij\u00f3o ha prometido, por su parte, integrar la pol\u00edtica de vivienda en su \u201cvicepresidencia primera\u201d en caso de llegar a La Moncloa. \u201cVoy a hacer la bajada hist\u00f3rica de impuestos a los j\u00f3venes\u201d, a\u00f1adi\u00f3 el jefe de la oposici\u00f3n durante su intervenci\u00f3n. \u201cNo empiece a repartir ministerios y vicepresidencias como el 23-J, aquello no sali\u00f3 bien\u201d, se jact\u00f3 luego Abascal.<\/p>\n<p class=\"\">El l\u00edder del PP subi\u00f3 a la tribuna presumiendo de haber estudiado en la universidad p\u00fablica de Santiago y cuestionando al presidente del Gobierno por haberlo hecho en la privada. \u201cLa \u00fanica emergencia habitacional de la que se ha preocupado todo este tiempo es la de su hermano y no tiene la mayor\u00eda para continuar su fracasada pol\u00edtica de vivienda\u201d, ironiz\u00f3 incidiendo en la imputaci\u00f3n de David S\u00e1nchez. \u201cAqu\u00ed estamos como si nada, como si fuese una comparecencia normal de un Gobierno normal. No cuente con el grupo mayoritario de esta c\u00e1mara ni para esto ni para nada. Le da igual aprobar leyes o no, Presupuestos o no, para usted es prescindible todo salvo una cosa, el poder. Un pa\u00eds no se detiene de repente, un pa\u00eds se desgasta poco a poco\u201d, indic\u00f3 Feij\u00f3o tras la ruptura con Junts.<\/p>\n","protected":false},"excerpt":{"rendered":"Apenas unas horas despu\u00e9s de que Alberto N\u00fa\u00f1ez Feij\u00f3o designara oficialmente a Juan Francisco P\u00e9rez Llorca como candidato&hellip;\n","protected":false},"author":2,"featured_media":233333,"comment_status":"","ping_status":"","sticky":false,"template":"","format":"standard","meta":{"footnotes":""},"categories":[8],"tags":[6069,25924,17,18,2007,242,55976,1681,25,24,13,14,11,4274,60819,19,20,9,10,15,16,18645,2959,956,37852,6914,23,12,21,22,624],"class_list":{"0":"post-233332","1":"post","2":"type-post","3":"status-publish","4":"format-standard","5":"has-post-thumbnail","7":"category-espana","8":"tag-alberto-nunez-feijoo","9":"tag-barrancos","10":"tag-breaking-news","11":"tag-breakingnews","12":"tag-carlos-mazon","13":"tag-comunidad-valenciana","14":"tag-consell-valencia","15":"tag-dana","16":"tag-es","17":"tag-espana","18":"tag-featured-news","19":"tag-featurednews","20":"tag-headlines","21":"tag-inundaciones-dana-octubre-2024","22":"tag-juanfran-perez-llorca","23":"tag-latest-news","24":"tag-latestnews","25":"tag-news","26":"tag-noticias","27":"tag-noticias-destacadas","28":"tag-noticiasdestacadas","29":"tag-obras-hidraulicas","30":"tag-pedro-sanchez","31":"tag-pp","32":"tag-ppcv","33":"tag-santiago-abascal","34":"tag-spain","35":"tag-titulares","36":"tag-ultimas-noticias","37":"tag-ultimasnoticias","38":"tag-vox"},"share_on_mastodon":{"url":"","error":"Validation failed: Text character limit of 500 exceeded"},"_links":{"self":[{"href":"https:\/\/www.europesays.com\/es\/wp-json\/wp\/v2\/posts\/233332","targetHints":{"allow":["GET"]}}],"collection":[{"href":"https:\/\/www.europesays.com\/es\/wp-json\/wp\/v2\/posts"}],"about":[{"href":"https:\/\/www.europesays.com\/es\/wp-json\/wp\/v2\/types\/post"}],"author":[{"embeddable":true,"href":"https:\/\/www.europesays.com\/es\/wp-json\/wp\/v2\/users\/2"}],"replies":[{"embeddable":true,"href":"https:\/\/www.europesays.com\/es\/wp-json\/wp\/v2\/comments?post=233332"}],"version-history":[{"count":0,"href":"https:\/\/www.europesays.com\/es\/wp-json\/wp\/v2\/posts\/233332\/revisions"}],"wp:featuredmedia":[{"embeddable":true,"href":"https:\/\/www.europesays.com\/es\/wp-json\/wp\/v2\/media\/233333"}],"wp:attachment":[{"href":"https:\/\/www.europesays.com\/es\/wp-json\/wp\/v2\/media?parent=233332"}],"wp:term":[{"taxonomy":"category","embeddable":true,"href":"https:\/\/www.europesays.com\/es\/wp-json\/wp\/v2\/categories?post=233332"},{"taxonomy":"post_tag","embeddable":true,"href":"https:\/\/www.europesays.com\/es\/wp-json\/wp\/v2\/tags?post=233332"}],"curies":[{"name":"wp","href":"https:\/\/api.w.org\/{rel}","templated":true}]}}