{"id":233367,"date":"2025-11-13T08:18:12","date_gmt":"2025-11-13T08:18:12","guid":{"rendered":"https:\/\/www.europesays.com\/es\/233367\/"},"modified":"2025-11-13T08:18:12","modified_gmt":"2025-11-13T08:18:12","slug":"la-metamorfosis-de-vinicius-as-com","status":"publish","type":"post","link":"https:\/\/www.europesays.com\/es\/233367\/","title":{"rendered":"La metamorfosis de Vinicius &#8211; AS.com"},"content":{"rendered":"<p class=\"\"><b>Se ha convertido en un mantra habitual decir que los delanteros del Real Madrid no trabajan lo suficiente<\/b> y que esa es la ra\u00edz de los problemas del equipo blanco. En ocasiones tiene sentido, en otras no tanto. En Vallecas, por ejemplo, se puede decir que Vinicius no estuvo acertado en el regate ni en el remate, pero en ning\u00fan caso que no trabajase:<b> fue el jugador madridista de campo con m\u00e1s recuperaciones (siete), solo superado por las diez de Courtois <\/b>y dejando atr\u00e1s a Carreras (cinco), un especialista en la materia.<\/p>\n<p class=\"\">La media de recuperaciones por partido de Vini este curso es de 2,4; en Vallecas, duplic\u00f3 esa cifra y alcanz\u00f3 su plusmarca del curso, que ya hab\u00eda alcanzado tambi\u00e9n en el duelo en casa ante el Villarreal. En ese aspecto, claramente el brasile\u00f1o ha dado un paso adelante:<b> en los primeros nueve partidos, promedi\u00f3 1,6 por choque, mientras que en los siete siguientes ha subido hasta 3,4.<\/b> Poco a poco, Xabi Alonso va consiguiendo que Vini y Mbapp\u00e9 se conviertan en los primeros defensores del Real Madrid.<\/p>\n<p><img decoding=\"async\" src=\"https:\/\/www.europesays.com\/es\/wp-content\/uploads\/2025\/11\/3HPWBHRP2FOTJLUI355TJNSXRU.jpg\" alt=\"La metamorfosis de Vinicius\" height=\"3440\" width=\"5152\"   loading=\"lazy\"\/>SERGIO PEREZ<\/p>\n<p class=\"\">Y todo ello, con mayor responsabilidad. En Vallecas, campo caliente, evit\u00f3 meterse en l\u00edos y no protagoniz\u00f3 ning\u00fan momento tenso. En un momento, desde la grada le gritaron: <b>\u201cEres mal\u00edsimo\u201d. Pero lo encaj\u00f3 con humor: se fue diciendo \u201cno, no, no\u201d hacia la grada, con una sonrisa.<\/b> Y en otro momento, al escuchar los c\u00e1nticos de \u201cVinicius, bal\u00f3n de playa\u201d, reaccion\u00f3 \u2018por lo bajini\u2019: \u201cPag\u00e1is todo el a\u00f1o para verme\u201d, pero con una sonrisa de nuevo. Lo encaj\u00f3 todo con deportividad.<\/p>\n<p>Noticias relacionadas<a href=\"https:\/\/as.com\/futbol\/internacional\/si-tengo-que-sacrificarme-por-neymar-lo-hare-es-el-mejor-f202511-n\/\" class=\"s_m_w _rt-16x9\" title=\"Casemiro, en una entrevista para GE, afirm\u00f3 ser partidario de la vuelta de Neymar con Brasil con condiciones: \u201cSi est\u00e1 en plena forma f\u00edsica y mental...\u201d.\" data-tb-link=\"\" rel=\"nofollow noopener\" target=\"_blank\"><img decoding=\"async\" src=\"https:\/\/www.europesays.com\/es\/wp-content\/uploads\/2025\/11\/V5MH2YZEIVAA3HXYZRVSHE5Z24\" alt=\"Casemiro: \u201cNo le pasar\u00eda el testigo a Vinicius. No le preocupa eso\u201d\" class=\"\" height=\"9\" width=\"16\"   loading=\"lazy\" data-tb-thumbnail=\"\"\/><\/a><a href=\"https:\/\/as.com\/futbol\/videos\/se-hace-viral-lo-que-dijeron-cristiano-y-benzema-sobre-mbappe-jugando-de-9-muy-significativo-f202511-v\/\" class=\"s_m_w _rt-16x9\" title=\"La estrella francesa ha encadenado dos malos partidos ante Liverpool y Rayo Vallecano y en redes se ha vuelto a viralizar lo que dijeron las dos leyendas blancas. \" data-tb-link=\"\" rel=\"nofollow noopener\" target=\"_blank\"><img decoding=\"async\" src=\"https:\/\/www.europesays.com\/es\/wp-content\/uploads\/2025\/11\/I5B773NNUVAWNJNTEZ3XSFMOBM.png\" alt=\"Se hace viral lo que dijeron Cristiano y Benzema sobre Mbapp\u00e9 jugando de 9: muy significativo\" class=\"\" height=\"9\" width=\"16\"   loading=\"lazy\" data-tb-thumbnail=\"\"\/><\/a><\/p>\n<p class=\"\">Y en cuesti\u00f3n de conflictos con sus rivales y de protestas, parece que se est\u00e1 calmando: <b>en 12 jornadas de Liga, solo ha visto de momento dos tarjetas amarillas. El curso pasado, tras 12 jornadas, ya llevaba cuatro y estaba apercibido de sanci\u00f3n<\/b>. El exabrupto que protagoniz\u00f3 cuando fue cambiado en el Cl\u00e1sico ha quedado grabado en la mente de muchos, pero en general parece estar m\u00e1s centrado en el juego y menos en lo que le rodea. El camino a seguir para el brasile\u00f1o.<\/p>\n<p class=\"\"><b>\u00a1Tus opiniones importan!<\/b> Comenta en los art\u00edculos y suscr\u00edbete gratis a nuestra <a href=\"https:\/\/asfan.as.com\/newsletters\/\" target=\"_blank\" rel=\"nofollow noopener\" title=\"https:\/\/asfan.as.com\/newsletters\/\">newsletter<\/a> y a las alertas informativas en la <a href=\"https:\/\/as.com\/aplicacion-de-as-n\/\" target=\"_blank\" rel=\"nofollow noopener\" title=\"https:\/\/as.com\/aplicacion-de-as-n\/\">App<\/a> o el canal de <a href=\"https:\/\/www.whatsapp.com\/channel\/0029VaAasdA7j6g745nz9M10\" target=\"_blank\" rel=\"nofollow noopener\" title=\"https:\/\/www.whatsapp.com\/channel\/0029VaAasdA7j6g745nz9M10\">WhatsApp<\/a>. \u00bfBuscas licenciar contenido? Haz clic <a href=\"https:\/\/profesional.elpais.com\/soluciones-sindicacion?utm_medium=interno&amp;utm_source=crosslinking&amp;utm_campaign=sindicacion_as_pie_articulos\" target=\"_blank\" rel=\"nofollow noopener\" title=\"https:\/\/profesional.elpais.com\/soluciones-sindicacion?utm_medium=interno&amp;utm_source=crosslinking&amp;utm_campaign=sindicacion_as_pie_articulos\">aqu\u00ed<\/a><\/p>\n","protected":false},"excerpt":{"rendered":"Se ha convertido en un mantra habitual decir que los delanteros del Real Madrid no trabajan lo suficiente&hellip;\n","protected":false},"author":2,"featured_media":233368,"comment_status":"","ping_status":"","sticky":false,"template":"","format":"standard","meta":{"footnotes":""},"categories":[268],"tags":[168,25,24,280,282,281,23,167],"class_list":{"0":"post-233367","1":"post","2":"type-post","3":"status-publish","4":"format-standard","5":"has-post-thumbnail","7":"category-futbol","8":"tag-deportes","9":"tag-es","10":"tag-espana","11":"tag-football","12":"tag-futbol","13":"tag-soccer","14":"tag-spain","15":"tag-sports"},"share_on_mastodon":{"url":"https:\/\/pubeurope.com\/@es\/115541410790516234","error":""},"_links":{"self":[{"href":"https:\/\/www.europesays.com\/es\/wp-json\/wp\/v2\/posts\/233367","targetHints":{"allow":["GET"]}}],"collection":[{"href":"https:\/\/www.europesays.com\/es\/wp-json\/wp\/v2\/posts"}],"about":[{"href":"https:\/\/www.europesays.com\/es\/wp-json\/wp\/v2\/types\/post"}],"author":[{"embeddable":true,"href":"https:\/\/www.europesays.com\/es\/wp-json\/wp\/v2\/users\/2"}],"replies":[{"embeddable":true,"href":"https:\/\/www.europesays.com\/es\/wp-json\/wp\/v2\/comments?post=233367"}],"version-history":[{"count":0,"href":"https:\/\/www.europesays.com\/es\/wp-json\/wp\/v2\/posts\/233367\/revisions"}],"wp:featuredmedia":[{"embeddable":true,"href":"https:\/\/www.europesays.com\/es\/wp-json\/wp\/v2\/media\/233368"}],"wp:attachment":[{"href":"https:\/\/www.europesays.com\/es\/wp-json\/wp\/v2\/media?parent=233367"}],"wp:term":[{"taxonomy":"category","embeddable":true,"href":"https:\/\/www.europesays.com\/es\/wp-json\/wp\/v2\/categories?post=233367"},{"taxonomy":"post_tag","embeddable":true,"href":"https:\/\/www.europesays.com\/es\/wp-json\/wp\/v2\/tags?post=233367"}],"curies":[{"name":"wp","href":"https:\/\/api.w.org\/{rel}","templated":true}]}}