{"id":233381,"date":"2025-11-13T08:27:13","date_gmt":"2025-11-13T08:27:13","guid":{"rendered":"https:\/\/www.europesays.com\/es\/233381\/"},"modified":"2025-11-13T08:27:13","modified_gmt":"2025-11-13T08:27:13","slug":"el-lado-mas-espiritual-de-rosalia-creo-que-hay-algo-a-mi-alrededor-que-me-protege","status":"publish","type":"post","link":"https:\/\/www.europesays.com\/es\/233381\/","title":{"rendered":"El lado m\u00e1s espiritual de Rosal\u00eda: \u00abCreo que hay algo a mi alrededor que me protege\u00bb"},"content":{"rendered":"<p><b>Rosal\u00eda <\/b>est\u00e1 en su etapa m\u00e1s espiritual, y as\u00ed lo demuestra su nuevo \u00e1lbum de estudio, <b>LUX<\/b>, <a title=\"donde indaga en su relaci\u00f3n con Dios y con la religi\u00f3n\" href=\"https:\/\/www.europafm.com\/noticias\/musica\/rosalia-completa-relacion-dios-album-lux-viaje-terrenal-divino_20251107690d34de5442607f2fedc236.html\" target=\"_blank\" rel=\"nofollow noopener\">donde indaga en su relaci\u00f3n con Dios y con la religi\u00f3n<\/a>. \u00abMi Cristo endiamantado \/ Te llevo, te llevo conmigo siempre\u00bb, canta en Mio Cristo Piange Diamanti. Para la promoci\u00f3n, la catalana <a title=\"se ha te\u00f1ido una aureola en el pelo y lleva consigo un rosario\" href=\"https:\/\/www.europafm.com\/noticias\/famosos\/rosalia-implanta-nuevas-tendencias-moda-aureola-pelo-rosarios_2025102568fc90b1abed5e585bcd8eed.html\" target=\"_blank\" rel=\"nofollow noopener\">se ha te\u00f1ido una aureola en el pelo y lleva consigo un rosario<\/a>.<\/p>\n<p>Ahora, la artista habla sobre su lado m\u00e1s m\u00edstico en el nuevo episodio de Fashion Neurosis, el p\u00f3dcast de Bella Freud, dise\u00f1adora y bisnieta de Sigmund Freud. Sobre c\u00f3mo afronta la envidia del resto, Rosal\u00eda dice: \u00abNo le presto mucha atenci\u00f3n. <b>Creo que mis creencias pueden cambiar c\u00f3mo vivo y c\u00f3mo percibo la vida<\/b>. Realmente creo que estoy protegida, que hay algo a mi alrededor que me protege\u00bb.<\/p>\n<blockquote class=\"articleQuote\"><p>\u00abS\u00e9 que estoy guiada y protegida\u00bb <\/p><\/blockquote>\n<p>Y a\u00f1ade: \u00abCada vez que veo una pluma en la calle o donde est\u00e9 sentada, s\u00e9 que es un \u00e1ngel, s\u00e9 que estoy protegida. Un amigo me dijo: &#8216;Cuando ves una pluma, es porque hay un \u00e1ngel cerca&#8217;. Y veo muchas plumas en mi vida. S\u00e9 que estoy guiada y protegida. Es una creencia muy fuerte que tengo. Por eso, <b>aunque alguien me env\u00ede un mal de ojo, no pueden tocarme<\/b>\u00ab.<\/p>\n<p>Sobre su proceso de maduraci\u00f3n<\/p>\n<p>La entrevista dura m\u00e1s de una hora, por lo que Rosal\u00eda habla de numerosos temas. Uno de ellos es su llegada a la adultez: \u00abCuando ten\u00eda 28 a\u00f1os, algo empez\u00f3 a cambiar. <b>Recuerdo que comenc\u00e9 a preocuparme menos por la atenci\u00f3n de los hombres y a darle menos importancia a lo que llevaba puesto o a c\u00f3mo pod\u00edan percibirme los dem\u00e1s<\/b>, si eso tiene sentido\u00bb, comenta sobre la importancia de su vestimenta y del f\u00edsico a la hora de crecer personalmente.<\/p>\n<p>\u00abEmpec\u00e9 a expresarme m\u00e1s a trav\u00e9s de lo que realmente me daba satisfacci\u00f3n\u00bb, sigue contando. \u00abMe di cuenta de que eso representaba una forma profundamente diferente de relacionarme con el mundo. Empec\u00e9 a sentirme m\u00e1s como una mujer que como una chica, si eso tiene sentido, ya que <b>empec\u00e9 a darle m\u00e1s importancia a c\u00f3mo me sent\u00eda que a c\u00f3mo me percib\u00edan<\/b>\u00ab, zanja.<\/p>\n<p>Sobre su forma de vestir<\/p>\n<p>Gran parte de la conversaci\u00f3n entre Rosal\u00eda y Bella Freud ha estado protagonizada por la moda. Por ejemplo, la cantante asegura que le gusta cuando la ropa habla de las personas: \u00ab<b>Algunos d\u00edas quiero que mi ropa hable por m\u00ed<\/b>. Las prendas pueden ser como una especie de conjuro, tienen incluso la capacidad de dictar c\u00f3mo va a ser tu d\u00eda\u00bb. En cuanto a su estilismo, dice que encuentra \u00absatisfacci\u00f3n\u00bb en repetir piezas, aunque <b>nunca repite outfit para \u00abser honesta\u00bb con c\u00f3mo se siente cada d\u00eda<\/b>.<\/p>\n<p><b>\u00abMe encanta estar desnuda en mi casa\u00bb<\/b>, confiesa. \u00abMe da una sensaci\u00f3n de libertad, como si no me importara una mierda, en contraposici\u00f3n con todos esos momentos en los que tengo que estar siempre presentable\u00bb. Tambi\u00e9n se siente cautivada por las <b>estrellas del rock<\/b>: \u00abHay algo irreverente en sus looks, pueden ser voluminosos y extravagantes. Me encanta. A veces, cuando no me siento lo suficientemente fuerte, un look as\u00ed me puede devolver la fortaleza\u00bb.<\/p>\n","protected":false},"excerpt":{"rendered":"Rosal\u00eda est\u00e1 en su etapa m\u00e1s espiritual, y as\u00ed lo demuestra su nuevo \u00e1lbum de estudio, LUX, donde&hellip;\n","protected":false},"author":2,"featured_media":233382,"comment_status":"","ping_status":"","sticky":false,"template":"","format":"standard","meta":{"footnotes":""},"categories":[91],"tags":[146,147,25,24,23],"class_list":{"0":"post-233381","1":"post","2":"type-post","3":"status-publish","4":"format-standard","5":"has-post-thumbnail","7":"category-entretenimiento","8":"tag-entertainment","9":"tag-entretenimiento","10":"tag-es","11":"tag-espana","12":"tag-spain"},"share_on_mastodon":{"url":"https:\/\/pubeurope.com\/@es\/115541445586246171","error":""},"_links":{"self":[{"href":"https:\/\/www.europesays.com\/es\/wp-json\/wp\/v2\/posts\/233381","targetHints":{"allow":["GET"]}}],"collection":[{"href":"https:\/\/www.europesays.com\/es\/wp-json\/wp\/v2\/posts"}],"about":[{"href":"https:\/\/www.europesays.com\/es\/wp-json\/wp\/v2\/types\/post"}],"author":[{"embeddable":true,"href":"https:\/\/www.europesays.com\/es\/wp-json\/wp\/v2\/users\/2"}],"replies":[{"embeddable":true,"href":"https:\/\/www.europesays.com\/es\/wp-json\/wp\/v2\/comments?post=233381"}],"version-history":[{"count":0,"href":"https:\/\/www.europesays.com\/es\/wp-json\/wp\/v2\/posts\/233381\/revisions"}],"wp:featuredmedia":[{"embeddable":true,"href":"https:\/\/www.europesays.com\/es\/wp-json\/wp\/v2\/media\/233382"}],"wp:attachment":[{"href":"https:\/\/www.europesays.com\/es\/wp-json\/wp\/v2\/media?parent=233381"}],"wp:term":[{"taxonomy":"category","embeddable":true,"href":"https:\/\/www.europesays.com\/es\/wp-json\/wp\/v2\/categories?post=233381"},{"taxonomy":"post_tag","embeddable":true,"href":"https:\/\/www.europesays.com\/es\/wp-json\/wp\/v2\/tags?post=233381"}],"curies":[{"name":"wp","href":"https:\/\/api.w.org\/{rel}","templated":true}]}}