{"id":233392,"date":"2025-11-13T08:40:10","date_gmt":"2025-11-13T08:40:10","guid":{"rendered":"https:\/\/www.europesays.com\/es\/233392\/"},"modified":"2025-11-13T08:40:10","modified_gmt":"2025-11-13T08:40:10","slug":"vuelve-despues-de-mas-de-500-dias-de-baja-y-se-rompe-el-tendon-de-aquiles-a-los-dos-minutos","status":"publish","type":"post","link":"https:\/\/www.europesays.com\/es\/233392\/","title":{"rendered":"vuelve despu\u00e9s de m\u00e1s de 500 d\u00edas de baja y se rompe el tend\u00f3n de Aquiles a los dos minutos"},"content":{"rendered":"<p data-mrf-recirculation=\"Links P\u00e1rrafos\" class=\"ue-c-article__paragraph paragraph ue-c-article--first-letter-highlighted\">En ocasiones, el deporte puede ser especialmente cruel. De ello puede dar constancia <strong>Keenan Evans, base del Olympiacos, que este mi\u00e9rcoles volv\u00eda a disputar un partido de Euroliga despu\u00e9s de m\u00e1s de 500 d\u00edas de baja<\/strong>. En el partido ante el Zalgiris, sali\u00f3 a la pista cuando restaban 2:16 para el final del primer cuarto. El Palacio de la Paz y la Amistad se puso en pie para recibirle con una gran ovaci\u00f3n. Algunos aficionados hab\u00edan elaborado pancartas para darle la bienvenida.<\/p>\n<p data-mrf-recirculation=\"Links P\u00e1rrafos\" class=\"ue-c-article__paragraph paragraph\">Pero <strong>la alegr\u00eda por su vuelta se torn\u00f3 enorme tristeza cuando llevaba s\u00f3lo 2:01 sobre la pista<\/strong>. En una jugada sin contacto, <strong>Evans se fue al suelo llev\u00e1ndose la mano a la parte posterior del tobillo izquierdo<\/strong>. Tuvo que dejar el parqu\u00e9 con ayuda mientras <strong>gritaba: \u00ab\u00a1No puede ser!\u00bb<\/strong>.<\/p>\n<p><img decoding=\"async\" width=\"948\" height=\"465\" class=\"ue-c-article__image lazyload\" alt=\"Keenan Evans, el pasado fin de semana, en el primer partido tras su lesi\u00f3n.\" loading=\"lazy\" src=\"https:\/\/www.europesays.com\/es\/wp-content\/uploads\/2025\/11\/691527b4d01c3.jpeg\"\/><\/p>\n<p>Keenan Evans, el pasado fin de semana, en el primer partido tras su lesi\u00f3n.<\/p>\n<p data-mrf-recirculation=\"Links P\u00e1rrafos\" class=\"ue-c-article__paragraph paragraph\">El posterior parte m\u00e9dico confirmaba lo que se tem\u00eda al ver los gestos del base. <strong>Los peores pron\u00f3sticos eran realidad: rotura del tend\u00f3n de Aquiles de la pierna izquierda. Se pierde lo que resta de temporada<\/strong>. Le espera otro largo proceso de recuperaci\u00f3n. Ser\u00e1 el tercero.<\/p>\n<p>Otras dos graves lesiones<\/p>\n<p data-mrf-recirculation=\"Links P\u00e1rrafos\" class=\"ue-c-article__paragraph paragraph\">Con anterioridad, <strong>en enero de 2023, el base de 1,91 metros y 29 a\u00f1os, se hab\u00eda roto el tend\u00f3n de Aquiles de la pierna derecha<\/strong>. Volvi\u00f3 en octubre. Pero <strong>al final de la temporada 23-24, jugando en el Zalgiris, se llev\u00f3 otro duro golpe: rotura del tend\u00f3n rotuliano de la pierna izquierda<\/strong>. Se perdi\u00f3 todo el ejercicio 24-25. Pese a estar lesionado, <strong>el Olympiacos cumpli\u00f3 el acuerdo que ten\u00eda con \u00e9l y le firm\u00f3 un contrato hasta 2027<\/strong>.<\/p>\n<p data-mrf-recirculation=\"Links P\u00e1rrafos\" class=\"ue-c-article__paragraph paragraph\">El regreso de Evans a las pista se hab\u00eda dilatado algo m\u00e1s de lo esperado. En septiembre se le detect\u00f3 una lesi\u00f3n osteocondral en la r\u00f3tula derecha y tuvo que aguantar un poco m\u00e1s tiempo de baja. Por fin, <strong>regres\u00f3 a las canchas el fin de semana pasada en un partido de la Liga Griega frente al Karditsa. Hizo 15 puntos, cinco asistencias y 21 de valoraci\u00f3n<\/strong>. Una buena actuaci\u00f3n en la que nada hac\u00eda presagiar que el destino iba a volver a cebarse con el base.<\/p>\n<p data-mrf-recirculation=\"Links P\u00e1rrafos\" class=\"ue-c-article__paragraph paragraph\"><strong>Todo el baloncesto europeo se duele por la mala suerte de Evans<\/strong>. Tanto es as\u00ed que hasta el Panathinaikos, el archienemigo del equipo de El Pireo, public\u00f3 en sus redes sociales un mensaje de apoyo en el que le desea una pronta recuperaci\u00f3n.<\/p>\n","protected":false},"excerpt":{"rendered":"En ocasiones, el deporte puede ser especialmente cruel. De ello puede dar constancia Keenan Evans, base del Olympiacos,&hellip;\n","protected":false},"author":2,"featured_media":233393,"comment_status":"","ping_status":"","sticky":false,"template":"","format":"standard","meta":{"footnotes":""},"categories":[269],"tags":[299,298,168,25,24,23,167],"class_list":{"0":"post-233392","1":"post","2":"type-post","3":"status-publish","4":"format-standard","5":"has-post-thumbnail","7":"category-baloncesto","8":"tag-baloncesto","9":"tag-basketball","10":"tag-deportes","11":"tag-es","12":"tag-espana","13":"tag-spain","14":"tag-sports"},"share_on_mastodon":{"url":"https:\/\/pubeurope.com\/@es\/115541496825642857","error":""},"_links":{"self":[{"href":"https:\/\/www.europesays.com\/es\/wp-json\/wp\/v2\/posts\/233392","targetHints":{"allow":["GET"]}}],"collection":[{"href":"https:\/\/www.europesays.com\/es\/wp-json\/wp\/v2\/posts"}],"about":[{"href":"https:\/\/www.europesays.com\/es\/wp-json\/wp\/v2\/types\/post"}],"author":[{"embeddable":true,"href":"https:\/\/www.europesays.com\/es\/wp-json\/wp\/v2\/users\/2"}],"replies":[{"embeddable":true,"href":"https:\/\/www.europesays.com\/es\/wp-json\/wp\/v2\/comments?post=233392"}],"version-history":[{"count":0,"href":"https:\/\/www.europesays.com\/es\/wp-json\/wp\/v2\/posts\/233392\/revisions"}],"wp:featuredmedia":[{"embeddable":true,"href":"https:\/\/www.europesays.com\/es\/wp-json\/wp\/v2\/media\/233393"}],"wp:attachment":[{"href":"https:\/\/www.europesays.com\/es\/wp-json\/wp\/v2\/media?parent=233392"}],"wp:term":[{"taxonomy":"category","embeddable":true,"href":"https:\/\/www.europesays.com\/es\/wp-json\/wp\/v2\/categories?post=233392"},{"taxonomy":"post_tag","embeddable":true,"href":"https:\/\/www.europesays.com\/es\/wp-json\/wp\/v2\/tags?post=233392"}],"curies":[{"name":"wp","href":"https:\/\/api.w.org\/{rel}","templated":true}]}}