{"id":233398,"date":"2025-11-13T08:43:15","date_gmt":"2025-11-13T08:43:15","guid":{"rendered":"https:\/\/www.europesays.com\/es\/233398\/"},"modified":"2025-11-13T08:43:15","modified_gmt":"2025-11-13T08:43:15","slug":"enigma-resuelto-misterioso-detective-de-la-foto-del-robo-del-louvre-era-un-estudiante-de-15-anos-sociedad","status":"publish","type":"post","link":"https:\/\/www.europesays.com\/es\/233398\/","title":{"rendered":"Enigma resuelto: misterioso \u00abdetective\u00bb de la foto del robo del Louvre era un estudiante de 15 a\u00f1os | Sociedad"},"content":{"rendered":"<p>Tras semanas de incertidumbre se resolvi\u00f3 el <strong>misterio en torno a la fotograf\u00eda de un joven elegantemente vestido frente al museo Louvre en Paris, como si fuera un detective cl\u00e1sico<\/strong> de novelas, tomada justo despu\u00e9s de un robo de joyas valoradas en millones. <\/p>\n<p>Seg\u00fan Der Spiegel y Associated Press \u2014la agencia que tom\u00f3 la imagen\u2014, <strong>el muchacho no era detective ni c\u00f3mplice: se trataba de Pedro Elias Garzon Delvaux, un estudiante de 15 a\u00f1os de Rambouillet<\/strong>, a 30 kil\u00f3metros de Par\u00eds, que solo intentaba visitar el museo con su madre y su abuelo.<\/p>\n<p>Identifican al \u201cdetective\u201d de la foto del robo del Louvre<\/p>\n<p>Resulta que Pedro, fan de Sherlock Holmes y Hercule Poirot, <strong>decidi\u00f3 guardar silencio cuando la foto se hizo viral tras el llamativo y comentado robo al Louvre. M<\/strong>ientras las redes debat\u00edan si el \u201chombre del sombrero\u201d era un detective, un c\u00f3mplice o incluso una imagen generada por IA, \u00e9l prefiri\u00f3 observar. <\/p>\n<p>\u201cNo quer\u00eda decir inmediatamente que era yo\u201d, explic\u00f3. \u201cCon esta foto hay un misterio, as\u00ed que hay que dejar que dure\u201d.<\/p>\n<p>El adolescente no sab\u00eda que lo estaban fotografiando cuando habl\u00f3 con la polic\u00eda frente al Louvre, cerrado tras el robo, seg\u00fan una nota de nuestro medio asociado, Deutsche Welle.<\/p>\n<p>Su imagen, apodada en internet <strong>como \u201cFedora Man\u201d por su sombrero, traje de tres piezas y abrigo, lo convirti\u00f3 en un s\u00edmbolo del misterio cl\u00e1sico.<\/strong> La foto acumul\u00f3 millones de vistas y comentarios, como el de un usuario en X que brome\u00f3: \u201cEl detective con mayor aspecto de detective que jam\u00e1s haya detectado\u201d.<\/p>\n<p>Pedro y su familia se divirtieron con las teor\u00edas. \u201cEs genial que la gente piense que soy un detective\u201d, dijo a Der Spiegel.<\/p>\n<p>El estilo cl\u00e1sico de un adolescente parisino<\/p>\n<p>En su \u00fanica entrevista presencial,<strong> Garzon Delvaux apareci\u00f3 vestido casi igual que en la famosa imagen: sombrero fedora, chaleco Yves Saint Laurent prestado por su padre<\/strong>, chaqueta elegida por su madre, corbata impecable, pantalones Tommy Hilfiger y un reloj ruso restaurado.<\/p>\n<p>Der Spiegel dio con \u00e9l a trav\u00e9s de su Instagram, donde ya cultivaba una est\u00e9tica inspirada en los a\u00f1os 40. Associated Press confirm\u00f3 su identidad el domingo. Aunque disfruta de la atenci\u00f3n, asegura que no tiene planes para aprovechar sus \u201c15 minutos de fama\u201d.<\/p>\n<p>Su atuendo, explic\u00f3, no era un disfraz, sino su estilo habitual: le gusta vestirse \u201ccl\u00e1sicamente\u201d. <\/p>\n<p><strong>Su fedora (un tipo de sombrero)<\/strong> es un gui\u00f1o a Jean Moulin, h\u00e9roe de la Resistencia francesa, y solo lo usa en fines de semana, vacaciones o visitas a museos.<\/p>\n<p>En su escuela sin uniforme, su elegancia ha empezado a contagiar. \u201cUno de mis amigos vino esta semana con corbata\u201d, coment\u00f3. Pedro entiende por qu\u00e9 la gente imagin\u00f3 un detective de pel\u00edcula: \u201cCuando pasa algo inusual, no imaginas a alguien normal, imaginas a alguien diferente\u201d.<\/p>\n<p><img decoding=\"async\" loading=\"lazy\" src=\"https:\/\/www.europesays.com\/es\/wp-content\/uploads\/2025\/11\/detective-robo-louvre.jpg\" alt=\"Misterio resuelto: misterioso &quot;detective&quot; de la foto del robo del Louvre era un joven de 15 a\u00f1os\" width=\"1\" height=\"1\" class=\"size-large wp-image-6637110\"\/>DW<\/p>\n<p>\u201cDetective\u201d de la foto del robo del Louvre<\/p>\n<p>La pasi\u00f3n por el arte viene de familia. Su madre, F\u00e9licit\u00e9 Garzon Delvaux, creci\u00f3 en un palacio-museo del siglo XVIII, hija de un curador y una artista. \u201cLa vida sin arte no es vida\u201d, afirma. Para Pedro, los museos y las im\u00e1genes forman parte de su d\u00eda a d\u00eda.<\/p>\n<p>Por eso comprendi\u00f3 el poder de aquella foto: un instante que condens\u00f3 estilo, misterio y azar. Dej\u00f3 que el mito creciera antes de hacerse p\u00fablico, <strong>cambiando su Instagram de privado a p\u00fablico. \u201cLa gente ten\u00eda que intentar descubrir qui\u00e9n soy\u201d, dijo.<\/strong><\/p>\n<p>Despu\u00e9s llegaron los mensajes de conocidos, familiares y periodistas. \u201cEstaba asombrado de que con una sola foto puedas volverte viral en pocos d\u00edas\u201d, confes\u00f3.<\/p>\n<p>Hoy se lo toma con humor. \u201cEstoy esperando que me contacten para pel\u00edculas\u201d, dice entre risas. <\/p>\n<p>En una historia de robo y confusi\u00f3n,<strong> \u201cFedora Man\u201d se convirti\u00f3 en un contrapunto m\u00e1s amable:<\/strong> un adolescente que cree que el arte, el estilo y un buen misterio pertenecen a la vida cotidiana.Corona de la emperatriz Eugenia regresa al Louvre tras espectacular robo<\/p>\n<p>\u201cSoy una estrella\u201d, bromea Pedro, como quien se prueba un sombrero nuevo. \u201cSeguir\u00e9 visti\u00e9ndome as\u00ed. Es mi estilo\u201d.<\/p>\n","protected":false},"excerpt":{"rendered":"Tras semanas de incertidumbre se resolvi\u00f3 el misterio en torno a la fotograf\u00eda de un joven elegantemente vestido&hellip;\n","protected":false},"author":2,"featured_media":233399,"comment_status":"","ping_status":"","sticky":false,"template":"","format":"standard","meta":{"footnotes":""},"categories":[173],"tags":[60829,229,233,231,230,60830,232,60831,234,29582,60832,146,147,25,24,60833,14267,6040,14606,59802,244,60834,24705,10161,4536,1928,4016,9212,6670,10691,3873,4759,59804,753,7561,10140,60835,23,4619],"class_list":{"0":"post-233398","1":"post","2":"type-post","3":"status-publish","4":"format-standard","5":"has-post-thumbnail","7":"category-arte-y-diseno","8":"tag-adolescente-parisino","9":"tag-arte","10":"tag-arte-y-diseno","11":"tag-arts","12":"tag-arts-and-design","13":"tag-contrapunto-amable","14":"tag-design","15":"tag-detective-clasico","16":"tag-diseno","17":"tag-elegancia","18":"tag-emperatriz-eugenia","19":"tag-entertainment","20":"tag-entretenimiento","21":"tag-es","22":"tag-espana","23":"tag-estilo-clasico","24":"tag-estrella","25":"tag-estudiante","26":"tag-fama","27":"tag-fedora-man","28":"tag-fotografia","29":"tag-hercule-poirot","30":"tag-humor","31":"tag-incertidumbre","32":"tag-instagram","33":"tag-joven","34":"tag-joyas","35":"tag-louvre","36":"tag-misterio","37":"tag-mito","38":"tag-museos","39":"tag-paris","40":"tag-pedro-elias-garzon-delvaux","41":"tag-peliculas","42":"tag-robo","43":"tag-seleccion-tendencias","44":"tag-sherlock-holmes","45":"tag-spain","46":"tag-viral"},"share_on_mastodon":{"url":"","error":"Validation failed: Text character limit of 500 exceeded"},"_links":{"self":[{"href":"https:\/\/www.europesays.com\/es\/wp-json\/wp\/v2\/posts\/233398","targetHints":{"allow":["GET"]}}],"collection":[{"href":"https:\/\/www.europesays.com\/es\/wp-json\/wp\/v2\/posts"}],"about":[{"href":"https:\/\/www.europesays.com\/es\/wp-json\/wp\/v2\/types\/post"}],"author":[{"embeddable":true,"href":"https:\/\/www.europesays.com\/es\/wp-json\/wp\/v2\/users\/2"}],"replies":[{"embeddable":true,"href":"https:\/\/www.europesays.com\/es\/wp-json\/wp\/v2\/comments?post=233398"}],"version-history":[{"count":0,"href":"https:\/\/www.europesays.com\/es\/wp-json\/wp\/v2\/posts\/233398\/revisions"}],"wp:featuredmedia":[{"embeddable":true,"href":"https:\/\/www.europesays.com\/es\/wp-json\/wp\/v2\/media\/233399"}],"wp:attachment":[{"href":"https:\/\/www.europesays.com\/es\/wp-json\/wp\/v2\/media?parent=233398"}],"wp:term":[{"taxonomy":"category","embeddable":true,"href":"https:\/\/www.europesays.com\/es\/wp-json\/wp\/v2\/categories?post=233398"},{"taxonomy":"post_tag","embeddable":true,"href":"https:\/\/www.europesays.com\/es\/wp-json\/wp\/v2\/tags?post=233398"}],"curies":[{"name":"wp","href":"https:\/\/api.w.org\/{rel}","templated":true}]}}