{"id":233429,"date":"2025-11-13T09:09:10","date_gmt":"2025-11-13T09:09:10","guid":{"rendered":"https:\/\/www.europesays.com\/es\/233429\/"},"modified":"2025-11-13T09:09:10","modified_gmt":"2025-11-13T09:09:10","slug":"santiago-latin-grammy-2025-una-compostelana-aspira-esta-noche-a-traer-a-santiago-un-latin-grammy","status":"publish","type":"post","link":"https:\/\/www.europesays.com\/es\/233429\/","title":{"rendered":"SANTIAGO LATIN GRAMMY 2025 | Una compostelana aspira esta noche a traer a Santiago un Latin Grammy"},"content":{"rendered":"<p class=\"ft-text\">Aunque esta noche todas las miradas y, por supuesto, todos los focos de la gala de los <a class=\"ft-link ft-link--decoration\" href=\"https:\/\/www.elcorreogallego.es\/tags\/grammy-latinos\/\" target=\"_blank\" rel=\"nofollow noopener\"><strong>Latin Grammy 2025<\/strong><\/a>, que se celebrar\u00e1 en el <strong>MGM Grand Garden Arena de Las Vegas (EEUU)<\/strong>, estar\u00e1n puestos en artistas como <a class=\"ft-link ft-link--decoration\" href=\"https:\/\/www.elcorreogallego.es\/tags\/bad-bunny\/\" target=\"_blank\" rel=\"nofollow noopener\"><strong>Bad Bunny<\/strong><\/a>, que lidera las nominaciones de la edici\u00f3n n\u00famero 26 de los galardones de la <strong>Academia Latina de la Grabaci\u00f3n<\/strong> con 12 candidaturas, <a class=\"ft-link ft-link--decoration\" href=\"https:\/\/www.elcorreogallego.es\/tags\/enrique-bunbury\/\" target=\"_blank\" rel=\"nofollow noopener\"><strong>Bunbury<\/strong><\/a>, que recibir\u00e1 el galard\u00f3n a la Excelencia Musical por su impecable trayectoria, o <a class=\"ft-link ft-link--decoration\" href=\"https:\/\/www.elcorreogallego.es\/tags\/raphael\/\" target=\"_blank\" rel=\"nofollow noopener\"><strong>Raphael<\/strong><\/a>, que recibir\u00e1 uno de los grandes premios de la noche, como lo es el de Persona del A\u00f1o, lo cierto es que, entre la larga lista de nominados, se encuentra una <a class=\"ft-link ft-link--decoration\" href=\"https:\/\/www.elcorreogallego.es\/tags\/compostelana\/\" target=\"_blank\" rel=\"nofollow noopener\"><strong>compostelana<\/strong><\/a><strong> <\/strong>dispuesta a hacer historia y alzarse con uno de los famosos gram\u00f3fonos. Su nombre: <a class=\"ft-link ft-link--decoration\" href=\"https:\/\/www.elcorreogallego.es\/santiago\/2025\/09\/18\/premios-latin-grammy-musica-pianista-compostelana-nominaciones-121719619.html\" target=\"_blank\" rel=\"nofollow noopener\"><strong>Isabel Dobarro<\/strong><\/a>.<\/p>\n<p class=\"ft-text\">Nacida en <a class=\"ft-link ft-link--decoration\" href=\"https:\/\/www.elcorreogallego.es\/tags\/santiago\/\" target=\"_blank\" rel=\"nofollow noopener\"><strong>Santiago<\/strong><\/a> en 1992, Dobarro es una de las pianistas espa\u00f1olas con m\u00e1s proyecci\u00f3n internacional de su generaci\u00f3n. Prueba de ello, en 2021 recibi\u00f3 el VIII Premio Mujeres a Seguir en el apartado de Cultura. No ha sido el \u00fanico galard\u00f3n obtenido a lo largo de su carrera musical, la cual compagina con su profesi\u00f3n de abogada. Una trayectoria art\u00edstica que comenz\u00f3 a muy temprana edad, a los tres a\u00f1os. Fue entonces cuando comenz\u00f3 a aprender los entresijos de un instrumento tan complejo como lo es el piano, justo un a\u00f1o antes de dar su primer concierto. De ello tienen mucho la culpa sus padres, que le animaron a dar sus primeros pasos en la m\u00fasica cl\u00e1sica llev\u00e1ndole desde muy peque\u00f1a al <a class=\"ft-link ft-link--decoration\" href=\"https:\/\/www.elcorreogallego.es\/tags\/auditorio-de-galicia\/\" target=\"_blank\" rel=\"nofollow noopener\"><strong>Auditorio de Galicia<\/strong><\/a> a escuchar conciertos.<\/p>\n<p class=\"ft-text\">Desde entonces, <a class=\"ft-link ft-link--decoration\" href=\"https:\/\/www.elcorreogallego.es\/sociedad\/2024\/10\/25\/isabel-dobarro-historicamente-invisibilizado-mujeres-110316017.html\" target=\"_blank\" rel=\"nofollow noopener\"><strong>Dobarro<\/strong><\/a> ha ido ampliando sus conocimientos musicales en el <strong>Real Conservatorio Superior de M\u00fasica de Madrid<\/strong>, donde, en 2010, obtuvo el T\u00edtulo Superior de Piano, y en la <strong>Universidad de Nueva York<\/strong>, en la que, en 2012, finaliz\u00f3 un m\u00e1ster de M\u00fasica mientras mostraba su talento dando recitales en las m\u00e1s prestigiosas salas de conciertos norteamericanas, como Carnegie Hall, Steinway Hall, Yamaha Center, Liederkranz Foundation, Frederick Loewe Theater y Columbia University Faculty House. Tambi\u00e9n fuera de EEUU en lugares como el Moscow Tchaikovsky Conservatory, el Ateneo de Madrid o la Sala Arturo Benedetti Michelangeli, en Bolzano (Italia). Todo ello al mismo tiempo que se gradu\u00f3 en Derecho por la UNED y obtuvo un certificado en Relaciones Internacionales por la Universidad de Harvard.<\/p>\n<p>Visibilizar a las compositoras<\/p>\n<p class=\"ft-text\">A d\u00eda de hoy, <a class=\"ft-link ft-link--decoration\" href=\"https:\/\/www.elcorreogallego.es\/santiago\/2023\/03\/18\/isabel-dobarro-alicia-larrocha-puso-84817136.html\" target=\"_blank\" rel=\"nofollow noopener\"><strong>Isabel Dobarro<\/strong><\/a> ejerce como abogada en <strong>Madrid<\/strong>, pero en paralelo contin\u00faa desarrollando su m\u00fasica, una m\u00fasica muy comprometida con el repertorio de otras compositoras desde que, a sus 19 a\u00f1os, impartiendo clases como profesora en la <strong>Universidad de Nueva York<\/strong>, un alumno le pregunt\u00f3 si no hab\u00eda obras de compositoras que pudiese tocar. Aquella cuesti\u00f3n result\u00f3 ser un shock para ella, no solo porque nunca se la hab\u00eda planteado, sino porque se dio cuenta de hasta qu\u00e9 punto llegaba la invisibilizaci\u00f3n de las mujeres en la m\u00fasica.<\/p>\n<p class=\"ft-text\">Desde ese momento, <strong>Dobarro<\/strong> ha llevado a cabo muchas investigaciones, tanto hist\u00f3ricas como contempor\u00e1neas, las cuales se reflejan a la perfecci\u00f3n en <strong>Kaleidoscope<\/strong> (Naxos-Grand Piano), su primer disco en solitario, el cual fue publicado el pasado a\u00f1o. Con \u00e9l, a pesar de las dudas iniciales, contin\u00faa su labor de dar a conocer a mujeres compositoras y ofrecerles un lugar en la historia.<\/p>\n<p class=\"ft-text\"><strong>Dobarro<\/strong> ten\u00eda mucha confianza en este trabajo, pero, para ella, el resultado final ha superado con creces cualquier cosa que pudiera so\u00f1ar, y es que su primer disco en solitario le permite esta noche so\u00f1ar con alzarse con el <strong>Latin Grammy<\/strong> <strong>en la categor\u00eda de Mejor \u00c1lbum de M\u00fasica Cl\u00e1sica<\/strong>, categor\u00eda en la que fue nominada el pasado mes de septiembre y cuya candidatura le pill\u00f3 comiendo junto a las personas que le han hecho ser quien es a d\u00eda de hoy, su familia, quien sin duda le apoyar\u00e1 en la que ser\u00e1 una de las noches m\u00e1s importantes de su vida.<\/p>\n<p class=\"ft-text\"><strong>Dobarro<\/strong> es consciente de la dificultad de conseguir el famoso gram\u00f3fono, m\u00e1s si cabe teniendo que entre sus competidores se encuentran artistas de talla mundial, pero, gane o pierda, esta compostelana ya se toma su nominaci\u00f3n a los<strong> Latin Grammy<\/strong> como un aut\u00e9ntico premio.<\/p>\n","protected":false},"excerpt":{"rendered":"Aunque esta noche todas las miradas y, por supuesto, todos los focos de la gala de los Latin&hellip;\n","protected":false},"author":2,"featured_media":233430,"comment_status":"","ping_status":"","sticky":false,"template":"","format":"standard","meta":{"footnotes":""},"categories":[170],"tags":[40560,146,147,25,24,2791,17834,60837,60838,184,185,11496,2450,23],"class_list":{"0":"post-233429","1":"post","2":"type-post","3":"status-publish","4":"format-standard","5":"has-post-thumbnail","7":"category-musica","8":"tag-compostelana","9":"tag-entertainment","10":"tag-entretenimiento","11":"tag-es","12":"tag-espana","13":"tag-grammy","14":"tag-grammy-latinos","15":"tag-isabel-dobarro","16":"tag-latin-grammy-2025","17":"tag-music","18":"tag-musica","19":"tag-premios-grammy","20":"tag-santiago","21":"tag-spain"},"share_on_mastodon":{"url":"https:\/\/pubeurope.com\/@es\/115541610552504043","error":""},"_links":{"self":[{"href":"https:\/\/www.europesays.com\/es\/wp-json\/wp\/v2\/posts\/233429","targetHints":{"allow":["GET"]}}],"collection":[{"href":"https:\/\/www.europesays.com\/es\/wp-json\/wp\/v2\/posts"}],"about":[{"href":"https:\/\/www.europesays.com\/es\/wp-json\/wp\/v2\/types\/post"}],"author":[{"embeddable":true,"href":"https:\/\/www.europesays.com\/es\/wp-json\/wp\/v2\/users\/2"}],"replies":[{"embeddable":true,"href":"https:\/\/www.europesays.com\/es\/wp-json\/wp\/v2\/comments?post=233429"}],"version-history":[{"count":0,"href":"https:\/\/www.europesays.com\/es\/wp-json\/wp\/v2\/posts\/233429\/revisions"}],"wp:featuredmedia":[{"embeddable":true,"href":"https:\/\/www.europesays.com\/es\/wp-json\/wp\/v2\/media\/233430"}],"wp:attachment":[{"href":"https:\/\/www.europesays.com\/es\/wp-json\/wp\/v2\/media?parent=233429"}],"wp:term":[{"taxonomy":"category","embeddable":true,"href":"https:\/\/www.europesays.com\/es\/wp-json\/wp\/v2\/categories?post=233429"},{"taxonomy":"post_tag","embeddable":true,"href":"https:\/\/www.europesays.com\/es\/wp-json\/wp\/v2\/tags?post=233429"}],"curies":[{"name":"wp","href":"https:\/\/api.w.org\/{rel}","templated":true}]}}