{"id":233461,"date":"2025-11-13T09:32:12","date_gmt":"2025-11-13T09:32:12","guid":{"rendered":"https:\/\/www.europesays.com\/es\/233461\/"},"modified":"2025-11-13T09:32:12","modified_gmt":"2025-11-13T09:32:12","slug":"la-industria-musical-regala-a-raphael-su-gran-noche-como-persona-del-ano-en-los-latin-grammy","status":"publish","type":"post","link":"https:\/\/www.europesays.com\/es\/233461\/","title":{"rendered":"La industria musical regala a Raphael \u201csu gran noche\u201d como Persona del A\u00f1o en los Latin Grammy"},"content":{"rendered":"<p data-gtm-element-container=\"modulo-texto-link\" class=\"paragraph\">La industria musical latina regal\u00f3 este mi\u00e9rcoles a Raphael \u201csu gran noche\u201d con un recital que rindi\u00f3 homenaje a un espectacular legado de m\u00e1s de 60 a\u00f1os en el que participaron celebridades como Aitana, David Bisbal, Rozal\u00e9n o Pablo L\u00f3pez.\u00a0<\/p>\n<p data-gtm-element-container=\"modulo-texto-link\" class=\"paragraph\">El compositor espa\u00f1ol Enrique Bunbury, al son de la m\u00edtica\u00a0Yo soy aquel, fue el encargado de abrir una gala que aplaud\u00eda y abrazaba al artista de 82 a\u00f1os a trav\u00e9s de un viaje en el tiempo que repas\u00f3 los \u00e9xitos que lo catapultaron a la fama. Desde Caf\u00e9 Quijano al mexicano Car\u00edn Le\u00f3n pasando por la chilena Cami o compa\u00f1eros como Vanesa Mart\u00edn, sobre el escenario se pasearon una veintena de artistas que dieron muestra de su gratitud por la profunda huella que ha dejado por generaciones.<\/p>\n<p data-gtm-element-container=\"modulo-texto-link\" class=\"paragraph\">El artista espa\u00f1ol quiso, por su parte, agradecer a su familia y al p\u00fablico por el apoyo y la entrega a su m\u00fasica antes de concluir la gala cantando\u00a0Qu\u00e9 sabe nadie,\u00a0Como yo te amo\u00a0y, por supuesto, Mi gran noche. \u201cGracias por entender mis canciones, mi arte, por estos a\u00f1os maravillosos. Todo es m\u00edo, y todo me lo voy a llevar. Cuando me vaya esta noche voy a ser el hombre m\u00e1s feliz del mundo, una vez m\u00e1s\u201d, dijo en un discurso.<\/p>\n<p>Raphael, mucho m\u00e1s que una leyenda musical<\/p>\n<p data-gtm-element-container=\"modulo-texto-link\" class=\"paragraph\">Raphael \u201csignifica el milagro de que el escenario cobre vida (&#8230;) perseverancia y amor absoluto, incondicional\u201d, declar\u00f3 a EFE el cantante Pablo L\u00f3pez a su paso por la alfombra roja previa a la gala que se celebra en la ciudad de Las Vegas (EE.UU.). L\u00f3pez, quien ha colaborado con el conocido como &#8216;divo de la balada rom\u00e1ntica&#8217; record\u00f3 una de las an\u00e9cdotas que lo atan a su legado musical. \u201cEn casa siempre le pongo videos de \u00e9l en el a\u00f1o de 1967 en Luxemburgo, por ejemplo, y le digo: \u00bfc\u00f3mo era eso? Y te lo cuenta como si fuera ayer, eso es tremendo\u201d, agreg\u00f3.<\/p>\n<p>La academia considera que\u00a0\u201ces \u00fanico, polifac\u00e9tico y con una resiliencia incre\u00edble\u201d, con un talento que \u201ctrasciende generaciones y fronteras\u201d<\/p>\n<p data-gtm-element-container=\"modulo-texto-link\" class=\"paragraph\">La cantautora Rozal\u00e9n, muy cercana al cantante, destac\u00f3 su impacto no solo en el desarrollo de su carrera, sino tambi\u00e9n en su entorno familiar. Su madre ten\u00eda un p\u00f3ster, mientras que su padre Crist\u00f3bal, quien era sacerdote, \u201cen misa cant\u00f3 &#8216;La canci\u00f3n del tamborilero&#8217; porque se lo hab\u00eda escuchado a un chaval que estaba empezando, que era Rafael\u201d, cont\u00f3 en declaraciones a EFE. uando el artista espa\u00f1ol se hizo famoso \u201cla gente en el pueblo le dec\u00eda que Raphael estaba cantando la canci\u00f3n de Crist\u00f3bal\u201d, agreg\u00f3.<\/p>\n<p>                <img loading=\"lazy\" decoding=\"async\" data-full-src=\"https:\/\/www.lavanguardia.com\/uploads\/2025\/11\/13\/691580c6884fa.jpeg\" alt=\"Horizontal\" width=\"449\" height=\"309\" src=\"https:\/\/www.europesays.com\/es\/wp-content\/uploads\/2025\/11\/691580c6884fa.jpeg\" class=\"lazy\"\/><\/p>\n<p class=\"caption-title \">La actriz venezolana Rosanna Zanetti y el cantante espa\u00f1ol David Bisbal, en la alfombra roja<\/p>\n<p>                    CRISTOBAL HERRERA-ULASHKEVICH \/ EFE<\/p>\n<p data-gtm-element-container=\"modulo-texto-link\" class=\"paragraph\">Rozal\u00e9n homenajea a Raphael junto a artistas como el mexicano Carlos Rivera o el argentino Fito P\u00e1ez, qui\u00e9n a su vez lo defini\u00f3 como \u201cescandaloso y muy simp\u00e1tico. Ten\u00eda mucha personalidad y era muy dram\u00e1tico\u201d, lo que hizo que destacara en sus inicios, dijo a EFE.<\/p>\n<p data-gtm-element-container=\"modulo-texto-link\" class=\"paragraph\">\u201cUna entrega absoluta en cuerpo y alma a las palabras y a las melod\u00edas. Un gran int\u00e9rprete que se entrega, sin duda, con el cuerpo entero\u201d, asever\u00f3 por su parte a EFE la cantante y compositora espa\u00f1ola Silvia P\u00e9rez Cruz, quien tambi\u00e9n le rinde homenaje cantando uno de sus \u00e9xitos.<\/p>\n<p>                <img loading=\"lazy\" decoding=\"async\" data-full-src=\"https:\/\/www.lavanguardia.com\/uploads\/2025\/11\/13\/691580fd9468d.jpeg\" alt=\"Horizontal\" width=\"449\" height=\"299\" src=\"https:\/\/www.europesays.com\/es\/wp-content\/uploads\/2025\/11\/691580fd9468d.jpeg\" class=\"lazy\"\/><\/p>\n<p class=\"caption-title \">Aitana, antes del acto en Las Vegas\u00a0<\/p>\n<p>                    Ronda Churchill \/ Reuters<\/p>\n<p data-gtm-element-container=\"modulo-texto-link\" class=\"paragraph\">Para generaciones m\u00e1s j\u00f3venes como la de Aitana, \u201cRaphael es historia de Espa\u00f1a. Es una leyenda de Espa\u00f1a y del mundo por la forma en la que ten\u00eda y tiene de ponerle alma a todo lo que hace, no solamente con su voz, que es s\u00faper \u00fanica, suya e incre\u00edble, sino con sus gestos\u201d, admiti\u00f3 a EFE.<\/p>\n<p data-gtm-element-container=\"modulo-texto-link\" class=\"paragraph\">El director ejecutivo de la Academia Latina de la Grabaci\u00f3n, Manuel Abud, apunt\u00f3 que la elecci\u00f3n del artista de 82 a\u00f1os como Persona del A\u00f1o se debe a que \u201ces \u00fanico, polifac\u00e9tico y con una resiliencia incre\u00edble\u201d, con un talento que \u201ctrasciende generaciones y fronteras\u201d, reconoci\u00f3 a EFE. \u201cSiempre celebramos la m\u00fasica, yo s\u00e9 que estos son tiempos complicados, pero para nosotros lo importante es celebrar la m\u00fasica y a nuestros creadores\u201d, sentenci\u00f3.<\/p>\n","protected":false},"excerpt":{"rendered":"La industria musical latina regal\u00f3 este mi\u00e9rcoles a Raphael \u201csu gran noche\u201d con un recital que rindi\u00f3 homenaje&hellip;\n","protected":false},"author":2,"featured_media":233462,"comment_status":"","ping_status":"","sticky":false,"template":"","format":"standard","meta":{"footnotes":""},"categories":[170],"tags":[146,147,25,24,184,185,23],"class_list":{"0":"post-233461","1":"post","2":"type-post","3":"status-publish","4":"format-standard","5":"has-post-thumbnail","7":"category-musica","8":"tag-entertainment","9":"tag-entretenimiento","10":"tag-es","11":"tag-espana","12":"tag-music","13":"tag-musica","14":"tag-spain"},"share_on_mastodon":{"url":"https:\/\/pubeurope.com\/@es\/115541701379096422","error":""},"_links":{"self":[{"href":"https:\/\/www.europesays.com\/es\/wp-json\/wp\/v2\/posts\/233461","targetHints":{"allow":["GET"]}}],"collection":[{"href":"https:\/\/www.europesays.com\/es\/wp-json\/wp\/v2\/posts"}],"about":[{"href":"https:\/\/www.europesays.com\/es\/wp-json\/wp\/v2\/types\/post"}],"author":[{"embeddable":true,"href":"https:\/\/www.europesays.com\/es\/wp-json\/wp\/v2\/users\/2"}],"replies":[{"embeddable":true,"href":"https:\/\/www.europesays.com\/es\/wp-json\/wp\/v2\/comments?post=233461"}],"version-history":[{"count":0,"href":"https:\/\/www.europesays.com\/es\/wp-json\/wp\/v2\/posts\/233461\/revisions"}],"wp:featuredmedia":[{"embeddable":true,"href":"https:\/\/www.europesays.com\/es\/wp-json\/wp\/v2\/media\/233462"}],"wp:attachment":[{"href":"https:\/\/www.europesays.com\/es\/wp-json\/wp\/v2\/media?parent=233461"}],"wp:term":[{"taxonomy":"category","embeddable":true,"href":"https:\/\/www.europesays.com\/es\/wp-json\/wp\/v2\/categories?post=233461"},{"taxonomy":"post_tag","embeddable":true,"href":"https:\/\/www.europesays.com\/es\/wp-json\/wp\/v2\/tags?post=233461"}],"curies":[{"name":"wp","href":"https:\/\/api.w.org\/{rel}","templated":true}]}}