{"id":233481,"date":"2025-11-13T09:46:22","date_gmt":"2025-11-13T09:46:22","guid":{"rendered":"https:\/\/www.europesays.com\/es\/233481\/"},"modified":"2025-11-13T09:46:22","modified_gmt":"2025-11-13T09:46:22","slug":"esta-enamorado-alcaraz-esa-pregunta-no-es-para-cualquiera","status":"publish","type":"post","link":"https:\/\/www.europesays.com\/es\/233481\/","title":{"rendered":"\u00bfEst\u00e1 enamorado Alcaraz? Esa pregunta no es para cualquiera"},"content":{"rendered":"<p>Cuando Elena Vesnina le pregunta a <a href=\"https:\/\/www.atptour.com\/en\/players\/carlos-alcaraz\/a0e2\/overview\" rel=\"nofollow noopener\" target=\"_blank\">Carlos Alcaraz<\/a> si su coraz\u00f3n \u201ctiene due\u00f1a\u201d, las reflexiones pueden ser varias. Podr\u00eda pensarse que no le hace mal al tenis hablar un poco de la vida personal, de lo humano y lo divino en vez de insistir tanto en los errores no forzados y en el ranking al que se aspira para final de temporada. Podr\u00eda pensarse que Alcaraz resolvi\u00f3 el tema con velocidad y astucia, con un \u201cest\u00e1 libre\u201d que no daba lugar a repreguntas.<\/p>\n<p>Y podr\u00eda pensarse, tambi\u00e9n, en qu\u00e9 le suceder\u00eda a un periodista de verdad, a alguien que sea un profesional de los medios de comunicaci\u00f3n y no un tenista recientemente retirado, si osara plantear esa pregunta a cualquier jugador o jugadora.<\/p>\n<p>Lo m\u00e1s probable ser\u00eda que se desatara una tormenta, una serie de cr\u00edticas desde los poderes del tenis, seguidas de amenazas de retirarle su credencial. Se pondr\u00eda en duda su capacidad para hacer periodismo, su sentido de la \u00e9tica profesional y personal, adem\u00e1s de recibir un hostigamiento feroz en las redes sociales.<\/p>\n<p>Preguntarle a Alcaraz si est\u00e1 enamorado no es para cualquiera. \u00a1De ninguna manera es algo para los periodistas que cubren habitualmente el tenis!<\/p>\n<p>Faltaba m\u00e1s. Para hacer esa pregunta hay que ser ex tenista, aunque se la haga en el mismo sitio y circunstancia que llevar\u00edan a la lapidaci\u00f3n virtual del periodista que se atreviera con semejante audacia.<\/p>\n<p><img fetchpriority=\"high\" decoding=\"async\" class=\"size-full wp-image-15211\" src=\"https:\/\/www.europesays.com\/es\/wp-content\/uploads\/2025\/11\/Alcraz-Carlos-Turin-2025.jpg\" alt=\"\" width=\"1206\" height=\"672\"\/>Carlos Alcaraz responde a la pregunta de Elena Vesnina \/ CAPTURA DE PANTALLA.<\/p>\n<p>Aunque hay m\u00e1s opciones, adem\u00e1s de Vesnina, ex n\u00famero uno del mundo en dobles y muy querida en sus a\u00f1os en el circuito, para saber si Alcaraz est\u00e1 enamorado, si su coraz\u00f3n tiene due\u00f1a.<\/p>\n<p>La mejor forma de hacerlo es ser influencer. Ser, por ejemplo, uno de los 14 elegidos por la ATP para integrar la \u201cTennis Creators Network\u201d. La \u201cred de creadores de tenis\u201d.<\/p>\n<p>\u00bfQu\u00e9 es eso? La ATP lo explica: \u201cEl programa re\u00fane a una selecci\u00f3n de din\u00e1micos creadores de TikTok de todo el mundo, a quienes se les brinda un acceso sin precedentes al detr\u00e1s de c\u00e1maras de la final de temporada en Tur\u00edn y la oportunidad de conectar a los aficionados con las estrellas m\u00e1s importantes de este deporte\u201d.<\/p>\n<p>Vean lo que se dice: \u201cAcceso detr\u00e1s de escena sin precedentes\u201d para que \u201cdin\u00e1micos\u201d TikTokers \u201cconecten\u201d a sus fans con los jugadores.<\/p>\n<p>Hay una tercera opci\u00f3n, adem\u00e1s de Vesnina y los \u201cdin\u00e1micos\u201d, si se quiere preguntarle a Alcaraz por su estado sentimental: trabajar en Spotify. <a href=\"https:\/\/www.claytenis.com\/portada\/netflix-tenis-no-sabe-que-historia-contar\/\" rel=\"nofollow noopener\" target=\"_blank\">\u00bfSe acuerdan de aquel fracaso de Netflix, \u201cBreak Point\u201d?<\/a><\/p>\n<p>Lo explica, otra vez, muy bien la ATP: \u201cLa ATP se asociar\u00e1 con Spotify para distribuir programaci\u00f3n original sobre tenis que acerque a los aficionados a este deporte (\u2026). Uno de los primeros proyectos ser\u00e1 un documental sobre los entresijos de las Finales Nitto ATP 2025, que se estrenar\u00e1 en diciembre\u201d.<\/p>\n<p>El \u201cdetr\u00e1s de escena\u201d tampoco funciona ya para Morgan Riddle, la novia de Taylor Fritz, que recientemente se quej\u00f3 de que cada vez les es m\u00e1s dif\u00edcil lograr que los torneos le permitan generar \u201ccontenido\u201d, esa palabra que lo que esconde es el desprecio al periodismo.<\/p>\n<p><img loading=\"lazy\" decoding=\"async\" class=\"size-full wp-image-15208\" src=\"https:\/\/www.europesays.com\/es\/wp-content\/uploads\/2025\/11\/Riddle-MorganJPG.jpg\" alt=\"\" width=\"1344\" height=\"867\"\/>Morgan Riddle en el US Open \/ IG<\/p>\n<p>Ser\u00eda injusto, sin embargo, reducir todo a Vesnina, los din\u00e1micos TikTokers y Spotify: la cuarta opci\u00f3n, imbatible, es ser tenista.<\/p>\n<p>Es el caso del argentino Federico Coria, que con su tel\u00e9fono m\u00f3vil graba escenas y declaraciones inalcanzables para cualquier periodista. Lo hace con ingenio y habilidad, lo hace bien. Pero si un periodista quisiera hacer la cuarta parte de lo que \u00e9l hace, ser\u00eda expulsado del circuito sin miramientos.<\/p>\n<p>Hay que aceptarlo: el tenis est\u00e1 en guerra con los periodistas, con aquellos que escriben o hacen radio y no tienen la ventaja de trabajar para un patrocinador importante o para una de las cadenas de televisi\u00f3n que pagan fortunas para que la rueda del tenis se siga moviendo.<\/p>\n<p>Hay torneos en los que el aprecio y el respeto por el periodista a\u00fan se mantiene, es en general el caso de Wimbledon, heredero de una tradici\u00f3n, la brit\u00e1nica, que admira a\u00fan a sus \u201ctennis writers\u201d.<\/p>\n<p>Pero en la gran mayor\u00eda del mundo del tenis, y en buena parte de sus \u00f3rganos rectores, a los periodistas se los aprecia cada vez menos y se los desprecia cada vez m\u00e1s.<\/p>\n<p>\u00bfConsuelo? No es solo algo que suceda en el tenis y, por supuesto, hay responsabilidad del periodismo para que se haya llegado a esta situaci\u00f3n. Pero si el futuro es el de un tenis relatado por influencers y sponsors, el futuro ser\u00e1 el de un tenis peor.<\/p>\n<p>No lo duden. Y no digan despu\u00e9s que no les avisamos.<\/p>\n","protected":false},"excerpt":{"rendered":"Cuando Elena Vesnina le pregunta a Carlos Alcaraz si su coraz\u00f3n \u201ctiene due\u00f1a\u201d, las reflexiones pueden ser varias.&hellip;\n","protected":false},"author":2,"featured_media":233482,"comment_status":"","ping_status":"","sticky":false,"template":"","format":"standard","meta":{"footnotes":""},"categories":[274],"tags":[1691,17145,545,60846,168,60847,25,24,60848,60849,152,23,167,1603,16390,327,326,5889],"class_list":{"0":"post-233481","1":"post","2":"type-post","3":"status-publish","4":"format-standard","5":"has-post-thumbnail","7":"category-tenis","8":"tag-atp","9":"tag-atp-tour","10":"tag-carlos-alcaraz","11":"tag-clay-magazine","12":"tag-deportes","13":"tag-elena-vesnina","14":"tag-es","15":"tag-espana","16":"tag-federico-coria","17":"tag-morgan-riddle","18":"tag-netflix","19":"tag-spain","20":"tag-sports","21":"tag-spotify","22":"tag-taylor-fritz","23":"tag-tenis","24":"tag-tennis","25":"tag-tiktok"},"share_on_mastodon":{"url":"https:\/\/pubeurope.com\/@es\/115541756403814420","error":""},"_links":{"self":[{"href":"https:\/\/www.europesays.com\/es\/wp-json\/wp\/v2\/posts\/233481","targetHints":{"allow":["GET"]}}],"collection":[{"href":"https:\/\/www.europesays.com\/es\/wp-json\/wp\/v2\/posts"}],"about":[{"href":"https:\/\/www.europesays.com\/es\/wp-json\/wp\/v2\/types\/post"}],"author":[{"embeddable":true,"href":"https:\/\/www.europesays.com\/es\/wp-json\/wp\/v2\/users\/2"}],"replies":[{"embeddable":true,"href":"https:\/\/www.europesays.com\/es\/wp-json\/wp\/v2\/comments?post=233481"}],"version-history":[{"count":0,"href":"https:\/\/www.europesays.com\/es\/wp-json\/wp\/v2\/posts\/233481\/revisions"}],"wp:featuredmedia":[{"embeddable":true,"href":"https:\/\/www.europesays.com\/es\/wp-json\/wp\/v2\/media\/233482"}],"wp:attachment":[{"href":"https:\/\/www.europesays.com\/es\/wp-json\/wp\/v2\/media?parent=233481"}],"wp:term":[{"taxonomy":"category","embeddable":true,"href":"https:\/\/www.europesays.com\/es\/wp-json\/wp\/v2\/categories?post=233481"},{"taxonomy":"post_tag","embeddable":true,"href":"https:\/\/www.europesays.com\/es\/wp-json\/wp\/v2\/tags?post=233481"}],"curies":[{"name":"wp","href":"https:\/\/api.w.org\/{rel}","templated":true}]}}