{"id":233491,"date":"2025-11-13T09:54:10","date_gmt":"2025-11-13T09:54:10","guid":{"rendered":"https:\/\/www.europesays.com\/es\/233491\/"},"modified":"2025-11-13T09:54:10","modified_gmt":"2025-11-13T09:54:10","slug":"no-se-si-esto-es-una-broma-macabra","status":"publish","type":"post","link":"https:\/\/www.europesays.com\/es\/233491\/","title":{"rendered":"\u00abNo s\u00e9 si esto es una broma macabra\u00bb"},"content":{"rendered":"<p style=\"\">Estupefacta. As\u00ed se ha quedado<strong> Ana Rosa Quintana<\/strong> esta ma\u00f1ana de jueves cuando atend\u00eda at\u00f3nita a la \u00faltima de<strong> Koldo Gac\u00eda<\/strong>, exasesor de Jos\u00e9 Luis \u00c1balos. Un asombro que no es que lo haya percibido el telespectador a trav\u00e9s de la  &#8230; pantalla de televisi\u00f3n, sino que la propia presentadora de &#8216;<a href=\"https:\/\/www.abc.es\/play\/television\/noticias\/sale-luz-importante-factura-frente-cayetano-rivera-20251112125346-nt.html\" target=\"_self\" data-voc-vtm-id=\"in-text-traffic\" title=\"El programa de Ana Rosa\" data-mrf-link=\"www.abc.es\" rel=\"nofollow noopener\">El programa de Ana Rosa<\/a>&#8216; (Telecinco) lo reconoc\u00eda cuando introduc\u00eda a la audiencia el asunto que ten\u00eda como protagonista, al que fuera hombre de confianza del ministro de Fomento.<\/p>\n<p class=\"voc-p\" style=\"\"><strong>&#8216;El programa de Ana Rosa&#8217;<\/strong> arrancaba como de costumbre con la tertulia de la secci\u00f3n pol\u00edtica, en donde el <strong>fiscal general del Estado<\/strong>, \u00c1lvaro Garc\u00eda Ortiz, se convert\u00eda en el absoluto protagonista de la ma\u00f1ana tras su declaraci\u00f3n y con la \u00faltima jornada del juicio sobre la mesa. <\/p>\n<p class=\"voc-p\" style=\"\">As\u00ed,<strong> Ana Rosa Quintana<\/strong> y los colaboradores del <a href=\"https:\/\/www.abc.es\/play\/television\/noticias\/ana-rosa-quintana-contundente-iniesta-tras-acusado-20251111121850-nt.html\" target=\"_self\" data-voc-vtm-id=\"in-text-traffic\" title=\"matinal\" data-mrf-link=\"www.abc.es\" rel=\"nofollow noopener\">matinal<\/a> de Telecinco estuvieron opinando y analizando cada una de las palabras del fiscal general hasta que la presentadora interrumpi\u00f3 a sus tertulianos para cambiar a un asunto que le pon\u00eda los <strong>pelos de punta<\/strong>.<\/p>\n<p class=\"voc-p\" style=\"\">\u00abA dos semanas de declarar ante el juez, <strong>Koldo<\/strong>, pues est\u00e1 haciendo chistorras para las fiestas patronales de Benidorm\u00bb, informaba <strong>Ana Rosa Quintana<\/strong> completamente estupefacta ante la \u00faltima del exasesor de Jos\u00e9 Luis \u00c1balos. \u00abNo s\u00e9 si esto es una una broma macabra o qu\u00e9 es\u00bb, manifestaba at\u00f3nita la presentadora de &#8216;<a href=\"https:\/\/www.abc.es\/play\/television\/noticias\/ana-rosa-quintana-despacha-gusto-pedro-sanchez-20251111102727-nt.html\" target=\"_self\" data-voc-vtm-id=\"in-text-traffic\" title=\"El programa de Ana Rosa&#039;\" data-mrf-link=\"www.abc.es\" rel=\"nofollow noopener\">El programa de Ana Rosa&#8217;<\/a> antes de mostrar un v\u00eddeo en el que se ve\u00eda Garc\u00eda en modo chef.<\/p>\n<p class=\"voc-p\" style=\"\">\u00abMarchando dos huevitos, con chistorra y panceta rica\u00bb, dec\u00eda <strong>Koldo Garc\u00eda<\/strong> en el v\u00eddeo que cuestionaba el matinal de Telecinco. \u00bf<strong>Provocaci\u00f3n<\/strong>, parodia o juego inocente?\u00bb, se preguntaba &#8216;<a href=\"https:\/\/www.abc.es\/play\/television\/noticias\/ana-rosa-quintana-reacciona-rotunda-frase-accidente-20251110112710-nt.html\" target=\"_self\" data-voc-vtm-id=\"in-text-traffic\" title=\"El programa de Ana Rosa\" data-mrf-link=\"www.abc.es\" rel=\"nofollow noopener\">El programa de Ana Rosa<\/a>&#8216;.<\/p>\n<p class=\"voc-p\" style=\"\">Un v\u00eddeo que una vez visualizado,  <strong>Ana Rosa Quintana<\/strong> no dud\u00f3 en sentenciar. \u00abEs muy natural\u00bb, indic\u00f3 con sorna la presentadora del espacio de Mediaset que zanjaba la \u00faltima de<strong> Koldo Garc\u00eda<\/strong> de manera rotunda. \u00abEs que no llego a entenderlo, es que ya hay cosas que no entiendo\u00bb, finalizaba la comunicadora.<\/p>\n","protected":false},"excerpt":{"rendered":"Estupefacta. As\u00ed se ha quedado Ana Rosa Quintana esta ma\u00f1ana de jueves cuando atend\u00eda at\u00f3nita a la \u00faltima&hellip;\n","protected":false},"author":2,"featured_media":233492,"comment_status":"","ping_status":"","sticky":false,"template":"","format":"standard","meta":{"footnotes":""},"categories":[171],"tags":[683,26417,146,147,25,24,60851,3142,4164,26439,27011,2465,23,575,214,1885],"class_list":{"0":"post-233491","1":"post","2":"type-post","3":"status-publish","4":"format-standard","5":"has-post-thumbnail","7":"category-tv","8":"tag-ana","9":"tag-broma","10":"tag-entertainment","11":"tag-entretenimiento","12":"tag-es","13":"tag-espana","14":"tag-estupefacta","15":"tag-garcia","16":"tag-koldo","17":"tag-macabra","18":"tag-quintana","19":"tag-rosa","20":"tag-spain","21":"tag-tras","22":"tag-tv","23":"tag-ultima"},"share_on_mastodon":{"url":"https:\/\/pubeurope.com\/@es\/115541787766659901","error":""},"_links":{"self":[{"href":"https:\/\/www.europesays.com\/es\/wp-json\/wp\/v2\/posts\/233491","targetHints":{"allow":["GET"]}}],"collection":[{"href":"https:\/\/www.europesays.com\/es\/wp-json\/wp\/v2\/posts"}],"about":[{"href":"https:\/\/www.europesays.com\/es\/wp-json\/wp\/v2\/types\/post"}],"author":[{"embeddable":true,"href":"https:\/\/www.europesays.com\/es\/wp-json\/wp\/v2\/users\/2"}],"replies":[{"embeddable":true,"href":"https:\/\/www.europesays.com\/es\/wp-json\/wp\/v2\/comments?post=233491"}],"version-history":[{"count":0,"href":"https:\/\/www.europesays.com\/es\/wp-json\/wp\/v2\/posts\/233491\/revisions"}],"wp:featuredmedia":[{"embeddable":true,"href":"https:\/\/www.europesays.com\/es\/wp-json\/wp\/v2\/media\/233492"}],"wp:attachment":[{"href":"https:\/\/www.europesays.com\/es\/wp-json\/wp\/v2\/media?parent=233491"}],"wp:term":[{"taxonomy":"category","embeddable":true,"href":"https:\/\/www.europesays.com\/es\/wp-json\/wp\/v2\/categories?post=233491"},{"taxonomy":"post_tag","embeddable":true,"href":"https:\/\/www.europesays.com\/es\/wp-json\/wp\/v2\/tags?post=233491"}],"curies":[{"name":"wp","href":"https:\/\/api.w.org\/{rel}","templated":true}]}}