{"id":233507,"date":"2025-11-13T10:02:10","date_gmt":"2025-11-13T10:02:10","guid":{"rendered":"https:\/\/www.europesays.com\/es\/233507\/"},"modified":"2025-11-13T10:02:10","modified_gmt":"2025-11-13T10:02:10","slug":"las-comunidades-indigenas-piden-en-la-cop-una-transicion-justa-y-no-convertirse-en-zona-de-sacrificio-america-futura","status":"publish","type":"post","link":"https:\/\/www.europesays.com\/es\/233507\/","title":{"rendered":"Las comunidades ind\u00edgenas piden en la COP una transici\u00f3n justa y no convertirse en zona de sacrificio | Am\u00e9rica Futura"},"content":{"rendered":"<p class=\"\">EL PA\u00cdS ofrece en abierto la secci\u00f3n Am\u00e9rica Futura por su aporte informativo diario y global sobre desarrollo sostenible. Si quieres apoyar nuestro periodismo, suscr\u00edbete <a href=\"https:\/\/elpais.com\/suscripciones\/digital\/11-euros-105-euros\/?prm=mrf-redirect#\/campaign?prm=mrf-redirect\" rel=\"nofollow noopener\" target=\"_blank\">aqu\u00ed<\/a>.<\/p>\n<p class=\"\">Una fila de personas aguardaba en la cima de la isla Yarina, en Per\u00fa, la llegada de la flotilla amaz\u00f3nica. Desde el barco, se los ve\u00eda como una peque\u00f1a hilera. Pero, mientras se acercaban, los mensajes que sosten\u00edan, cada vez cobraban m\u00e1s sentido. \u201cTransici\u00f3n energ\u00e9tica justa y vinculante\u201d; \u201csin justicia racial no hay justicia clim\u00e1tica\u201d; y \u201clos planes de transici\u00f3n energ\u00e9tica deben respetar derechos y territorios de pueblos ind\u00edgenas\u201d, se le\u00eda en los carteles que alzaban adultos y ni\u00f1os de esta comunidad kichwa. Las palabras reflejan las demandas que deseaban que la <a href=\"https:\/\/elpais.com\/america-futura\/2025-10-18\/zarpa-la-flotilla-indigena-3000-kilometros-por-el-amazonas-para-llevar-la-voz-de-sus-pueblos-a-la-cop30.html\" target=\"_self\" rel=\"nofollow noopener\" title=\"https:\/\/elpais.com\/america-futura\/2025-10-18\/zarpa-la-flotilla-indigena-3000-kilometros-por-el-amazonas-para-llevar-la-voz-de-sus-pueblos-a-la-cop30.html\">flotilla ind\u00edgena que naveg\u00f3 el Amazonas<\/a> llevara a su destino: la Conferencia de las Partes de las Naciones Unidas sobre Cambio Clim\u00e1tico (COP30). <\/p>\n<p class=\"\">La exigencia de una transici\u00f3n energ\u00e9tica justa, que es uno de los focos principales de las negociaciones de este a\u00f1o, fue parte de las conversaciones en cada parada de la traves\u00eda de m\u00e1s de 3.000 kil\u00f3metros de los l\u00edderes ind\u00edgenas desde Ecuador hasta Brasil. Este domingo, en su llegada a Bel\u00e9m para participar de las negociaciones, los m\u00e1s de 70 representantes de la cuenca amaz\u00f3nica reforzaron su intenci\u00f3n: \u201cLa Amazonia <a href=\"https:\/\/elpais.com\/america-futura\/2025-11-12\/una-protesta-indigena-irrumpe-en-la-sede-de-la-cop30-nuestra-tierra-no-esta-en-venta.html\" target=\"_self\" rel=\"nofollow noopener\" title=\"https:\/\/elpais.com\/america-futura\/2025-11-12\/una-protesta-indigena-irrumpe-en-la-sede-de-la-cop30-nuestra-tierra-no-esta-en-venta.html\">no es un recurso para explotar<\/a>\u201d. As\u00ed lo dec\u00eda Leo Cerda, l\u00edder kichwa y uno de los voceros de la flotilla frente a medios de comunicaci\u00f3n que fueron a recibirlos. \u201cNo podemos hablar de transici\u00f3n energ\u00e9tica justa, mientras abren nuevas zonas de sacrificio en nuestros territorios\u201d, a\u00f1adi\u00f3.<\/p>\n<p class=\"\">A dos a\u00f1os de que se reconociera la necesidad de transicionar lejos de los combustibles f\u00f3siles en el primer balance mundial, que evalu\u00f3 el avance del Acuerdo de Par\u00eds, y que los pa\u00edses se comprometieran a triplicar la capacidad de sus energ\u00edas renovables al 2030, a\u00fan no hay acciones concretas para disminuir o eliminar la dependencia del petr\u00f3leo en la regi\u00f3n. A esto se suma la extracci\u00f3n de los conocidos como minerales de transici\u00f3n y la ampliaci\u00f3n de proyectos de energ\u00edas renovables, en muchos casos, sin el consentimiento previo de las comunidades afectadas.<\/p>\n<p><img decoding=\"auto\" class=\"_re lazyload a_m-h\" height=\"276\"  width=\"414\"  src=\"https:\/\/www.europesays.com\/es\/wp-content\/uploads\/2025\/11\/I6FJ2YDCMVNYDN7QNTDOAFNZ4A.jpg\" loading=\"lazy\"\/>Embarcaci\u00f3n de la flotilla Yaku Mama lleg\u00f3 a Bel\u00e9m (Brasil), el 9 de noviembre.<br \/>\nAntonio Lacerda (EFE)Transici\u00f3n con f\u00f3siles <\/p>\n<p class=\"\">\u201cLo que estamos viendo hoy no es una transici\u00f3n, sino una expansi\u00f3n energ\u00e9tica. Se habla de energ\u00edas limpias, pero al mismo tiempo <a href=\"https:\/\/elpais.com\/america-futura\/2025-11-08\/ailton-krenak-explotar-petroleo-en-la-desembocadura-del-amazonas-nos-lleva-a-la-distopia-a-un-punto-de-no-retorno.html#?rel=mas\" target=\"_self\" rel=\"nofollow noopener\" title=\"https:\/\/elpais.com\/america-futura\/2025-11-08\/ailton-krenak-explotar-petroleo-en-la-desembocadura-del-amazonas-nos-lleva-a-la-distopia-a-un-punto-de-no-retorno.html#?rel=mas\">se perfora m\u00e1s petr\u00f3leo,<\/a> se abre nueva miner\u00eda con minerales de transici\u00f3n y se imponen megaproyectos renovables sin consentimiento. Cambia el discurso, pero no cambia la estructura\u201d, explica Nadino Calapucha, presidente de Tu Amazon\u00eda y uno de los representantes kichwa que viaj\u00f3 en la flotilla. <\/p>\n<p class=\"\">Durante la traves\u00eda, Calapucha fue uno de los encargados de promover actividades para reflexionar sobre el verdadero significado de esta transici\u00f3n para los pueblos ind\u00edgenas y ahora, ya en Bel\u00e9m, participar\u00e1 en eventos sobre la crisis clim\u00e1tica y la expansi\u00f3n de la frontera petrolera, especialmente en Ecuador. <\/p>\n<p class=\"\">En este pa\u00eds, se anunci\u00f3 la apertura de dos rondas petroleras a partir de finales del 2025 en la Amazonia. La primera es la Subandina y la segunda es la Suroriente, donde Gobiernos anteriores ya han intentado abrirla en el pasado sin \u00e9xito. Seg\u00fan la organizaci\u00f3n Amazon Frontlines, estas afectan a m\u00e1s de 3,5 millones de hect\u00e1reas de selva. La COP30 tambi\u00e9n coincide con la Consulta Popular de Ecuador en la que se incluye una pregunta sobre la instalaci\u00f3n de una Asamblea Constituyente para elaborar una nueva Constituci\u00f3n. <\/p>\n<p class=\"\">Seg\u00fan Mar\u00eda Daniela Conde, viceministra de Hidrocarburos, durante el XX Encuentro Anual de Petr\u00f3leo y Gas, con esta Asamblea Constituyente no habr\u00e1 \u201cuna nueva ley hidrocarbur\u00edfera, sino un marco de la Constituci\u00f3n que permita inversi\u00f3n adecuada y estrategia de eficiencia\u201d para el sector petrolero. Esta consulta ha sido una de las preocupaciones de la flotilla a lo largo del viaje.<\/p>\n<p class=\"\">Las intenciones de Ecuador no son un hecho aislado en la regi\u00f3n. Mientras Calapucha daba un taller sobre el rol que tendr\u00e1 la eliminaci\u00f3n del petr\u00f3leo en la COP30, durante el recorrido de la flotilla, a la delegaci\u00f3n brasile\u00f1a le avisaban que su Gobierno hab\u00eda autorizado la <a href=\"https:\/\/elpais.com\/america-futura\/2025-11-08\/ailton-krenak-explotar-petroleo-en-la-desembocadura-del-amazonas-nos-lleva-a-la-distopia-a-un-punto-de-no-retorno.html#?rel=mas\" target=\"_self\" rel=\"nofollow noopener\" title=\"https:\/\/elpais.com\/america-futura\/2025-11-08\/ailton-krenak-explotar-petroleo-en-la-desembocadura-del-amazonas-nos-lleva-a-la-distopia-a-un-punto-de-no-retorno.html#?rel=mas\">explotaci\u00f3n petrolera en la desembocadura del Amazonas<\/a>. Un estudio reciente de <a href=\"https:\/\/earth-insight.org\/report\/iplc-threats\/\" target=\"_blank\" rel=\"nofollow noopener\" title=\"https:\/\/earth-insight.org\/report\/iplc-threats\/\">Earth Insight <\/a>revela que 31 millones de hect\u00e1reas de territorios ind\u00edgenas y de comunidades locales en la Amazonia se sobreponen con bloques de petr\u00f3leo y gas. <\/p>\n<p><img decoding=\"auto\" class=\"_re lazyload a_m-h\" height=\"276\"  width=\"414\"  src=\"https:\/\/www.europesays.com\/es\/wp-content\/uploads\/2025\/11\/6FR7SA2B7NLV5KHH6MDLWFGHGY.jpg\" loading=\"lazy\"\/>Miembros de la flotilla Yaku Mama proveniente de Ecuador, en Bel\u00e9m, el 9 de noviembre.Antonio Lacerda (EFE)<\/p>\n<p class=\"\">A pesar de que en el Balance Mundial de la COP28 se reconoci\u00f3 la necesidad de transicionar lejos de los f\u00f3siles para detener el aumento de la temperatura en el planeta, los nuevos compromisos clim\u00e1ticos, conocidos como Contribuciones Determinadas a Nivel Nacional (NDC), a\u00fan fallan en mencionar c\u00f3mo llevar\u00e1n a cabo este proceso. En el caso de Ecuador, por ejemplo, no se menciona la eliminaci\u00f3n o reducci\u00f3n de la dependencia en el petr\u00f3leo como parte de sus estrategias. <\/p>\n<p class=\"\">\u201cHa sido dif\u00edcil incluir este tema en las NDC de la regi\u00f3n porque varias de nuestras econom\u00edas son dependientes de todo lo que est\u00e1 detr\u00e1s de los combustibles f\u00f3siles\u201d, explica Andr\u00e9s Mogro, coordinador program\u00e1tico en los programas de Agua y Clima en Fundaci\u00f3n Avina. Para el especialista, todav\u00eda hay una contradicci\u00f3n de estos pa\u00edses entre luchar contra el cambio clim\u00e1tico y la negativa a descarbonizar los sectores que m\u00e1s dependen de los combustibles f\u00f3siles, como es el transporte. <\/p>\n<p>Expansi\u00f3n no consentida <\/p>\n<p class=\"\">A diferencia de las escasas menciones al petr\u00f3leo, las estrategias que recurren a la ampliaci\u00f3n de las energ\u00edas limpias son comunes en los seis pa\u00edses amaz\u00f3nicos que ya presentaron sus nuevos compromisos clim\u00e1ticos. \u201cNo se trata solo de cambiar de fuente, como pasar del petr\u00f3leo o el gas a la energ\u00eda solar o e\u00f3lica, sino de transformar el modelo que la sostiene: qui\u00e9n decide, qui\u00e9n se beneficia y qui\u00e9n asume los costos\u201d, afirma Calapucha. Entre las demandas de la flotilla consta el reemplazo de un tipo de extractivismo por otro. El mismo estudio de Earth Insight revela que 9,8 millones de hect\u00e1reas de territorios ind\u00edgenas amaz\u00f3nicos se sobreponen con concesiones mineras. <\/p>\n<p class=\"\">\u201cHoy vemos proyectos de energ\u00eda renovable instal\u00e1ndose en tierras ind\u00edgenas sin consentimiento, repitiendo los mismos patrones de despojo del modelo f\u00f3sil\u201d, suma el representante kichwa. Una de las personas que conoce este problema es Jessica Grefa, del pueblo de Santa Clara y representante del colectivo Piatua Resiste. Este movimiento se form\u00f3 tras la llegada de un proyecto hidroel\u00e9ctrico que buscaba instalarse en su territorio, en la Amazonia ecuatoriana. <\/p>\n<p><img decoding=\"auto\" class=\"_re lazyload a_m-h\" height=\"276\"  width=\"414\"  src=\"https:\/\/www.europesays.com\/es\/wp-content\/uploads\/2025\/11\/GQXWVLCMAZCP5FYFGFD3SDWWDQ.jpg\" loading=\"lazy\"\/>Nadino Calapucha en la Reuni\u00f3n Anual de la Asamblea de Gobernadores del BID, en Punta Cana (Rep. Dom.) el 6 de marzo de 2024.CHELO CAMACHO<\/p>\n<p class=\"\">La comunidad denunci\u00f3 que el Ministerio del Ambiente hab\u00eda omitido los procesos de consulta previa, libre e informada para autorizar el proyecto que pretend\u00eda instalarse en el r\u00edo Piat\u00faa, considerado uno de sus sitios sagrados. En 2019, interpusieron una acci\u00f3n de protecci\u00f3n y la justicia les dio la raz\u00f3n. Se suspendi\u00f3 el proyecto y se declar\u00f3 la vulneraci\u00f3n de los derechos de las comunidades y del r\u00edo. <\/p>\n<p class=\"\">Ahora, los representantes de la flotilla buscan que sus demandas sean consideradas en el Programa de Trabajo de Transici\u00f3n Justa. Entre los pedidos consta establecer los plazos para la eliminaci\u00f3n de los combustibles f\u00f3siles de manera justa, equitativa y ordenada. Para Mogro, este punto es crucial, ya que no hay un plan ante los impactos en la fuerza laboral. \u201cHay mercado en el sector de energ\u00eda renovable, solar, e\u00f3lica y m\u00e1s, pero los que est\u00e1n trabajando en el sector f\u00f3sil no tienen la preparaci\u00f3n para entrar a estos otros sectores. No hay una planificaci\u00f3n que incluya a las personas que dependen de un sector que deber\u00eda dejar de existir\u201d, a\u00f1ade. <\/p>\n<p class=\"\">Por otro lado, entre las demandas de pueblos ind\u00edgenas tambi\u00e9n est\u00e1 el financiamiento directo y el reconocimiento de zonas de exclusi\u00f3n o No Go Zones en territorios donde ya han decidido no permitir actividades extractivas, especialmente donde habitan los Pueblos Ind\u00edgenas en Aislamiento y Contacto Inicial (PIACI), ya que all\u00ed no existe la posibilidad de obtener un consentimiento. <\/p>\n<p class=\"\">Para Calapucha, en estas dos semanas que dura la COP30, \u201cest\u00e1 en juego si los Gobiernos tendr\u00e1n la valent\u00eda de poner fin a la era f\u00f3sil y asumir una transici\u00f3n verdaderamente justa, o si la transici\u00f3n seguir\u00e1 siendo un discurso vac\u00edo y no una soluci\u00f3n real\u201d.<\/p>\n","protected":false},"excerpt":{"rendered":"EL PA\u00cdS ofrece en abierto la secci\u00f3n Am\u00e9rica Futura por su aporte informativo diario y global sobre desarrollo&hellip;\n","protected":false},"author":2,"featured_media":233508,"comment_status":"","ping_status":"","sticky":false,"template":"","format":"standard","meta":{"footnotes":""},"categories":[42],"tags":[889,3216,17,18,1295,57271,11745,18781,2622,13,14,11,13937,61,62,63,64,19,20,6688,9,10,15,16,12,60852,21,22,65,66,67],"class_list":{"0":"post-233507","1":"post","2":"type-post","3":"status-publish","4":"format-standard","5":"has-post-thumbnail","7":"category-internacional","8":"tag-america","9":"tag-brasil","10":"tag-breaking-news","11":"tag-breakingnews","12":"tag-cambio-climatico","13":"tag-cop30-cambio-climatico","14":"tag-desarrollo-sostenible","15":"tag-economia-sostenible","16":"tag-ecuador","17":"tag-featured-news","18":"tag-featurednews","19":"tag-headlines","20":"tag-indigenas","21":"tag-internacional","22":"tag-international","23":"tag-international-news","24":"tag-internationalnews","25":"tag-latest-news","26":"tag-latestnews","27":"tag-medio-ambiente","28":"tag-news","29":"tag-noticias","30":"tag-noticias-destacadas","31":"tag-noticiasdestacadas","32":"tag-titulares","33":"tag-transicion-justa","34":"tag-ultimas-noticias","35":"tag-ultimasnoticias","36":"tag-world","37":"tag-world-news","38":"tag-worldnews"},"share_on_mastodon":{"url":"","error":"Validation failed: Text character limit of 500 exceeded"},"_links":{"self":[{"href":"https:\/\/www.europesays.com\/es\/wp-json\/wp\/v2\/posts\/233507","targetHints":{"allow":["GET"]}}],"collection":[{"href":"https:\/\/www.europesays.com\/es\/wp-json\/wp\/v2\/posts"}],"about":[{"href":"https:\/\/www.europesays.com\/es\/wp-json\/wp\/v2\/types\/post"}],"author":[{"embeddable":true,"href":"https:\/\/www.europesays.com\/es\/wp-json\/wp\/v2\/users\/2"}],"replies":[{"embeddable":true,"href":"https:\/\/www.europesays.com\/es\/wp-json\/wp\/v2\/comments?post=233507"}],"version-history":[{"count":0,"href":"https:\/\/www.europesays.com\/es\/wp-json\/wp\/v2\/posts\/233507\/revisions"}],"wp:featuredmedia":[{"embeddable":true,"href":"https:\/\/www.europesays.com\/es\/wp-json\/wp\/v2\/media\/233508"}],"wp:attachment":[{"href":"https:\/\/www.europesays.com\/es\/wp-json\/wp\/v2\/media?parent=233507"}],"wp:term":[{"taxonomy":"category","embeddable":true,"href":"https:\/\/www.europesays.com\/es\/wp-json\/wp\/v2\/categories?post=233507"},{"taxonomy":"post_tag","embeddable":true,"href":"https:\/\/www.europesays.com\/es\/wp-json\/wp\/v2\/tags?post=233507"}],"curies":[{"name":"wp","href":"https:\/\/api.w.org\/{rel}","templated":true}]}}