{"id":233521,"date":"2025-11-13T10:15:20","date_gmt":"2025-11-13T10:15:20","guid":{"rendered":"https:\/\/www.europesays.com\/es\/233521\/"},"modified":"2025-11-13T10:15:20","modified_gmt":"2025-11-13T10:15:20","slug":"asi-es-el-salense-marcos-ortas","status":"publish","type":"post","link":"https:\/\/www.europesays.com\/es\/233521\/","title":{"rendered":"as\u00ed es el salense Marcos Ortas"},"content":{"rendered":"<p class=\"ft-text\">Nervios, muchos nervios pero a\u00fan m\u00e1s ganas. As\u00ed es como se sent\u00eda Marcos Ortas, de 22 a\u00f1os, antes de su debut este viernes a las 19.00 horas en el Centro Cultural de su Salas natal con <strong>su primera exposici\u00f3n \u00abSanto del abismo\u00bb, una muestra que recoge trabajos que el joven artista salense ha realizado desde el a\u00f1o 2023<\/strong> y en el que la religi\u00f3n, lo divino y la mitolog\u00eda ejercen como met\u00e1foras para hablar del mundo que rodea a las personas y a sus problemas particulares pero, tambi\u00e9n, de los hechos que sacuden la actualidad.<\/p>\n<p class=\"ft-text\">El cine y la pintura son los principales lenguajes de este joven artista salense cuyo objetivo es aprobar la prueba de acceso a la universidad para cursar Bellas Artes, posiblemente en Salamanca. Tiempo atr\u00e1s ya tuvo contacto con los estudios art\u00edsticos superiores. Fue como estudiante de teatro en la Escuela Superior de Arte Dram\u00e1tico (ESAD) de Gij\u00f3n, pero no cuaj\u00f3 y decidi\u00f3 \u00abvolver a los or\u00edgenes\u00bb, que en su caso era \u00abgarabatear\u00bb constantemente las libretas durante las horas de colegio. Ahora, a\u00f1os despu\u00e9s, \u00abOrtttas\u00bb, tal y como reza el cartel de su exposici\u00f3n, ver\u00e1 los frutos de un gran esfuerzo como autodidacta, aunque tal y como \u00e9l mismo reconoci\u00f3, la muestra ha sido posible gracias al apoyo que ha recibido por parte de otros artistas, como Carolina Larrama o Pablo de Lillo.<\/p>\n<p><img decoding=\"async\" src=\"https:\/\/www.europesays.com\/es\/wp-content\/uploads\/2025\/11\/52070c8d-394b-4bfd-a83d-c2d1123d4532_alta-libre-aspect-ratio_default_0.jpg\" width=\"1200\" height=\"848\" alt=\"una de las obras del artista salense\" class=\"ft-helper-img-rd\" loading=\"lazy\"\/><\/p>\n<p class=\"ft-helper-fontColor-quaternary ft-helper-fontSize-body-S ft-helper-spacer-t-xxs\">una de las obras del artista salense  \/ M. O.<\/p>\n<p class=\"ft-text\">La muestra con la que debuta el salense est\u00e1 conformada por catorce cuadros y una colecci\u00f3n de l\u00e1minas expuestas bajo el t\u00edtulo \u00abMaterial defectuoso\u00bb. \u00abSiento que tengo total libertad tem\u00e1tica pero el conjunto habla sobre traspasar una puerta negra que te enfrenta cara a cara con tu sombra\u00bb, se\u00f1ala Ortas, que detalla que esto lo cuenta \u00aba trav\u00e9s de lo divino que est\u00e1 enfermo y lo humano que es grotesco\u00bb. Todo ello con un marcado juego de contrastes que se complementa \u00abcon mucha introspecci\u00f3n\u00bb. El t\u00edtulo, adem\u00e1s, \u00abrecoge muy bien la ambig\u00fcedad\u00bb puesto que, a trav\u00e9s de figuras mitol\u00f3gicas como Prometeo o Lucifer, que representan \u00abel club de los castigados o marginados\u00bb.<\/p>\n<p class=\"ft-text\">Entre todas las obras que los visitantes podr\u00e1n observar entre el 14 y el 28 de noviembre, Ortas se\u00f1ala como su \u00abobra culmen\u00bb a \u00abEl tr\u00edptico de los delirios\u00bb, de 1,5 metros de largo y compuesta por tres cuadros que muestra un demonio con las alas abiertas al borde de un abismo \u00abdebati\u00e9ndose entre el todo y la nada\u00bb. \u00abQuer\u00eda que fuese el recopilatorio de todo lo que he ido pintando, que todo estuviese volcado en ese cuadro y que sea el m\u00e1s impresionante de la exposici\u00f3n\u00bb, concret\u00f3 el autor.<\/p>\n<p><img decoding=\"async\" src=\"https:\/\/www.europesays.com\/es\/wp-content\/uploads\/2025\/11\/e3178b4e-116a-4b4d-b27b-43e580b30d3c_alta-libre-aspect-ratio_default_0.jpg\" width=\"1200\" height=\"552\" alt=\"Una de las obras de la exposici\u00f3n\" class=\"ft-helper-img-rd\" loading=\"lazy\"\/><\/p>\n<p class=\"ft-helper-fontColor-quaternary ft-helper-fontSize-body-S ft-helper-spacer-t-xxs\">Una de las obras de la exposici\u00f3n  \/ M. O.<\/p>\n<p class=\"ft-text\">Las influencias, explica el joven artista salense, radican en el expresionismo, movimiento que le permite dejar de lado la realidad \u00aby plasmar sentimientos y visiones internas\u00bb, pero especialmente en el cine, con figuras como Martin Scorsese o Pedro Almod\u00f3var, y de la m\u00fasica, sobre todo de Extremoduro, cuya est\u00e9tica y juego de met\u00e1foras han sido una fuente de la que beber para plasmar sus inquietudes.<\/p>\n<p class=\"ft-text\">Por delante, m\u00e1s all\u00e1 de la cita del viernes 14 a las 19.00 en el Centro Cultural de Salas, Ortas mira a la EBAU y a su ingreso en la carrera de Bellas Artes, para complementar su formaci\u00f3n autodidacta con estudios acad\u00e9micos que le permitan mejorar aspectos como la t\u00e9cnica. \u00abAhora, con m\u00e1s madurez, me doy cuenta de que formarme en Bellas Artes me permitir\u00e1 tener mayor capacidad para hacer un arte mucho m\u00e1s afilado\u00bb, concluye Ortas.<\/p>\n","protected":false},"excerpt":{"rendered":"Nervios, muchos nervios pero a\u00fan m\u00e1s ganas. As\u00ed es como se sent\u00eda Marcos Ortas, de 22 a\u00f1os, antes&hellip;\n","protected":false},"author":2,"featured_media":233522,"comment_status":"","ping_status":"","sticky":false,"template":"","format":"standard","meta":{"footnotes":""},"categories":[173],"tags":[229,233,1830,231,230,12255,16568,232,234,8153,146,147,25,24,2003,1928,14144,60857,23],"class_list":{"0":"post-233521","1":"post","2":"type-post","3":"status-publish","4":"format-standard","5":"has-post-thumbnail","7":"category-arte-y-diseno","8":"tag-arte","9":"tag-arte-y-diseno","10":"tag-artista","11":"tag-arts","12":"tag-arts-and-design","13":"tag-autodidacta","14":"tag-bellas-artes","15":"tag-design","16":"tag-diseno","17":"tag-ebau","18":"tag-entertainment","19":"tag-entretenimiento","20":"tag-es","21":"tag-espana","22":"tag-exposicion","23":"tag-joven","24":"tag-marcos","25":"tag-ortas","26":"tag-spain"},"share_on_mastodon":{"url":"https:\/\/pubeurope.com\/@es\/115541870204299334","error":""},"_links":{"self":[{"href":"https:\/\/www.europesays.com\/es\/wp-json\/wp\/v2\/posts\/233521","targetHints":{"allow":["GET"]}}],"collection":[{"href":"https:\/\/www.europesays.com\/es\/wp-json\/wp\/v2\/posts"}],"about":[{"href":"https:\/\/www.europesays.com\/es\/wp-json\/wp\/v2\/types\/post"}],"author":[{"embeddable":true,"href":"https:\/\/www.europesays.com\/es\/wp-json\/wp\/v2\/users\/2"}],"replies":[{"embeddable":true,"href":"https:\/\/www.europesays.com\/es\/wp-json\/wp\/v2\/comments?post=233521"}],"version-history":[{"count":0,"href":"https:\/\/www.europesays.com\/es\/wp-json\/wp\/v2\/posts\/233521\/revisions"}],"wp:featuredmedia":[{"embeddable":true,"href":"https:\/\/www.europesays.com\/es\/wp-json\/wp\/v2\/media\/233522"}],"wp:attachment":[{"href":"https:\/\/www.europesays.com\/es\/wp-json\/wp\/v2\/media?parent=233521"}],"wp:term":[{"taxonomy":"category","embeddable":true,"href":"https:\/\/www.europesays.com\/es\/wp-json\/wp\/v2\/categories?post=233521"},{"taxonomy":"post_tag","embeddable":true,"href":"https:\/\/www.europesays.com\/es\/wp-json\/wp\/v2\/tags?post=233521"}],"curies":[{"name":"wp","href":"https:\/\/api.w.org\/{rel}","templated":true}]}}