{"id":233546,"date":"2025-11-13T10:36:11","date_gmt":"2025-11-13T10:36:11","guid":{"rendered":"https:\/\/www.europesays.com\/es\/233546\/"},"modified":"2025-11-13T10:36:11","modified_gmt":"2025-11-13T10:36:11","slug":"la-federacion-pone-el-portu-alaves-casi-a-la-misma-hora-que-el-athletic-real-madrid","status":"publish","type":"post","link":"https:\/\/www.europesays.com\/es\/233546\/","title":{"rendered":"La Federaci\u00f3n pone el Portu-Alav\u00e9s casi a la misma hora que el Athletic-Real Madrid"},"content":{"rendered":"<p class=\"v-mdl-ath__p v-mdl-ath__p--6\">\nJueves, 13 de noviembre 2025, 09:13<\/p>\n<p class=\"v-p\">La Federaci\u00f3n espa\u00f1ola de f\u00fatbol (RFEF) dio anoche a conocer los horarios de la segunda eliminatoria de Copa y ya hay pol\u00e9mica a la vista. El Portugalete-Alav\u00e9s, que se disputar\u00e1 en La Florida, se celebrar\u00e1 el mi\u00e9rcoles 3 de diciembre a las 21 horas, justo pocos minutos despu\u00e9s de la conclusi\u00f3n del Athletic-Real Madrid en San Mam\u00e9s.<\/p>\n<p class=\"v-p\">La cercan\u00eda de ambos horarios genera un problema para los aficionados vizca\u00ednos que comparten los colores gualdinegros, del Portu, y rojiblancos, del Athletic. Estas personas tendr\u00e1n que decidir si renuncian a uno de los partidos o llegan tarde al duelo copero de La Florida.<\/p>\n<p class=\"v-p\">LaLiga fue el primer organismo que dio a conocer el horario del Athletic-Real Madrid, el partido de la jornada 19 que se adelanta a comienzos de diciembre con motivo de la celebraci\u00f3n de la Supercopa ese fin de semana. La patronal lo comunic\u00f3 el 29 de octubre. Por lo que la Federaci\u00f3n y las televisiones, que tambi\u00e9n tienen mucho peso a la hora de decidir las fechas y horarios de los partidos, al parecer, no han tenido en cuenta esta circunstancia.<\/p>\n<p>Reporta un error<\/p>\n","protected":false},"excerpt":{"rendered":"Jueves, 13 de noviembre 2025, 09:13 La Federaci\u00f3n espa\u00f1ola de f\u00fatbol (RFEF) dio anoche a conocer los horarios&hellip;\n","protected":false},"author":2,"featured_media":233547,"comment_status":"","ping_status":"","sticky":false,"template":"","format":"standard","meta":{"footnotes":""},"categories":[268],"tags":[60860,48241,168,25,24,2500,280,282,205,60859,281,23,167],"class_list":{"0":"post-233546","1":"post","2":"type-post","3":"status-publish","4":"format-standard","5":"has-post-thumbnail","7":"category-futbol","8":"tag-athleticreal","9":"tag-coincidir","10":"tag-deportes","11":"tag-es","12":"tag-espana","13":"tag-federacion","14":"tag-football","15":"tag-futbol","16":"tag-madrid","17":"tag-portualaves","18":"tag-soccer","19":"tag-spain","20":"tag-sports"},"share_on_mastodon":{"url":"https:\/\/pubeurope.com\/@es\/115541952904575083","error":""},"_links":{"self":[{"href":"https:\/\/www.europesays.com\/es\/wp-json\/wp\/v2\/posts\/233546","targetHints":{"allow":["GET"]}}],"collection":[{"href":"https:\/\/www.europesays.com\/es\/wp-json\/wp\/v2\/posts"}],"about":[{"href":"https:\/\/www.europesays.com\/es\/wp-json\/wp\/v2\/types\/post"}],"author":[{"embeddable":true,"href":"https:\/\/www.europesays.com\/es\/wp-json\/wp\/v2\/users\/2"}],"replies":[{"embeddable":true,"href":"https:\/\/www.europesays.com\/es\/wp-json\/wp\/v2\/comments?post=233546"}],"version-history":[{"count":0,"href":"https:\/\/www.europesays.com\/es\/wp-json\/wp\/v2\/posts\/233546\/revisions"}],"wp:featuredmedia":[{"embeddable":true,"href":"https:\/\/www.europesays.com\/es\/wp-json\/wp\/v2\/media\/233547"}],"wp:attachment":[{"href":"https:\/\/www.europesays.com\/es\/wp-json\/wp\/v2\/media?parent=233546"}],"wp:term":[{"taxonomy":"category","embeddable":true,"href":"https:\/\/www.europesays.com\/es\/wp-json\/wp\/v2\/categories?post=233546"},{"taxonomy":"post_tag","embeddable":true,"href":"https:\/\/www.europesays.com\/es\/wp-json\/wp\/v2\/tags?post=233546"}],"curies":[{"name":"wp","href":"https:\/\/api.w.org\/{rel}","templated":true}]}}