{"id":233601,"date":"2025-11-13T11:12:13","date_gmt":"2025-11-13T11:12:13","guid":{"rendered":"https:\/\/www.europesays.com\/es\/233601\/"},"modified":"2025-11-13T11:12:13","modified_gmt":"2025-11-13T11:12:13","slug":"el-tiempo-se-agota-von-der-leyen-presenta-alternativas-al-prestamo-de-reparaciones-para-ucrania","status":"publish","type":"post","link":"https:\/\/www.europesays.com\/es\/233601\/","title":{"rendered":"El tiempo se agota: Von der Leyen presenta alternativas al pr\u00e9stamo de reparaciones para Ucrania"},"content":{"rendered":"<p>La presidenta de la Comisi\u00f3n Europea, <strong>Ursula von der Leyen<\/strong>, ha esbozado alternativas a <a href=\"https:\/\/es.euronews.com\/my-europe\/2025\/10\/25\/en-que-consiste-el-prestamo-de-reparaciones-para-ucrania-y-por-que-la-ue-se-aferra-al-plan\" rel=\"nofollow noopener\" target=\"_blank\">un pr\u00e9stamo de reparaciones<\/a> para financiar las necesidades presupuestarias y militares de Ucrania, mientras <strong>B\u00e9lgica se hace la dura con el audaz<\/strong> plan de utilizar los activos inmovilizados del Banco Central ruso.<\/p>\n<p>Las opciones incluyen <strong>la obtenci\u00f3n de deuda en los mercados<\/strong> con el respaldo del presupuesto de la UE y acuerdos bilaterales para pr\u00e9stamos individuales a nivel nacional. Estas opciones se tendr\u00edan en cuenta si fracasara el intento de emitir un pr\u00e9stamo de reparaci\u00f3n vinculado a los activos rusos.<\/p>\n<p>Von der Leyen afirm\u00f3 que el pr\u00e9stamo sigue siendo la principal opci\u00f3n. \u00abDemos un pr\u00e9stamo a Ucrania, que Ucrania devuelva si Rusia paga las reparaciones\u00bb, dijo la presidenta de la Comisi\u00f3n el jueves por la ma\u00f1ana, en <strong>una intervenci\u00f3n ante el pleno<\/strong> del Parlamento Europeo.<\/p>\n<p>\u00abEs la manera m\u00e1s eficaz de <strong>sustentar la defensa y la econom\u00eda de Ucrania<\/strong>. Y la forma m\u00e1s clara de hacer comprender a Rusia que el tiempo no est\u00e1 de su lado\u00bb, prosigui\u00f3. \u00abDemostraremos que, si es necesario, estamos en esto a largo plazo. Que Europa estar\u00e1 con Ucrania el tiempo que haga falta\u00bb.<\/p>\n<p>La idea de conceder un pr\u00e9stamo de 140.000 millones de euros en concepto de reparaciones <a href=\"https:\/\/es.euronews.com\/my-europe\/2025\/03\/12\/el-parlamento-europeo-estudia-como-embargar-los-activos-rusos-para-ayudar-a-ucrania\" rel=\"nofollow noopener\" target=\"_blank\">surgi\u00f3 en septiembre<\/a> y, desde entonces, <strong>ha ido ganando adeptos<\/strong> entre los Estados miembros, que tienen problemas de liquidez, carecen de espacio en sus presupuestos nacionales para acomodar un endeudamiento adicional o temen la reacci\u00f3n de los mercados.<\/p>\n<p>La ventaja de utilizar los activos rusos inmovilizados es que <strong>no implicar\u00eda la emisi\u00f3n de deuda nueva<\/strong> de manera individual, ya que el dinero proceder\u00eda directamente de los saldos en efectivo que actualmente se mantienen en Euroclear, un depositario central de valores en Bruselas.<\/p>\n<p>Rechazo belga<\/p>\n<p>Pero la propuesta <a href=\"https:\/\/es.euronews.com\/my-europe\/2025\/10\/24\/la-resistencia-belga-frena-un-prestamo-de-140000-millones-de-euros-para-ucrania-en-la-cumb\" rel=\"nofollow noopener\" target=\"_blank\">ha encontrado una feroz resistencia por parte del Gobierno belga<\/a>, que, como anfitri\u00f3n de Euroclear, <strong>teme ser el principal objetivo de las agresivas represalias del Kremlin<\/strong>. B\u00e9lgica y Rusia est\u00e1n vinculadas por un tratado de inversiones de la era sovi\u00e9tica que prev\u00e9 el arbitraje.<\/p>\n<p>El mes pasado, el Primer Ministro belga, Bart De Wever, se mantuvo firme e <strong>impidi\u00f3 que los l\u00edderes de la UE aprobaran el pr\u00e9stamo de reparaciones<\/strong>. De Wever exigi\u00f3 \u00abla m\u00e1xima\u00bb seguridad jur\u00eddica, garant\u00edas herm\u00e9ticas de todos los Estados miembros para asegurar la \u00abplena mutualizaci\u00f3n\u00bb de los riesgos y transparencia para <a href=\"https:\/\/es.euronews.com\/my-europe\/2025\/11\/06\/activos-rusos-inmovilizados-nadie-excepto-belgica-quiere-decirlo\" rel=\"nofollow noopener\" target=\"_blank\">localizar otros activos soberanos<\/a>.<\/p>\n<p>\u00abSi se lleva el dinero de mi pa\u00eds, si sale mal, no soy capaz, y desde luego no estoy dispuesto, a pagar en una semana 140.000 millones de euros\u00bb, dijo De Wever. El punto muerto se mantiene mientras <strong>la Comisi\u00f3n intenta calmar las preocupaciones belgas<\/strong> y convencer a De Wever de que firme el plan cuando los l\u00edderes vuelvan a reunirse en diciembre para su \u00faltima reuni\u00f3n del a\u00f1o.<\/p>\n<p>Se espera que la Comisi\u00f3n Europea presente pronto <strong>un documento de opciones<\/strong>, que ofrezca alternativas para apoyar a Ucrania, m\u00e1s all\u00e1 del pr\u00e9stamo de reparaciones. El discurso de Von der Leyen del jueves parece ser una presentaci\u00f3n informal de dicho documento, que las capitales a\u00fan no han recibido.<\/p>\n<p>\u00abEstamos <strong>trabajando estrechamente con B\u00e9lgica<\/strong>, y con todos los Estados miembros, sobre las opciones para cumplir este compromiso\u00bb, dijo Von der Leyen a los eurodiputados.<\/p>\n<p>En privado, funcionarios y diplom\u00e1ticos de la UE reconocen que <strong>la \u00fanica v\u00eda pol\u00edticamente viable<\/strong> es el pr\u00e9stamo de reparaciones y que el documento de opciones es una herramienta para exponer la dura realidad de la emisi\u00f3n de deuda conjunta. Los dirigentes n\u00f3rdicos, por ejemplo, ya han descartado el pr\u00e9stamo.<\/p>\n<p>B\u00e9lgica, sin embargo, <strong>se ha sentido frustrada por la insistencia de la Comisi\u00f3n<\/strong> en los pr\u00e9stamos de reparaci\u00f3n, una impresi\u00f3n que la intervenci\u00f3n de Von der Leyen no contribuye a disipar.<\/p>\n<p>Un funcionario de la UE dijo a &#8216;Euronews&#8217; que las preocupaciones del Gobierno belga son \u00abjustas, pero <strong>sus demandas son maximalistas<\/strong>\u00ab, ya que ninguna operaci\u00f3n financiera puede llevarse a cabo con riesgo cero.<\/p>\n<p>El tiempo corre para Ucrania mientras contin\u00faa la guerra<\/p>\n<p>Ucrania necesitar\u00e1 una nueva inyecci\u00f3n de ayuda exterior en el segundo trimestre de 2026. La decisi\u00f3n del presidente estadounidense, Donald Trump, de <a href=\"https:\/\/es.euronews.com\/2023\/11\/04\/estados-unidos-agota-la-asistencia-en-seguridad-presupuestada-con-el-ultimo-envio-a-ucrani\" rel=\"nofollow noopener\" target=\"_blank\">cortar la asistencia a Kiev<\/a> hace que el grueso del esfuerzo financiero <strong>recaiga directamente sobre los hombros europeos<\/strong>.<\/p>\n<p>\u00abTodos queremos que esta guerra termine. Pero una paz duradera depende de una Ucrania fuerte e independiente. A d\u00eda de hoy, <strong>Vladimir Putin<\/strong> sigue creyendo que puede aguantar m\u00e1s que nosotros. Sigue pensando que, con el tiempo, Rusia puede lograr sus objetivos en el campo de batalla. <strong>Es un claro error de c\u00e1lculo<\/strong>\u00ab, advirti\u00f3 Von der Leyen.<\/p>\n<p>\u00abAhora es el momento de dar un nuevo impulso, <strong>desenmascarar los c\u00ednicos intentos de Putin de ganar tiempo<\/strong> y llevarle a la mesa de negociaciones. Debemos seguir elevando el coste de la guerra para Rusia\u00bb.<\/p>\n","protected":false},"excerpt":{"rendered":"La presidenta de la Comisi\u00f3n Europea, Ursula von der Leyen, ha esbozado alternativas a un pr\u00e9stamo de reparaciones&hellip;\n","protected":false},"author":2,"featured_media":233602,"comment_status":"","ping_status":"","sticky":false,"template":"","format":"standard","meta":{"footnotes":""},"categories":[42],"tags":[3171,17,18,1708,13,14,11,61,62,63,64,19,20,9,10,15,16,7354,12,7081,21,22,1707,65,66,67],"class_list":{"0":"post-233601","1":"post","2":"type-post","3":"status-publish","4":"format-standard","5":"has-post-thumbnail","7":"category-internacional","8":"tag-belgica","9":"tag-breaking-news","10":"tag-breakingnews","11":"tag-comision-europea","12":"tag-featured-news","13":"tag-featurednews","14":"tag-headlines","15":"tag-internacional","16":"tag-international","17":"tag-international-news","18":"tag-internationalnews","19":"tag-latest-news","20":"tag-latestnews","21":"tag-news","22":"tag-noticias","23":"tag-noticias-destacadas","24":"tag-noticiasdestacadas","25":"tag-rusia-ucrania-invasion","26":"tag-titulares","27":"tag-ucrania","28":"tag-ultimas-noticias","29":"tag-ultimasnoticias","30":"tag-ursula-von-der-leyen","31":"tag-world","32":"tag-world-news","33":"tag-worldnews"},"share_on_mastodon":{"url":"https:\/\/pubeurope.com\/@es\/115542094281649352","error":""},"_links":{"self":[{"href":"https:\/\/www.europesays.com\/es\/wp-json\/wp\/v2\/posts\/233601","targetHints":{"allow":["GET"]}}],"collection":[{"href":"https:\/\/www.europesays.com\/es\/wp-json\/wp\/v2\/posts"}],"about":[{"href":"https:\/\/www.europesays.com\/es\/wp-json\/wp\/v2\/types\/post"}],"author":[{"embeddable":true,"href":"https:\/\/www.europesays.com\/es\/wp-json\/wp\/v2\/users\/2"}],"replies":[{"embeddable":true,"href":"https:\/\/www.europesays.com\/es\/wp-json\/wp\/v2\/comments?post=233601"}],"version-history":[{"count":0,"href":"https:\/\/www.europesays.com\/es\/wp-json\/wp\/v2\/posts\/233601\/revisions"}],"wp:featuredmedia":[{"embeddable":true,"href":"https:\/\/www.europesays.com\/es\/wp-json\/wp\/v2\/media\/233602"}],"wp:attachment":[{"href":"https:\/\/www.europesays.com\/es\/wp-json\/wp\/v2\/media?parent=233601"}],"wp:term":[{"taxonomy":"category","embeddable":true,"href":"https:\/\/www.europesays.com\/es\/wp-json\/wp\/v2\/categories?post=233601"},{"taxonomy":"post_tag","embeddable":true,"href":"https:\/\/www.europesays.com\/es\/wp-json\/wp\/v2\/tags?post=233601"}],"curies":[{"name":"wp","href":"https:\/\/api.w.org\/{rel}","templated":true}]}}