{"id":233616,"date":"2025-11-13T11:25:15","date_gmt":"2025-11-13T11:25:15","guid":{"rendered":"https:\/\/www.europesays.com\/es\/233616\/"},"modified":"2025-11-13T11:25:15","modified_gmt":"2025-11-13T11:25:15","slug":"las-criaturas-antropomorficas-de-pelofuego-en-aranburu","status":"publish","type":"post","link":"https:\/\/www.europesays.com\/es\/233616\/","title":{"rendered":"Las criaturas antropom\u00f3rficas de Pelofuego, en Aranburu"},"content":{"rendered":"<p>A Jurema Mart\u00edn Lemi\u00f1a, conocida art\u00edsticamente como Pelofuego, le gusta \u00abprovocar una reacci\u00f3n emocional y personal en el espectador\u00bb. Este viernes, 14 de noviembre (19. &#8230; 00), inaugura en el palacio Aranburu su exposici\u00f3n &#8216;El despertar del reino oculto&#8217;, donde muestra seres simb\u00f3licos, antropom\u00f3rficos, que intentan representar la trayectoria interna del ser humano. La artista tolosarra propone un recorrido fascinante a trav\u00e9s de sus animales cautivadores y on\u00edricos, que hacen que el espectador salga de la sala lleno de sugerencias y preguntas que no siempre tienen respuestas.<\/p>\n<p class=\"v-p\">\u00abIntento no s\u00f3lo plasmar el presente con mis creaciones, sino tambi\u00e9n reflejar las emociones que quedaron en su subconsciente\u00bb, asegura Pelofuego, que debe su nombre art\u00edstico al color de su pelo. Cuenta que un amigo suyo, cuando era m\u00e1s joven, al ser pelirroja, le llamaba de manera cari\u00f1osa con esta palabra y a ella le gust\u00f3 c\u00f3mo sonaba; por eso decidi\u00f3 adoptarla como su denonimaci\u00f3n art\u00edstica.<\/p>\n<p class=\"v-p\">Jurema es multidisciplinar, tiene capacidad para trabajar con distintos materiales y formas, pero tiene claro que lo que m\u00e1s le llena es la cer\u00e1mica. \u00abLos trabajos pict\u00f3ricos son en dos dimensiones y el pasar a las tres que supone la escultura creo que, como art\u00edsta, te permite expresarte mucho mejor\u00bb, aseguraba a este peri\u00f3dico durante la anterior parada de esta misma exposici\u00f3n en la sala Biteri de Hernani. <\/p>\n<p>\n\u00abToda persona tiene un animal espiritual que puede ir cambiando a lo largo de su vida y reflejar as\u00ed su evoluci\u00f3n interna\u00bb\n<\/p>\n<p class=\"v-p\">Sobre los seres que aparecen en la muestra, esta artista dice que siempre ha sentido un gran v\u00ednculo con los animales, pero en esta ocasi\u00f3n las muestra de manera antropom\u00f3rfica. Esas im\u00e1genes, as\u00ed como las referencias al arte g\u00f3tico, est\u00e1n presentes tanto en sus obras pict\u00f3ricas como en las peque\u00f1as esculturas de cer\u00e1mica. \u00abMe gusta porque utiliza mucho el simbolismo y yo busco contar historias\u00bb, explicaba la artista tolosarra.<\/p>\n<p class=\"v-p\">La exposici\u00f3n, que podr\u00e1 verse hasta el 13 de diciembre, re\u00fane cerca de cuarenta obras de arte, entre esculturas de cer\u00e1mica y pinturas al \u00f3leo y acr\u00edlico. Son fruto del trabajo de los \u00faltimos a\u00f1os y destacan especialmente las pinturas de gran tama\u00f1o y las esculturas de gran carga simb\u00f3lica y emocional.<\/p>\n<p class=\"v-p\">Pelofuego inici\u00f3 esta serie en 2019 analizando la transformaci\u00f3n personal a trav\u00e9s de seres simb\u00f3licos que representan la trayectoria interna del ser humano. Seg\u00fan la artista, \u00abtoda persona tiene un t\u00f3tem o animal espiritual que puede ir cambiando a lo largo de su vida, reflejando su evoluci\u00f3n interna\u00bb. As\u00ed, su obra no s\u00f3lo plasma el presente, sino tambi\u00e9n las emociones que quedaron en su subconsciente.<\/p>\n<p class=\"v-p\">El objetivo de la exposici\u00f3n es provocar una reacci\u00f3n emocional y personal en el espectador. Pelofuego entiende su obra como un di\u00e1logo: las obras de arte son interpretadas por cada espectador a partir de su experiencia personal, creando nuevos significados y enriqueciendo el debate art\u00edstico. Pelofuego crea, en fin, obras profundamente personales, influenciadas por sus propias experiencias y vivencias. A trav\u00e9s de sus manos, la artista se da cuenta de que su obra no solo plasma el presente, sino tambi\u00e9n las emociones que quedaron en su interior, provocando la respuesta emocional. <\/p>\n<p class=\"v-p\">La muestra podr\u00e1 verse de martes a s\u00e1bados, de 17.30 a 20.30 horas.<\/p>\n","protected":false},"excerpt":{"rendered":"A Jurema Mart\u00edn Lemi\u00f1a, conocida art\u00edsticamente como Pelofuego, le gusta \u00abprovocar una reacci\u00f3n emocional y personal en el&hellip;\n","protected":false},"author":2,"featured_media":233617,"comment_status":"","ping_status":"","sticky":false,"template":"","format":"standard","meta":{"footnotes":""},"categories":[173],"tags":[60870,15665,229,233,231,230,60869,232,234,146,147,25,24,60871,23],"class_list":{"0":"post-233616","1":"post","2":"type-post","3":"status-publish","4":"format-standard","5":"has-post-thumbnail","7":"category-arte-y-diseno","8":"tag-antropomorficas","9":"tag-aranburu","10":"tag-arte","11":"tag-arte-y-diseno","12":"tag-arts","13":"tag-arts-and-design","14":"tag-criaturas","15":"tag-design","16":"tag-diseno","17":"tag-entertainment","18":"tag-entretenimiento","19":"tag-es","20":"tag-espana","21":"tag-pelofuego","22":"tag-spain"},"share_on_mastodon":{"url":"https:\/\/pubeurope.com\/@es\/115542145336455716","error":""},"_links":{"self":[{"href":"https:\/\/www.europesays.com\/es\/wp-json\/wp\/v2\/posts\/233616","targetHints":{"allow":["GET"]}}],"collection":[{"href":"https:\/\/www.europesays.com\/es\/wp-json\/wp\/v2\/posts"}],"about":[{"href":"https:\/\/www.europesays.com\/es\/wp-json\/wp\/v2\/types\/post"}],"author":[{"embeddable":true,"href":"https:\/\/www.europesays.com\/es\/wp-json\/wp\/v2\/users\/2"}],"replies":[{"embeddable":true,"href":"https:\/\/www.europesays.com\/es\/wp-json\/wp\/v2\/comments?post=233616"}],"version-history":[{"count":0,"href":"https:\/\/www.europesays.com\/es\/wp-json\/wp\/v2\/posts\/233616\/revisions"}],"wp:featuredmedia":[{"embeddable":true,"href":"https:\/\/www.europesays.com\/es\/wp-json\/wp\/v2\/media\/233617"}],"wp:attachment":[{"href":"https:\/\/www.europesays.com\/es\/wp-json\/wp\/v2\/media?parent=233616"}],"wp:term":[{"taxonomy":"category","embeddable":true,"href":"https:\/\/www.europesays.com\/es\/wp-json\/wp\/v2\/categories?post=233616"},{"taxonomy":"post_tag","embeddable":true,"href":"https:\/\/www.europesays.com\/es\/wp-json\/wp\/v2\/tags?post=233616"}],"curies":[{"name":"wp","href":"https:\/\/api.w.org\/{rel}","templated":true}]}}