{"id":233618,"date":"2025-11-13T11:27:18","date_gmt":"2025-11-13T11:27:18","guid":{"rendered":"https:\/\/www.europesays.com\/es\/233618\/"},"modified":"2025-11-13T11:27:18","modified_gmt":"2025-11-13T11:27:18","slug":"valeria-ros-en-la-revuelta","status":"publish","type":"post","link":"https:\/\/www.europesays.com\/es\/233618\/","title":{"rendered":"Valeria Ros en &#8216;La Revuelta&#8217;"},"content":{"rendered":"<p class=\"article-body__text \">\n        La humorista vasca, en su visita a este espacio, y como era de esperar, revel\u00f3 todos los detalles de su paso por <strong>\u2018MasterChef Celebrity\u2019<\/strong>, contando lo que hizo con<strong> el dinero del premio<\/strong> y otras an\u00e9cdotas personales.\u00a0\n<\/p>\n<p class=\"article-photo__footer\">\n            Valeria Ros y David Bustamante, ayer en &#8216;La Revuelta&#8217;            Instagram: @larevuelta_tve        <\/p>\n<p>  Regreso por todo lo alto<\/p>\n<p class=\"article-body__text \">\n        En su entrada, Valeria Ros felicit\u00f3 a <a href=\"https:\/\/www.noticiasdealava.eus\/tags\/david-broncano\/\" title=\"David Broncano\" rel=\"nofollow noopener\" target=\"_blank\" class=\"link copy\"><strong>David Broncano<\/strong><\/a> por sus \u00faltimos \u00e9xitos de audiencia con \u2018La Revuelta\u2019, que sigue siendo <strong>uno de los formatos m\u00e1s vistos en la franja del prime time<\/strong> en la televisi\u00f3n actual.\n<\/p>\n<p class=\"article-body__text \">\n        Tal y como apunt\u00f3 la c\u00f3mica, entre risas, hace unas cuantas semanas pensaba que<strong> habr\u00eda sido despedida para siempre del programa<\/strong>, despu\u00e9s de leer un art\u00edculo en la prensa que as\u00ed lo dejaba entrever.\u00a0\n<\/p>\n<p class=\"article-body__text \">\n        En la publicaci\u00f3n, sal\u00edan varios personajes a los que el presentador quer\u00eda entrevistar, entre los que aparec\u00edan <strong>Rosal\u00eda, Gabriel Rufi\u00e1n y alguien del mundo de \u2018Operaci\u00f3n Triunfo\u2019<\/strong>. \u201cDicho y hecho\u201d, brome\u00f3 la protagonista, al ver que todos hab\u00edan pasado por el plat\u00f3.\u00a0\n<\/p>\n<p class=\"article-body__text \">\n        Al hilo de su supuesta salida, la tambi\u00e9n presentadora aseguraba que<strong> la \u201ctachaban por muerta\u201d, <\/strong>pero que al final,<strong> \u00abse ha cumplido todo y hemos hecho r\u00e9cord de audiencia\u201d<\/strong>, haciendo alusi\u00f3n al buen momento del programa.\u00a0\n<\/p>\n<p>            <a href=\"https:\/\/www.noticiasdealava.eus\/television\/2025\/11\/06\/la-revuelta-amaia-salamanca-revela-david-broncano-mayores-secretos-10310316.html\" title=\"\u2018La Revuelta\u2019: Amaia Salamanca revela a David Broncano uno de sus mayores secretos jam\u00e1s contado\" class=\"new__media\" rel=\"nofollow noopener\" target=\"_blank\"><\/p>\n<p>                <img alt=\"\u2018La Revuelta\u2019: Amaia Salamanca revela a David Broncano uno de sus mayores secretos jam\u00e1s contado\" data-src=\"https:\/\/www.europesays.com\/es\/wp-content\/uploads\/2025\/11\/2fbb6c88-ccec-4a2d-9bed-06bfdcd85093_16-9-aspect-ratio_default_0_x1130y597.jpg\" class=\"lozad\"\/><\/p>\n<p>        <\/a><\/p>\n<p>        <a href=\"https:\/\/www.noticiasdealava.eus\/television\/2025\/11\/06\/la-revuelta-amaia-salamanca-revela-david-broncano-mayores-secretos-10310316.html\" title=\"\u2018La Revuelta\u2019: Amaia Salamanca revela a David Broncano uno de sus mayores secretos jam\u00e1s contado\" class=\"new__headline\" rel=\"nofollow noopener\" target=\"_blank\"><br \/>\n            \u2018La Revuelta\u2019: Amaia Salamanca revela a David Broncano uno de sus mayores secretos jam\u00e1s contado<br \/>\n        <\/a><\/p>\n<p>  De Eurodisney a \u201cBonquilandia\u201d<\/p>\n<p class=\"article-body__text \">\n        La c\u00f3mica contaba que acababa de volver de <strong>Eurodisney<\/strong>, donde hab\u00eda ido con su hija, y propuso convertir \u2018La Revuelta\u2019 en<strong> un parque tem\u00e1tico llamado \u201cBonquilandia\u201d<\/strong>, en una especie de peque\u00f1o homenaje al presentador.\u00a0\n<\/p>\n<p class=\"article-body__text \">\n        Asimismo, Valeria Ros explicaba su participaci\u00f3n en <a href=\"https:\/\/www.noticiasdealava.eus\/tags\/masterchef-celebrity\/\" title=\"\u2018MasterChef Celebrity\u2019\" rel=\"nofollow noopener\" target=\"_blank\" class=\"link copy\"><strong>\u2018MasterChef Celebrity\u2019<\/strong><\/a>, concurso del que fue eliminada hace semanas: \u201cMe han chutado, me ha ganado Parada\u201d, afirm\u00f3, para la sorpresa de una espectadora que no hab\u00eda visto el episodio: \u201cPerdona, te he hecho spoiler\u2026\u201d.\n<\/p>\n<p class=\"article-body__text \">\n        Es m\u00e1s, la de Getxo asegur\u00f3 que todo el dinero que hab\u00eda ganado en el reality de cocina lo hab\u00eda gastado en el viaje:<strong> \u201cTodo el dinero fundido en Eurodisney, me he quedado Frozen\u201d<\/strong>, cont\u00f3 entre risas, haciendo una clara referencia al personaje animado.\n<\/p>\n<p class=\"article-body__text \">\n        Seg\u00fan a\u00f1adi\u00f3, se hab\u00eda llegado a gastar <strong>casi 3.000 euros por dos noches en el hotel del parque<\/strong>, sin desayuno incluido: <strong>\u201cNos levantamos por la ma\u00f1ana y nos colamos en el castillo de las princesas\u2026 Nos pillaron y nos echaron<\/strong>\u201d, relat\u00f3, para diversi\u00f3n del p\u00fablico.\u00a0\n<\/p>\n<p>  \u00bfQui\u00e9n es Valeria Ros?<\/p>\n<p class=\"article-body__text \">\n        <a href=\"https:\/\/www.noticiasdealava.eus\/television\/2025\/10\/09\/la-revuelta-valeria-ros-reaparece-cinco-meses-tras-rumores-despido-10190327.html\" title=\"Valeria Ros\" rel=\"nofollow noopener\" target=\"_blank\" class=\"link copy\"><strong>Valeria Ros<\/strong><\/a> (1986) es una<strong> presentadora y humorista vasca<\/strong>. Empez\u00f3 su carrera en el mundo de la comedia en programas como<strong>\u00a0&#8216;Central de c\u00f3micos&#8217; de Comedy Central<\/strong>, tambi\u00e9n participando en televisi\u00f3n y radio, con colaboraciones en la<strong> \u2018La lengua moderna\u2019 de Cadena SER.<\/strong>\n<\/p>\n<p class=\"article-body__text \">\n        En cuanto a la peque\u00f1a pantalla, ha sido presentadora y colaboradora de algunos espacios como<strong> \u2018Late motiv\u2019, \u2018Mart\u00ednez y Hermanos\u2019, &#8216;Akelarre&#8217;, Zapeando\u2019, \u2018Roast Battle\u2019 y \u2018Tu cara me suena\u2019 <\/strong>entre otros.<\/p>\n","protected":false},"excerpt":{"rendered":"La humorista vasca, en su visita a este espacio, y como era de esperar, revel\u00f3 todos los detalles&hellip;\n","protected":false},"author":2,"featured_media":233619,"comment_status":"","ping_status":"","sticky":false,"template":"","format":"standard","meta":{"footnotes":""},"categories":[171],"tags":[146,147,25,24,8009,1783,30095,528,34682,23,214,3156,28981],"class_list":{"0":"post-233618","1":"post","2":"type-post","3":"status-publish","4":"format-standard","5":"has-post-thumbnail","7":"category-tv","8":"tag-entertainment","9":"tag-entretenimiento","10":"tag-es","11":"tag-espana","12":"tag-experiencia","13":"tag-la","14":"tag-masterchef-celebrity","15":"tag-revuelta","16":"tag-ros","17":"tag-spain","18":"tag-tv","19":"tag-tve","20":"tag-valeria"},"share_on_mastodon":{"url":"https:\/\/pubeurope.com\/@es\/115542153301585149","error":""},"_links":{"self":[{"href":"https:\/\/www.europesays.com\/es\/wp-json\/wp\/v2\/posts\/233618","targetHints":{"allow":["GET"]}}],"collection":[{"href":"https:\/\/www.europesays.com\/es\/wp-json\/wp\/v2\/posts"}],"about":[{"href":"https:\/\/www.europesays.com\/es\/wp-json\/wp\/v2\/types\/post"}],"author":[{"embeddable":true,"href":"https:\/\/www.europesays.com\/es\/wp-json\/wp\/v2\/users\/2"}],"replies":[{"embeddable":true,"href":"https:\/\/www.europesays.com\/es\/wp-json\/wp\/v2\/comments?post=233618"}],"version-history":[{"count":0,"href":"https:\/\/www.europesays.com\/es\/wp-json\/wp\/v2\/posts\/233618\/revisions"}],"wp:featuredmedia":[{"embeddable":true,"href":"https:\/\/www.europesays.com\/es\/wp-json\/wp\/v2\/media\/233619"}],"wp:attachment":[{"href":"https:\/\/www.europesays.com\/es\/wp-json\/wp\/v2\/media?parent=233618"}],"wp:term":[{"taxonomy":"category","embeddable":true,"href":"https:\/\/www.europesays.com\/es\/wp-json\/wp\/v2\/categories?post=233618"},{"taxonomy":"post_tag","embeddable":true,"href":"https:\/\/www.europesays.com\/es\/wp-json\/wp\/v2\/tags?post=233618"}],"curies":[{"name":"wp","href":"https:\/\/api.w.org\/{rel}","templated":true}]}}