{"id":233622,"date":"2025-11-13T11:29:09","date_gmt":"2025-11-13T11:29:09","guid":{"rendered":"https:\/\/www.europesays.com\/es\/233622\/"},"modified":"2025-11-13T11:29:09","modified_gmt":"2025-11-13T11:29:09","slug":"die-my-love-depresion-postparto-y-psicosis","status":"publish","type":"post","link":"https:\/\/www.europesays.com\/es\/233622\/","title":{"rendered":"&#8216;Die, my love&#8217;, depresi\u00f3n postparto y psicosis"},"content":{"rendered":"<p>13\/11\/2025 a las 12:02h.<\/p>\n<p class=\"voc-save-news__paragraph\">Esta funcionalidad es s\u00f3lo para suscriptores<\/p>\n<p><a href=\"https:\/\/secure.abc.es\/suscripcion#vca=suscribete&amp;vso=abc&amp;vmc=on&amp;vli=comentarios-btn-flujo\" data-voc-vtm-id=\"comienzoSuscripcionON\" data-voc-vtm-info=\"btncomentar\" class=\"voc-btn voc-btn--w voc-btn--xs voc-save-news__btn\" rel=\"nofollow noopener\" target=\"_blank\"><br \/>\nSuscribete<br \/>\n<\/a><\/p>\n<p class=\"voc-p\" style=\"\">Madrid, 13 nov (EFE).- Basada en una novela de la argentina Ariana Harwicz, y protagonizada por Jennifer Lawrence, \u00faltimo premio Donostia, y Robert Pattinson (&#8216;Mickey 17&#8217;), esta pel\u00edcula de la directora Lynne Ramsay (&#8216;Tenemos que hablar de Kevin&#8217;) cuenta la historia de una pareja joven  &#8230; y enamorada que se muda a una casa heredada en el campo con un beb\u00e9. Pero la depresi\u00f3n postparto deriva en psicosis.  IM\u00c1GENES DE LA PEL\u00cdCULA CEDIDAS POR LA PRODUCTORA.<\/p>\n<p>\nArt\u00edculo solo para suscriptores\n<\/p>\n<p>Reportar un error<\/p>\n<p class=\"voc-save-news__paragraph\">Esta funcionalidad es s\u00f3lo para suscriptores<\/p>\n<p><a href=\"https:\/\/secure.abc.es\/suscripcion#vca=suscribete&amp;vso=abc&amp;vmc=on&amp;vli=comentarios-btn-flujo\" data-voc-vtm-id=\"comienzoSuscripcionON\" data-voc-vtm-info=\"btncomentar\" class=\"voc-btn voc-btn--w voc-btn--xs voc-save-news__btn\" rel=\"nofollow noopener\" target=\"_blank\"><br \/>\nSuscribete<br \/>\n<\/a><\/p>\n","protected":false},"excerpt":{"rendered":"13\/11\/2025 a las 12:02h. Esta funcionalidad es s\u00f3lo para suscriptores Suscribete Madrid, 13 nov (EFE).- Basada en una&hellip;\n","protected":false},"author":2,"featured_media":233623,"comment_status":"","ping_status":"","sticky":false,"template":"","format":"standard","meta":{"footnotes":""},"categories":[169],"tags":[177,2378,18906,146,147,25,24,176,59354,175,60874,57933,23],"class_list":{"0":"post-233622","1":"post","2":"type-post","3":"status-publish","4":"format-standard","5":"has-post-thumbnail","7":"category-cine","8":"tag-cine","9":"tag-depresion","10":"tag-die","11":"tag-entertainment","12":"tag-entretenimiento","13":"tag-es","14":"tag-espana","15":"tag-film","16":"tag-love","17":"tag-movies","18":"tag-postparto","19":"tag-psicosis","20":"tag-spain"},"share_on_mastodon":{"url":"https:\/\/pubeurope.com\/@es\/115542161143010049","error":""},"_links":{"self":[{"href":"https:\/\/www.europesays.com\/es\/wp-json\/wp\/v2\/posts\/233622","targetHints":{"allow":["GET"]}}],"collection":[{"href":"https:\/\/www.europesays.com\/es\/wp-json\/wp\/v2\/posts"}],"about":[{"href":"https:\/\/www.europesays.com\/es\/wp-json\/wp\/v2\/types\/post"}],"author":[{"embeddable":true,"href":"https:\/\/www.europesays.com\/es\/wp-json\/wp\/v2\/users\/2"}],"replies":[{"embeddable":true,"href":"https:\/\/www.europesays.com\/es\/wp-json\/wp\/v2\/comments?post=233622"}],"version-history":[{"count":0,"href":"https:\/\/www.europesays.com\/es\/wp-json\/wp\/v2\/posts\/233622\/revisions"}],"wp:featuredmedia":[{"embeddable":true,"href":"https:\/\/www.europesays.com\/es\/wp-json\/wp\/v2\/media\/233623"}],"wp:attachment":[{"href":"https:\/\/www.europesays.com\/es\/wp-json\/wp\/v2\/media?parent=233622"}],"wp:term":[{"taxonomy":"category","embeddable":true,"href":"https:\/\/www.europesays.com\/es\/wp-json\/wp\/v2\/categories?post=233622"},{"taxonomy":"post_tag","embeddable":true,"href":"https:\/\/www.europesays.com\/es\/wp-json\/wp\/v2\/tags?post=233622"}],"curies":[{"name":"wp","href":"https:\/\/api.w.org\/{rel}","templated":true}]}}