{"id":233649,"date":"2025-11-13T11:48:18","date_gmt":"2025-11-13T11:48:18","guid":{"rendered":"https:\/\/www.europesays.com\/es\/233649\/"},"modified":"2025-11-13T11:48:18","modified_gmt":"2025-11-13T11:48:18","slug":"zurbaran-se-suma-a-la-galeria-de-cuadros-del-museo-de-antequera","status":"publish","type":"post","link":"https:\/\/www.europesays.com\/es\/233649\/","title":{"rendered":"Zurbar\u00e1n se suma a la galer\u00eda de cuadros del Museo de Antequera"},"content":{"rendered":"<p>El Museo de Antequera (MVCA) incorpora un cuadro del pintor barroco espa\u00f1ol Francisco Zurbar\u00e1n (1598-1664). El edificio monumental de la ciudad ampl\u00eda su amplia  &#8230; galer\u00eda pict\u00f3rica enriquecida con la &#8216;Colecci\u00f3n Delgado&#8217; que ya aportaba obras de Vel\u00e1zquez, Juan de Pareja, Murillo o Goya. Se trata de &#8216;La Virgen con el Ni\u00f1o sosteniendo en la cruz&#8217;, atribuido al pintor en su \u00faltima etapa, seg\u00fan respaldan tanto Rafael Romero del Estudio de Restauraci\u00f3n ICONO e Ignacio Cano Rivero, conservador del Museo de Bellas Artes de Sevilla. <\/p>\n<p class=\"v-p\">Esta colecci\u00f3n pertenece a una familia cordobesa que desde hace un a\u00f1o, cede cuadros de primer nivel al MVCA. En este caso, es una obra de su \u00faltima \u00e9poca cuando estaba ya en Madrid, que se ha podido atribuir, tras adquirirse en Alemania y restaurarse de regreso a Espa\u00f1a. La atribuci\u00f3n se basa en la comparativa con &#8216;La Virgen con el Ni\u00f1o&#8217;, expuesto en una muestra en Bilbao que pertenece a su \u00faltima \u00e9poca de pintor. <\/p>\n<p class=\"v-p\"> Se suma al museo antequerano donde la familia cordobesa lleva un a\u00f1o cediendo cuadros de firmas reconocidas que engrandece al MVCA la n\u00f3mina local de Correa, Mohedano, Bocanegra, Fern\u00e1ndez o Toral. Fue presentado ayer mi\u00e9rcoles por el alcalde de la ciudad Manuel Bar\u00f3n, la teniente de alcalde Ana Cebri\u00e1n, el director del MVCA Jos\u00e9 Escalante, la representante de la familia Delgado, Adriana Ferr\u00edn y Rafael Romero. <\/p>\n<p class=\"v-p\">Romero, del Estudio de Restauraci\u00f3n ICONO en Madrid, donde se ha restaurado e investigado sobre la obra, destaca que este lienzo \u00abes uno de los mejores ejemplos del interesante periodo de actividad del pintor en Madrid\u00bb. Se trata de la fase m\u00e1s tard\u00eda de actividad del pintor, \u00aben el que adapta sus t\u00e9cnicas pict\u00f3ricas y materiales para estar en consonancia con lo que se estaba haciendo en la capital de la Corte en ese momento\u00bb. <\/p>\n<p class=\"v-p\">Destaca la \u00absingular sofisticaci\u00f3n en la manera de realizar el manto azul, empleando como pigmento principal el lapisl\u00e1zuli, un exclusivo pigmento azul que los pintores de primer ya empleaban en Madrid en esos momentos\u00bb, totalmente diferente a lo que hab\u00eda hecho durante toda su vida en Sevilla.<\/p>\n<p class=\"v-p\"> Despliega una t\u00e9cnica pict\u00f3rica \u00abde extremada sensibilidad y efectos atmosf\u00e9ricos, tanto en el tratamiento de la luz como en el uso del color, en una obra que, por otro lado, se ha preservado perfectamente\u00bb.<\/p>\n<p class=\"v-p\">La familia Delgado comparte que Ignacio Cano Rivero, conservador del Museo de Bellas Artes de Sevilla y especialista en el pintor Zurbar\u00e1n, es quien ha publicado el primer art\u00edculo sobre esta atribuci\u00f3n \u00abdesconocida hasta ahora\u00bb. Fue cuando abandona \u00abcasi por completo la producci\u00f3n de ciclos pict\u00f3ricos para dedicarse a obras de car\u00e1cter m\u00e1s \u00edntimo y devocional, de menor formato y en su mayor parte protagonizadas por la Sagrada Familia o solamente por La Virgen con el Ni\u00f1o, como es esta obra que aqu\u00ed se presenta\u00bb.<\/p>\n<p class=\"v-p\">La obra del Museo de Bellas Artes de Bilbao, fechada en 1662, firmada y fechada tan s\u00f3lo dos a\u00f1os antes de su muerte, titulada &#8216;La Virgen con el Ni\u00f1o y San Juanito&#8217;, es el referente para la comparaci\u00f3n y atribuci\u00f3n.<\/p>\n","protected":false},"excerpt":{"rendered":"El Museo de Antequera (MVCA) incorpora un cuadro del pintor barroco espa\u00f1ol Francisco Zurbar\u00e1n (1598-1664). El edificio monumental&hellip;\n","protected":false},"author":2,"featured_media":233650,"comment_status":"","ping_status":"","sticky":false,"template":"","format":"standard","meta":{"footnotes":""},"categories":[173],"tags":[16848,229,233,231,230,4194,232,234,146,147,25,24,9192,470,23,4991,60881],"class_list":{"0":"post-233649","1":"post","2":"type-post","3":"status-publish","4":"format-standard","5":"has-post-thumbnail","7":"category-arte-y-diseno","8":"tag-antequera","9":"tag-arte","10":"tag-arte-y-diseno","11":"tag-arts","12":"tag-arts-and-design","13":"tag-cuadros","14":"tag-design","15":"tag-diseno","16":"tag-entertainment","17":"tag-entretenimiento","18":"tag-es","19":"tag-espana","20":"tag-galeria","21":"tag-museo","22":"tag-spain","23":"tag-suma","24":"tag-zurbaran"},"share_on_mastodon":{"url":"https:\/\/pubeurope.com\/@es\/115542235768624904","error":""},"_links":{"self":[{"href":"https:\/\/www.europesays.com\/es\/wp-json\/wp\/v2\/posts\/233649","targetHints":{"allow":["GET"]}}],"collection":[{"href":"https:\/\/www.europesays.com\/es\/wp-json\/wp\/v2\/posts"}],"about":[{"href":"https:\/\/www.europesays.com\/es\/wp-json\/wp\/v2\/types\/post"}],"author":[{"embeddable":true,"href":"https:\/\/www.europesays.com\/es\/wp-json\/wp\/v2\/users\/2"}],"replies":[{"embeddable":true,"href":"https:\/\/www.europesays.com\/es\/wp-json\/wp\/v2\/comments?post=233649"}],"version-history":[{"count":0,"href":"https:\/\/www.europesays.com\/es\/wp-json\/wp\/v2\/posts\/233649\/revisions"}],"wp:featuredmedia":[{"embeddable":true,"href":"https:\/\/www.europesays.com\/es\/wp-json\/wp\/v2\/media\/233650"}],"wp:attachment":[{"href":"https:\/\/www.europesays.com\/es\/wp-json\/wp\/v2\/media?parent=233649"}],"wp:term":[{"taxonomy":"category","embeddable":true,"href":"https:\/\/www.europesays.com\/es\/wp-json\/wp\/v2\/categories?post=233649"},{"taxonomy":"post_tag","embeddable":true,"href":"https:\/\/www.europesays.com\/es\/wp-json\/wp\/v2\/tags?post=233649"}],"curies":[{"name":"wp","href":"https:\/\/api.w.org\/{rel}","templated":true}]}}