{"id":233662,"date":"2025-11-13T11:57:10","date_gmt":"2025-11-13T11:57:10","guid":{"rendered":"https:\/\/www.europesays.com\/es\/233662\/"},"modified":"2025-11-13T11:57:10","modified_gmt":"2025-11-13T11:57:10","slug":"bruselas-abre-un-expediente-sancionador-a-google-por-discriminar-los-contenidos-de-medios-en-los-resultados-de-busqueda","status":"publish","type":"post","link":"https:\/\/www.europesays.com\/es\/233662\/","title":{"rendered":"Bruselas abre un expediente sancionador a Google por discriminar los contenidos de medios en los resultados de b\u00fasqueda"},"content":{"rendered":"<p style=\"\">La Comisi\u00f3n Europea ha informado este jueves del inicio de una <strong>investigaci\u00f3n formal contra Google <\/strong>por discriminar el contenido de los medios de comunicaci\u00f3n en los resultados de b\u00fasqueda, una pr\u00e1ctica que, de confirmarse, supone un<strong>a violaci\u00f3n de la Ley de Mercados Digitales <\/strong>( &#8230; DMA, por sus siglas en ingl\u00e9s) y expone a la compa\u00f1\u00eda a una multa millonaria.<\/p>\n<p class=\"voc-p\" style=\"\">\u00abTomamos medidas para garantizar que los guardianes de acceso digitales no restrinjan injustamente a las empresas que dependan de ellos para la promoci\u00f3n de sus propios productos y servicios\u00bb, ha declarado la vicepresidenta del Ejecutivo comunitario responsable de Competencia, Teresa Ribera, en un comunicado para explicar el <strong>inicio del expediente sancionador.<\/strong><\/p>\n<p class=\"voc-p\" style=\"\">La responsable comunitario ha precisado que las preocupaciones de Bruselas <strong>se centran en que las pol\u00edticas de Google \u00abno permitan que los editores de noticias reciban un trato justo<\/strong>, razonable y no discriminatorio en sus resultados de b\u00fasqueda\u00bb.<\/p>\n<p class=\"voc-p\" style=\"\">Por ello, ha a\u00f1adido, los servicios comunitarios investigar\u00e1n en profundidad que los medios de comunicaci\u00f3n \u00ab<strong>no pierdan ingresos importantes en un momento dif\u00edcil para la industria<\/strong>, y para garantizar que Google cumpla con la Ley de Mercados Digitales\u00bb.<\/p>\n<p class=\"voc-p\" style=\"\">El Ejecutivo comunitario <strong>espera resolver la investigaci\u00f3n en un plazo m\u00e1ximo de doce meses<\/strong> a partir de la apertura del procedimiento, un periodo durante el que podr\u00e1 informar a Alphabet si ha encontrado pruebas claras de incumplimiento y detallar\u00e1 las medidas posibles para resolver la investigaci\u00f3n.<\/p>\n<p class=\"voc-p\" style=\"\">En caso de infracci\u00f3n<strong>, la Comisi\u00f3n puede imponer multas de hasta el 10% del volumen de negocios total de la empresa<\/strong> en todo el mundo; una sanci\u00f3n que puede elevarse hasta el 20% en caso de reincidencia.<\/p>\n","protected":false},"excerpt":{"rendered":"La Comisi\u00f3n Europea ha informado este jueves del inicio de una investigaci\u00f3n formal contra Google por discriminar el&hellip;\n","protected":false},"author":2,"featured_media":233663,"comment_status":"","ping_status":"","sticky":false,"template":"","format":"standard","meta":{"footnotes":""},"categories":[80],"tags":[490,2317,82,20263,6093,47688,95,94,25,24,11569,5003,1827,885,60884,23],"class_list":{"0":"post-233662","1":"post","2":"type-post","3":"status-publish","4":"format-standard","5":"has-post-thumbnail","7":"category-economia","8":"tag-abre","9":"tag-bruselas","10":"tag-business","11":"tag-busqueda","12":"tag-contenidos","13":"tag-discriminar","14":"tag-economia","15":"tag-economy","16":"tag-es","17":"tag-espana","18":"tag-expediente","19":"tag-google","20":"tag-medios","21":"tag-resultados","22":"tag-sancionador","23":"tag-spain"},"share_on_mastodon":{"url":"https:\/\/pubeurope.com\/@es\/115542271336377812","error":""},"_links":{"self":[{"href":"https:\/\/www.europesays.com\/es\/wp-json\/wp\/v2\/posts\/233662","targetHints":{"allow":["GET"]}}],"collection":[{"href":"https:\/\/www.europesays.com\/es\/wp-json\/wp\/v2\/posts"}],"about":[{"href":"https:\/\/www.europesays.com\/es\/wp-json\/wp\/v2\/types\/post"}],"author":[{"embeddable":true,"href":"https:\/\/www.europesays.com\/es\/wp-json\/wp\/v2\/users\/2"}],"replies":[{"embeddable":true,"href":"https:\/\/www.europesays.com\/es\/wp-json\/wp\/v2\/comments?post=233662"}],"version-history":[{"count":0,"href":"https:\/\/www.europesays.com\/es\/wp-json\/wp\/v2\/posts\/233662\/revisions"}],"wp:featuredmedia":[{"embeddable":true,"href":"https:\/\/www.europesays.com\/es\/wp-json\/wp\/v2\/media\/233663"}],"wp:attachment":[{"href":"https:\/\/www.europesays.com\/es\/wp-json\/wp\/v2\/media?parent=233662"}],"wp:term":[{"taxonomy":"category","embeddable":true,"href":"https:\/\/www.europesays.com\/es\/wp-json\/wp\/v2\/categories?post=233662"},{"taxonomy":"post_tag","embeddable":true,"href":"https:\/\/www.europesays.com\/es\/wp-json\/wp\/v2\/tags?post=233662"}],"curies":[{"name":"wp","href":"https:\/\/api.w.org\/{rel}","templated":true}]}}