{"id":233664,"date":"2025-11-13T11:58:13","date_gmt":"2025-11-13T11:58:13","guid":{"rendered":"https:\/\/www.europesays.com\/es\/233664\/"},"modified":"2025-11-13T11:58:13","modified_gmt":"2025-11-13T11:58:13","slug":"el-gobierno-de-ecuador-preve-instalar-dos-bases-de-estados-unidos-en-su-territorio-una-militar-y-otra-de-seguridad","status":"publish","type":"post","link":"https:\/\/www.europesays.com\/es\/233664\/","title":{"rendered":"El Gobierno de Ecuador prev\u00e9 instalar dos bases de Estados Unidos en su territorio: una militar y otra de seguridad"},"content":{"rendered":"<p><img alt=\"La secretaria de Seguridad Nacional\" class=\"global-image\" decoding=\"async\" fetchpriority=\"high\" height=\"3592\" loading=\"eager\" src=\"https:\/\/www.europesays.com\/es\/wp-content\/uploads\/2025\/11\/SKOY7HLVBVEG3PNECMA6KLYRWE.JPG\" width=\"5388\"\/>La secretaria de Seguridad Nacional de Estados Unidos, Kristi Noem, acompa\u00f1ada por el presidente de Ecuador, Daniel Noboa, pronuncia un discurso durante su visita a la Base A\u00e9rea Ulpiano P\u00e1ez, en Salinas (Alex Brandon\/REUTERS)<\/p>\n<p class=\"paragraph\">El <b>Gobierno de Ecuador<\/b> contempla el establecimiento de <b>dos bases estadounidenses<\/b> en territorio nacional, de aprobarse en el refer\u00e9ndum la reforma constitucional que permitir\u00eda instalaciones militares extranjeras.<\/p>\n<p class=\"paragraph\">Esta cuesti\u00f3n ser\u00e1 sometida a consulta ciudadana el pr\u00f3ximo domingo, por iniciativa del presidente Daniel Noboa. El ministro del Interior, <b>John Reimberg<\/b>, detall\u00f3 en Radio Centro de <b>Guayaquil<\/b> que una base se ubicar\u00eda en <b>Manta<\/b>\u2014donde entre 1999 y 2009 ya operaron fuerzas armadas de Estados Unidos\u2014y otra en <b>Salinas<\/b>, ambas sobre la costa continental.<\/p>\n<p class=\"paragraph\">La semana pasada, la secretaria de Seguridad Nacional de Estados Unidos, <b>Kristi Noem<\/b>, visit\u00f3 estos dos emplazamientos en su segunda visita al pa\u00eds en solo tres meses.<\/p>\n<p class=\"paragraph\">Seg\u00fan Reimberg, una de las instalaciones\u2014sin especificar cu\u00e1l\u2014ser\u00eda gestionada directamente por el <b>Departamento de Seguridad Nacional<\/b> de Estados Unidos (Homeland Security), a cargo de seguridad p\u00fablica, lucha antiterrorista, gesti\u00f3n fronteriza y ciberseguridad, entre otros.<\/p>\n<p class=\"paragraph\">El funcionario ecuatoriano argument\u00f3: \u201c<b>Queremos atacar con todas las fuerzas a los grupos criminales<\/b> (&#8230;) Trabajar en conjunto en dos bases donde nuestro personal pueda intervenir en el manejo de informaci\u00f3n es lo que necesitamos\u201d.<\/p>\n<p><img alt=\"La semana pasada, la secretaria\" class=\"global-image\" decoding=\"async\" fetchpriority=\"low\" height=\"3954\" loading=\"lazy\" src=\"https:\/\/www.europesays.com\/es\/wp-content\/uploads\/2025\/11\/5545TGUBTVF6RNL2YMFTW4IEZM.JPG\" width=\"5931\"\/>La semana pasada, la secretaria de Seguridad Nacional de Estados Unidos, Kristi Noem, visit\u00f3 estos dos emplazamientos en su segunda visita al pa\u00eds en solo tres meses (REUTERS)<\/p>\n<p class=\"paragraph\">La posibilidad de instalar bases extranjeras depende exclusivamente de la voluntad popular expresada en el refer\u00e9ndum, ya que la legislaci\u00f3n vigente, impulsada en 2008 por el entonces presidente <b>Rafael Correa<\/b>, proh\u00edbe expl\u00edcitamente estas infraestructuras.<\/p>\n<p class=\"paragraph\">Ecuador tuvo una base militar de <b>Estados Unidos<\/b> en las <b>islas Gal\u00e1pagos<\/b> durante la Segunda Guerra Mundial y, posteriormente, la de <b>Manta<\/b> durante una d\u00e9cada, hasta la entrada en vigor de la actual Constituci\u00f3n. Sin embargo, las autoridades ecuatorianas descartaron que vuelva a colocarse una instalaci\u00f3n en las islas.<\/p>\n<p class=\"paragraph\"><b>Manta<\/b> se destaca por su puerto estrat\u00e9gico y por concentrar operaciones de grupos criminales que, desde esta costa, despachan grandes cantidades de <b>coca\u00edna<\/b> hacia Centroam\u00e9rica utilizando \u201cnarcolanchas\u201d.<\/p>\n<p class=\"paragraph\"><b>Reimberg<\/b>, subray\u00f3 una vez m\u00e1s el inter\u00e9s de <b>Estados Unidos<\/b>, principal aliado de <b>Ecuador<\/b> en la lucha contra el crimen organizado, en instalar ambas bases en territorio ecuatoriano y destac\u00f3 que ese compromiso qued\u00f3 evidenciado durante la visita de<b> Noem. <\/b><\/p>\n<p class=\"paragraph\">La secretaria de Seguridad Nacional recorri\u00f3 junto a autoridades nacionales las posibles localizaciones para las infraestructuras. <b>\u201c\u00bfPor qu\u00e9 si no vendr\u00eda Noem por segunda vez de forma r\u00e1pida?\u201d<\/b>, cuestion\u00f3 Reimberg, recordando que la funcionaria tambi\u00e9n estuvo en Ecuador en julio y que, en su reciente desplazamiento, el foco fue reconocer in situ Manta y Salinas con el gobierno y las fuerzas de seguridad ecuatorianas.<\/p>\n<p><img alt=\"La secretaria de Seguridad Nacional\" class=\"global-image\" decoding=\"async\" fetchpriority=\"low\" height=\"2351\" loading=\"lazy\" src=\"https:\/\/www.europesays.com\/es\/wp-content\/uploads\/2025\/11\/34BYGGREMVD3HPCRJRX2O3PH5Q.JPG\" width=\"3527\"\/>La secretaria de Seguridad Nacional recorri\u00f3 junto a autoridades nacionales las posibles localizaciones para las infraestructuras (REUTERS)<\/p>\n<p class=\"paragraph\">El ministro de Defensa ecuatoriano, <b>Gian Carlo Loffredo<\/b>, sostuvo que el <b>incremento del tr\u00e1fico de sustancias sujetas a fiscalizaci\u00f3n<\/b> tras el cierre de la base estadounidense en Manta constituye un motivo suficiente para reactivar la cooperaci\u00f3n bilateral, ahora enfocada en la provisi\u00f3n de recursos tecnol\u00f3gicos.<\/p>\n<p class=\"paragraph\">Al t\u00e9rmino de su visita, <b>Noem<\/b> calific\u00f3 a Ecuador como un socio <b>\u201cexcelente\u201d<\/b> en la lucha contra <b>narcotr\u00e1fico<\/b>, <b>inmigraci\u00f3n ilegal<\/b> y <b>contrabando<\/b>, tanto terrestre como mar\u00edtimo. Para las autoridades ecuatorianas, la ciudad de Salinas \u2014el punto m\u00e1s occidental del Ecuador continental frente al oc\u00e9ano Pac\u00edfico\u2014 reviste particular valor estrat\u00e9gico para la contenci\u00f3n de delitos transnacionales.<\/p>\n<p class=\"paragraph\">Loffredo reiter\u00f3 que las operaciones de seguridad continuar\u00e1n bajo control exclusivo de Ecuador, aunque reconoci\u00f3 la importancia de contar con tecnolog\u00eda extranjera para detectar e interceptar actividades il\u00edcitas tanto en las fronteras como en el mar.<\/p>\n<p class=\"paragraph\">(Con informaci\u00f3n de EFE)<\/p>\n","protected":false},"excerpt":{"rendered":"La secretaria de Seguridad Nacional de Estados Unidos, Kristi Noem, acompa\u00f1ada por el presidente de Ecuador, Daniel Noboa,&hellip;\n","protected":false},"author":2,"featured_media":233665,"comment_status":"","ping_status":"","sticky":false,"template":"","format":"standard","meta":{"footnotes":""},"categories":[42],"tags":[17,18,405,13,14,11,61,62,63,64,19,20,9,10,15,16,48876,757,12,21,22,65,66,67],"class_list":{"0":"post-233664","1":"post","2":"type-post","3":"status-publish","4":"format-standard","5":"has-post-thumbnail","7":"category-internacional","8":"tag-breaking-news","9":"tag-breakingnews","10":"tag-diplomacy-foreign-policy","11":"tag-featured-news","12":"tag-featurednews","13":"tag-headlines","14":"tag-internacional","15":"tag-international","16":"tag-international-news","17":"tag-internationalnews","18":"tag-latest-news","19":"tag-latestnews","20":"tag-news","21":"tag-noticias","22":"tag-noticias-destacadas","23":"tag-noticiasdestacadas","24":"tag-relations","25":"tag-south-america-central-america","26":"tag-titulares","27":"tag-ultimas-noticias","28":"tag-ultimasnoticias","29":"tag-world","30":"tag-world-news","31":"tag-worldnews"},"share_on_mastodon":{"url":"https:\/\/pubeurope.com\/@es\/115542276207666939","error":""},"_links":{"self":[{"href":"https:\/\/www.europesays.com\/es\/wp-json\/wp\/v2\/posts\/233664","targetHints":{"allow":["GET"]}}],"collection":[{"href":"https:\/\/www.europesays.com\/es\/wp-json\/wp\/v2\/posts"}],"about":[{"href":"https:\/\/www.europesays.com\/es\/wp-json\/wp\/v2\/types\/post"}],"author":[{"embeddable":true,"href":"https:\/\/www.europesays.com\/es\/wp-json\/wp\/v2\/users\/2"}],"replies":[{"embeddable":true,"href":"https:\/\/www.europesays.com\/es\/wp-json\/wp\/v2\/comments?post=233664"}],"version-history":[{"count":0,"href":"https:\/\/www.europesays.com\/es\/wp-json\/wp\/v2\/posts\/233664\/revisions"}],"wp:featuredmedia":[{"embeddable":true,"href":"https:\/\/www.europesays.com\/es\/wp-json\/wp\/v2\/media\/233665"}],"wp:attachment":[{"href":"https:\/\/www.europesays.com\/es\/wp-json\/wp\/v2\/media?parent=233664"}],"wp:term":[{"taxonomy":"category","embeddable":true,"href":"https:\/\/www.europesays.com\/es\/wp-json\/wp\/v2\/categories?post=233664"},{"taxonomy":"post_tag","embeddable":true,"href":"https:\/\/www.europesays.com\/es\/wp-json\/wp\/v2\/tags?post=233664"}],"curies":[{"name":"wp","href":"https:\/\/api.w.org\/{rel}","templated":true}]}}