{"id":233679,"date":"2025-11-13T12:11:17","date_gmt":"2025-11-13T12:11:17","guid":{"rendered":"https:\/\/www.europesays.com\/es\/233679\/"},"modified":"2025-11-13T12:11:17","modified_gmt":"2025-11-13T12:11:17","slug":"las-mejores-fotografias-panoramicas-del-ano-estas-son-las-espectaculares-imagenes-ganadoras-de-los-epson-internacional-pano-awards-2025","status":"publish","type":"post","link":"https:\/\/www.europesays.com\/es\/233679\/","title":{"rendered":"Las mejores fotograf\u00edas panor\u00e1micas del a\u00f1o: estas son las espectaculares im\u00e1genes ganadoras de los Epson Internacional Pano Awards 2025"},"content":{"rendered":"<p>\t\t\t<a class=\"cl-social-share-icon cl-icon-fb\" title=\"Compartir en Facebook\" href=\"https:\/\/www.facebook.com\/sharer\/sharer.php?u=https%3A%2F%2Fphotolari.com%2Fpano-awards-2025-estas-son-las-mejores-fotografias-panoramicas-del-ano%2F\" target=\"_blank\" rel=\"noopener noreferrer nofollow\"><\/p>\n<p>\t\t\t<\/a><\/p>\n<p>\t\t\t<a class=\"cl-social-share-icon cl-icon-bs\" title=\"Compartir en Bluesky\" href=\"https:\/\/bsky.app\/intent\/compose?text=Las%20mejores%20fotograf%C3%ADas%20panor%C3%A1micas%20del%20a%C3%B1o%3A%20estas%20son%20las%20espectaculares%20im%C3%A1genes%20ganadoras%20de%20los%20Epson%20Internacional%20Pano%20Awards%202025+https%3A%2F%2Fphotolari.com%2Fpano-awards-2025-estas-son-las-mejores-fotografias-panoramicas-del-ano%2F\" target=\"_blank\" rel=\"noopener noreferrer nofollow\"><\/p>\n<p>\t\t\t<\/a><\/p>\n<p>\t\t\t<a class=\"cl-social-share-icon cl-icon-x\" title=\"Compartir en X\" href=\"https:\/\/twitter.com\/intent\/tweet?url=https%3A%2F%2Fphotolari.com%2Fpano-awards-2025-estas-son-las-mejores-fotografias-panoramicas-del-ano%2F&amp;text=Las%20mejores%20fotograf%C3%ADas%20panor%C3%A1micas%20del%20a%C3%B1o%3A%20estas%20son%20las%20espectaculares%20im%C3%A1genes%20ganadoras%20de%20los%20Epson%20Internacional%20Pano%20Awards%202025\" target=\"_blank\" rel=\"noopener noreferrer nofollow\"><\/p>\n<p>\t\t\t<\/a><\/p>\n<p>La 16\u00aa edici\u00f3n de los <a href=\"https:\/\/thepanoawards.com\" rel=\"nofollow noopener\" target=\"_blank\">Epson Internacional Pano Awards<\/a> ha anunciado a los ganadores y ganadoras de 2025. Un certamen que re\u00fane trabajos profesionales y amateurs de todo el mundo para premiar las mejores fotograf\u00edas panor\u00e1micas del a\u00f1o.\u00a0<\/p>\n<p>El fot\u00f3grafo italiano Alex Wides se ha alzado con el t\u00edtulo Open Photographer of the year gracias a una serie de im\u00e1genes que destacan por su t\u00e9cnica y narrativa visual como la fotograf\u00eda titulada Last Fireworks, una panor\u00e1mica de un espectacular atardecer entre unas crestas rocosas en Argelia con la que tambi\u00e9n ha ganado el primer premio en la categor\u00eda Open Naturaleza y paisaje. La organizaci\u00f3n resalta el trabajo de una composici\u00f3n que no descuida la emoci\u00f3n del paisaje.\u00a0<\/p>\n<p>\nPublicidad&#13;<br \/>\n  &#13;\n<\/p>\n<p><img fetchpriority=\"high\" decoding=\"async\" data-attachment-id=\"83241\" data-permalink=\"https:\/\/photolari.com\/pano-awards-2025-estas-son-las-mejores-fotografias-panoramicas-del-ano\/alex-wides-open-photographer-of-the-year\/\" data-orig-file=\"https:\/\/www.europesays.com\/es\/wp-content\/uploads\/2025\/11\/alex-wides-open-photographer-of-the-year.jpg\" data-orig-size=\"1200,600\" data-comments-opened=\"1\" data-image-meta=\"{&quot;aperture&quot;:&quot;0&quot;,&quot;credit&quot;:&quot;&quot;,&quot;camera&quot;:&quot;&quot;,&quot;caption&quot;:&quot;&quot;,&quot;created_timestamp&quot;:&quot;0&quot;,&quot;copyright&quot;:&quot;Property @ALEX_WIDES&quot;,&quot;focal_length&quot;:&quot;0&quot;,&quot;iso&quot;:&quot;0&quot;,&quot;shutter_speed&quot;:&quot;0&quot;,&quot;title&quot;:&quot;&quot;,&quot;orientation&quot;:&quot;1&quot;}\" data-image-title=\"\u00a9 Alex Wides \u2013 Open Photographer of the Year\" data-image-description=\"\" data-image-caption=\"&lt;p&gt;\u00a9 Alex Wides \u2013 Open Photographer of the Year&lt;\/p&gt;&#10;\" data-medium-file=\"https:\/\/photolari.com\/wp-content\/uploads\/2025\/11\/alex-wides-open-photographer-of-the-year-300x150.jpg\" data-large-file=\"https:\/\/photolari.com\/wp-content\/uploads\/2025\/11\/alex-wides-open-photographer-of-the-year-1030x515.jpg\" class=\"size-full wp-image-83241\" src=\"https:\/\/www.europesays.com\/es\/wp-content\/uploads\/2025\/11\/alex-wides-open-photographer-of-the-year.jpg\" alt=\"\u00a9 Alex Wides \u2013 Open Photographer of the Year\" width=\"1200\" height=\"600\"  \/>\u00a9 Alex Wides \u2013 Open Photographer of the Year<\/p>\n<p>Wides cuenta que realiz\u00f3 esta imagen con una Sony A7 IV, un objetivo ojo de pez y un tr\u00edpode. Captur\u00f3 una secuencia completa de multiexposici\u00f3n a f8 girando cuidadosamente alrededor del punto nodal para crear una panor\u00e1mica perfecta de 360\u00ba.<\/p>\n<p><img loading=\"lazy\" decoding=\"async\" data-attachment-id=\"83243\" data-permalink=\"https:\/\/photolari.com\/pano-awards-2025-estas-son-las-mejores-fotografias-panoramicas-del-ano\/daniel-vine-garcia-epson-digital-art-prize\/\" data-orig-file=\"https:\/\/www.europesays.com\/es\/wp-content\/uploads\/2025\/11\/daniel-vine-garcia-epson-digital-art-prize.jpg\" data-orig-size=\"1200,600\" data-comments-opened=\"1\" data-image-meta=\"{&quot;aperture&quot;:&quot;0&quot;,&quot;credit&quot;:&quot;&quot;,&quot;camera&quot;:&quot;&quot;,&quot;caption&quot;:&quot;&quot;,&quot;created_timestamp&quot;:&quot;0&quot;,&quot;copyright&quot;:&quot;&quot;,&quot;focal_length&quot;:&quot;0&quot;,&quot;iso&quot;:&quot;0&quot;,&quot;shutter_speed&quot;:&quot;0&quot;,&quot;title&quot;:&quot;&quot;,&quot;orientation&quot;:&quot;1&quot;}\" data-image-title=\"\u00a9 Daniel Vi\u00f1\u00e9 Garcia \u2013 Epson Digital Art Prize\" data-image-description=\"\" data-image-caption=\"&lt;p&gt;\u00a9 Daniel Vi\u00f1\u00e9 Garcia \u2013 Epson Digital Art Prize&lt;\/p&gt;&#10;\" data-medium-file=\"https:\/\/photolari.com\/wp-content\/uploads\/2025\/11\/daniel-vine-garcia-epson-digital-art-prize-300x150.jpg\" data-large-file=\"https:\/\/photolari.com\/wp-content\/uploads\/2025\/11\/daniel-vine-garcia-epson-digital-art-prize-1030x515.jpg\" class=\"size-full wp-image-83243\" src=\"https:\/\/www.europesays.com\/es\/wp-content\/uploads\/2025\/11\/daniel-vine-garcia-epson-digital-art-prize.jpg\" alt=\"\u00a9 Daniel Vi\u00f1\u00e9 Garcia \u2013 Epson Digital Art Prize\" width=\"1200\" height=\"600\"  \/>\u00a9 Daniel Vi\u00f1\u00e9 Garcia \u2013 Epson Digital Art Prize<\/p>\n<p>El fot\u00f3grafo espa\u00f1ol Daniel Vi\u00f1\u00e9 Garc\u00eda ha ganado el premio Epson Digital Art Prize y el Raw Planet Award. El primero con una bonita panor\u00e1mica realizada en un pueblo costero de Vietnam. Tres mujeres trabajan remendando redes de pesca siguiendo una tradici\u00f3n ancestral que es la base de su sustento. Y el segundo con una imagen en Factory Butte (Utah, Estados Unidos) capturada con un dron y que refleja la dureza extrema del paisaje.<\/p>\n<p><img loading=\"lazy\" decoding=\"async\" data-attachment-id=\"83244\" data-permalink=\"https:\/\/photolari.com\/pano-awards-2025-estas-son-las-mejores-fotografias-panoramicas-del-ano\/daniel-vine-garcia-raw-planet-award\/\" data-orig-file=\"https:\/\/www.europesays.com\/es\/wp-content\/uploads\/2025\/11\/daniel-vine-garcia-raw-planet-award.jpg\" data-orig-size=\"1200,541\" data-comments-opened=\"1\" data-image-meta=\"{&quot;aperture&quot;:&quot;0&quot;,&quot;credit&quot;:&quot;&quot;,&quot;camera&quot;:&quot;&quot;,&quot;caption&quot;:&quot;&quot;,&quot;created_timestamp&quot;:&quot;0&quot;,&quot;copyright&quot;:&quot;&quot;,&quot;focal_length&quot;:&quot;0&quot;,&quot;iso&quot;:&quot;0&quot;,&quot;shutter_speed&quot;:&quot;0&quot;,&quot;title&quot;:&quot;&quot;,&quot;orientation&quot;:&quot;1&quot;}\" data-image-title=\"\u00a9 Daniel Vi\u00f1\u00e9 Garcia \u2013 RAW Planet Award\" data-image-description=\"\" data-image-caption=\"&lt;p&gt;\u00a9 Daniel Vi\u00f1\u00e9 Garcia \u2013 RAW Planet Award&lt;\/p&gt;&#10;\" data-medium-file=\"https:\/\/photolari.com\/wp-content\/uploads\/2025\/11\/daniel-vine-garcia-raw-planet-award-300x135.jpg\" data-large-file=\"https:\/\/photolari.com\/wp-content\/uploads\/2025\/11\/daniel-vine-garcia-raw-planet-award-1030x464.jpg\" class=\"size-full wp-image-83244\" src=\"https:\/\/www.europesays.com\/es\/wp-content\/uploads\/2025\/11\/daniel-vine-garcia-raw-planet-award.jpg\" alt=\"\u00a9 Daniel Vi\u00f1\u00e9 Garcia \u2013 RAW Planet Award\" width=\"1200\" height=\"541\"  \/>\u00a9 Daniel Vi\u00f1\u00e9 Garcia \u2013 RAW Planet Award<\/p>\n<p>Por su parte, el tambi\u00e9n espa\u00f1ol Pedro Nogales ha sido el ganador en la categor\u00eda amateur Entorno construido\/ Arquitectura con una fotograf\u00eda impactante de una de la torre PwC, el tercer rascacielos m\u00e1s alto de Espa\u00f1a y que junto a otras tres torres conforman el parque empresarial Cuatro Torres Business Area (CTBA) de Madrid.<\/p>\n<p><img loading=\"lazy\" decoding=\"async\" data-attachment-id=\"83235\" data-permalink=\"https:\/\/photolari.com\/pano-awards-2025-estas-son-las-mejores-fotografias-panoramicas-del-ano\/pedro-nogales-first-place-built-environment-category\/\" data-orig-file=\"https:\/\/www.europesays.com\/es\/wp-content\/uploads\/2025\/11\/pedro-nogales-first-place-built-environment-category.jpg\" data-orig-size=\"1200,600\" data-comments-opened=\"1\" data-image-meta=\"{&quot;aperture&quot;:&quot;5.6&quot;,&quot;credit&quot;:&quot;Pedro Nogales Tena&quot;,&quot;camera&quot;:&quot;NIKON D750&quot;,&quot;caption&quot;:&quot;&quot;,&quot;created_timestamp&quot;:&quot;1660407808&quot;,&quot;copyright&quot;:&quot;Pedro Nogales Tena&quot;,&quot;focal_length&quot;:&quot;16&quot;,&quot;iso&quot;:&quot;125&quot;,&quot;shutter_speed&quot;:&quot;0.01&quot;,&quot;title&quot;:&quot;&quot;,&quot;orientation&quot;:&quot;1&quot;}\" data-image-title=\"\u00a9 Pedro Nogales \u2013 First Place Built Environment Category\" data-image-description=\"\" data-image-caption=\"&lt;p&gt;\u00a9 Pedro Nogales \u2013 First Place Built Environment Category Amateur&lt;\/p&gt;&#10;\" data-medium-file=\"https:\/\/photolari.com\/wp-content\/uploads\/2025\/11\/pedro-nogales-first-place-built-environment-category-300x150.jpg\" data-large-file=\"https:\/\/photolari.com\/wp-content\/uploads\/2025\/11\/pedro-nogales-first-place-built-environment-category-1030x515.jpg\" class=\"size-full wp-image-83235\" src=\"https:\/\/www.europesays.com\/es\/wp-content\/uploads\/2025\/11\/pedro-nogales-first-place-built-environment-category.jpg\" alt=\"\u00a9 Pedro Nogales \u2013 First Place Built Environment Category\" width=\"1200\" height=\"600\"  \/>\u00a9 Pedro Nogales \u2013 First Place Built Environment Category<\/p>\n<p>Aqu\u00ed os dejamos algunas de las fotograf\u00edas premiadas pero en <a href=\"https:\/\/thepanoawards.com\/2025-winners-gallery\/\" rel=\"nofollow noopener\" target=\"_blank\">la web del concurso<\/a> puede verse la galer\u00eda completa de finalistas.<\/p>\n<p><strong>Fot\u00f3grafo del a\u00f1o del sudeste Asi\u00e1tico<\/strong><br \/>\n<img loading=\"lazy\" decoding=\"async\" data-attachment-id=\"83240\" data-permalink=\"https:\/\/photolari.com\/pano-awards-2025-estas-son-las-mejores-fotografias-panoramicas-del-ano\/william-chua-southeast-asia-open-photographer-of-the-year\/\" data-orig-file=\"https:\/\/www.europesays.com\/es\/wp-content\/uploads\/2025\/11\/william-chua-southeast-asia-open-photographer-of-the-year.jpg\" data-orig-size=\"1200,564\" data-comments-opened=\"1\" data-image-meta=\"{&quot;aperture&quot;:&quot;5.6&quot;,&quot;credit&quot;:&quot;&quot;,&quot;camera&quot;:&quot;GFX100 II&quot;,&quot;caption&quot;:&quot;&quot;,&quot;created_timestamp&quot;:&quot;1723716032&quot;,&quot;copyright&quot;:&quot;&quot;,&quot;focal_length&quot;:&quot;500&quot;,&quot;iso&quot;:&quot;1250&quot;,&quot;shutter_speed&quot;:&quot;0.00025&quot;,&quot;title&quot;:&quot;&quot;,&quot;orientation&quot;:&quot;1&quot;}\" data-image-title=\"\u00a9 William Chua \u2013 Southeast Asia Open Photographer of the Year\" data-image-description=\"\" data-image-caption=\"&lt;p&gt;\u00a9 William Chua \u2013 Southeast Asia Open Photographer of the Year&lt;\/p&gt;&#10;\" data-medium-file=\"https:\/\/photolari.com\/wp-content\/uploads\/2025\/11\/william-chua-southeast-asia-open-photographer-of-the-year-300x141.jpg\" data-large-file=\"https:\/\/photolari.com\/wp-content\/uploads\/2025\/11\/william-chua-southeast-asia-open-photographer-of-the-year-1030x484.jpg\" class=\"size-full wp-image-83240\" src=\"https:\/\/www.europesays.com\/es\/wp-content\/uploads\/2025\/11\/william-chua-southeast-asia-open-photographer-of-the-year.jpg\" alt=\"\u00a9 William Chua \u2013 Southeast Asia Open Photographer of the Year\" width=\"1200\" height=\"564\"  \/>\u00a9 William Chua \u2013 Southeast Asia Open Photographer of the Year<br \/>\n<strong>Fot\u00f3grafo del a\u00f1o amateur<\/strong><br \/>\n<img loading=\"lazy\" decoding=\"async\" data-attachment-id=\"83245\" data-permalink=\"https:\/\/photolari.com\/pano-awards-2025-estas-son-las-mejores-fotografias-panoramicas-del-ano\/kevin-nyun-amateur-photographer-of-the-year\/\" data-orig-file=\"https:\/\/www.europesays.com\/es\/wp-content\/uploads\/2025\/11\/kevin-nyun-amateur-photographer-of-the-year.jpg\" data-orig-size=\"1200,600\" data-comments-opened=\"1\" data-image-meta=\"{&quot;aperture&quot;:&quot;11&quot;,&quot;credit&quot;:&quot;&quot;,&quot;camera&quot;:&quot;L2D-20c&quot;,&quot;caption&quot;:&quot;&quot;,&quot;created_timestamp&quot;:&quot;1745013196&quot;,&quot;copyright&quot;:&quot;&quot;,&quot;focal_length&quot;:&quot;12.29&quot;,&quot;iso&quot;:&quot;100&quot;,&quot;shutter_speed&quot;:&quot;0.002&quot;,&quot;title&quot;:&quot;&quot;,&quot;orientation&quot;:&quot;1&quot;}\" data-image-title=\"\u00a9 Kevin Nyun \u2013 Amateur Photographer of the Year\" data-image-description=\"\" data-image-caption=\"&lt;p&gt;\u00a9 Kevin Nyun \u2013 Amateur Photographer of the Year&lt;\/p&gt;&#10;\" data-medium-file=\"https:\/\/photolari.com\/wp-content\/uploads\/2025\/11\/kevin-nyun-amateur-photographer-of-the-year-300x150.jpg\" data-large-file=\"https:\/\/photolari.com\/wp-content\/uploads\/2025\/11\/kevin-nyun-amateur-photographer-of-the-year-1030x515.jpg\" class=\"size-full wp-image-83245\" src=\"https:\/\/www.europesays.com\/es\/wp-content\/uploads\/2025\/11\/kevin-nyun-amateur-photographer-of-the-year.jpg\" alt=\"\u00a9 Kevin Nyun \u2013 Amateur Photographer of the Year\" width=\"1200\" height=\"600\"  \/>\u00a9 Kevin Nyun \u2013 Amateur Photographer of the Year<br \/>\n<strong>VR \/ 360\u00a0<\/strong><br \/>\n<img loading=\"lazy\" decoding=\"async\" data-attachment-id=\"83237\" data-permalink=\"https:\/\/photolari.com\/pano-awards-2025-estas-son-las-mejores-fotografias-panoramicas-del-ano\/cristoph-simon-vr360-winner\/\" data-orig-file=\"https:\/\/www.europesays.com\/es\/wp-content\/uploads\/2025\/11\/cristoph-simon-vr360-winner.jpg\" data-orig-size=\"1200,600\" data-comments-opened=\"1\" data-image-meta=\"{&quot;aperture&quot;:&quot;0&quot;,&quot;credit&quot;:&quot;&quot;,&quot;camera&quot;:&quot;&quot;,&quot;caption&quot;:&quot;&quot;,&quot;created_timestamp&quot;:&quot;0&quot;,&quot;copyright&quot;:&quot;&quot;,&quot;focal_length&quot;:&quot;0&quot;,&quot;iso&quot;:&quot;0&quot;,&quot;shutter_speed&quot;:&quot;0&quot;,&quot;title&quot;:&quot;&quot;,&quot;orientation&quot;:&quot;1&quot;}\" data-image-title=\"\u00a9 Cristoph Simon \u2013 VR:360 winner\" data-image-description=\"\" data-image-caption=\"&lt;p&gt;\u00a9 Cristoph Simon \u2013 VR:360 winner&lt;\/p&gt;&#10;\" data-medium-file=\"https:\/\/photolari.com\/wp-content\/uploads\/2025\/11\/cristoph-simon-vr360-winner-300x150.jpg\" data-large-file=\"https:\/\/photolari.com\/wp-content\/uploads\/2025\/11\/cristoph-simon-vr360-winner-1030x515.jpg\" class=\"size-full wp-image-83237\" src=\"https:\/\/www.europesays.com\/es\/wp-content\/uploads\/2025\/11\/cristoph-simon-vr360-winner.jpg\" alt=\"\u00a9 Cristoph Simon \u2013 VR:360 winner\" width=\"1200\" height=\"600\"  \/>\u00a9 Cristoph Simon \u2013 VR:360 winner<br \/>\n<strong>Curators<\/strong><br \/>\n<img loading=\"lazy\" decoding=\"async\" data-attachment-id=\"83242\" data-permalink=\"https:\/\/photolari.com\/pano-awards-2025-estas-son-las-mejores-fotografias-panoramicas-del-ano\/chris-byrne-curators-award\/\" data-orig-file=\"https:\/\/www.europesays.com\/es\/wp-content\/uploads\/2025\/11\/chris-byrne-curators-award.jpg\" data-orig-size=\"1200,600\" data-comments-opened=\"1\" data-image-meta=\"{&quot;aperture&quot;:&quot;0&quot;,&quot;credit&quot;:&quot;&quot;,&quot;camera&quot;:&quot;&quot;,&quot;caption&quot;:&quot;&quot;,&quot;created_timestamp&quot;:&quot;0&quot;,&quot;copyright&quot;:&quot;CHRIS BYRNE PHOTOGRAPHY&quot;,&quot;focal_length&quot;:&quot;0&quot;,&quot;iso&quot;:&quot;0&quot;,&quot;shutter_speed&quot;:&quot;0&quot;,&quot;title&quot;:&quot;&quot;,&quot;orientation&quot;:&quot;1&quot;}\" data-image-title=\"\u00a9 Chris Byrne \u2013 Curators Award\" data-image-description=\"\" data-image-caption=\"&lt;p&gt;\u00a9 Chris Byrne \u2013 Curators Award&lt;\/p&gt;&#10;\" data-medium-file=\"https:\/\/photolari.com\/wp-content\/uploads\/2025\/11\/chris-byrne-curators-award-300x150.jpg\" data-large-file=\"https:\/\/photolari.com\/wp-content\/uploads\/2025\/11\/chris-byrne-curators-award-1030x515.jpg\" class=\"size-full wp-image-83242\" src=\"https:\/\/www.europesays.com\/es\/wp-content\/uploads\/2025\/11\/chris-byrne-curators-award.jpg\" alt=\"\u00a9 Chris Byrne \u2013 Curators Award\" width=\"1200\" height=\"600\"  \/>\u00a9 Chris Byrne \u2013 Curators Award<br \/>\n<strong>Imagen aerea \u00a0<\/strong><br \/>\n<img loading=\"lazy\" decoding=\"async\" data-attachment-id=\"83249\" data-permalink=\"https:\/\/photolari.com\/pano-awards-2025-estas-son-las-mejores-fotografias-panoramicas-del-ano\/vitaly-golovatyuk-winner-open-built-environment-architecture\/\" data-orig-file=\"https:\/\/www.europesays.com\/es\/wp-content\/uploads\/2025\/11\/vitaly-golovatyuk-winner-open-built-environment-architecture.jpg\" data-orig-size=\"1200,2400\" data-comments-opened=\"1\" data-image-meta=\"{&quot;aperture&quot;:&quot;0&quot;,&quot;credit&quot;:&quot;&quot;,&quot;camera&quot;:&quot;&quot;,&quot;caption&quot;:&quot;&quot;,&quot;created_timestamp&quot;:&quot;0&quot;,&quot;copyright&quot;:&quot;&quot;,&quot;focal_length&quot;:&quot;0&quot;,&quot;iso&quot;:&quot;0&quot;,&quot;shutter_speed&quot;:&quot;0&quot;,&quot;title&quot;:&quot;&quot;,&quot;orientation&quot;:&quot;1&quot;}\" data-image-title=\"\u00a9 Vitaly Golovatyuk \u2013 Winner Open Built Environment : Architecture\" data-image-description=\"\" data-image-caption=\"&lt;p&gt;\u00a9 Vitaly Golovatyuk \u2013 Winner Open Built Environment : Architecture&lt;\/p&gt;&#10;\" data-medium-file=\"https:\/\/photolari.com\/wp-content\/uploads\/2025\/11\/vitaly-golovatyuk-winner-open-built-environment-architecture-150x300.jpg\" data-large-file=\"https:\/\/photolari.com\/wp-content\/uploads\/2025\/11\/vitaly-golovatyuk-winner-open-built-environment-architecture-515x1030.jpg\" class=\"size-full wp-image-83249\" src=\"https:\/\/www.europesays.com\/es\/wp-content\/uploads\/2025\/11\/vitaly-golovatyuk-winner-open-built-environment-architecture.jpg\" alt=\"\u00a9 Vitaly Golovatyuk \u2013 Winner Open Built Environment : Architecture\" width=\"1200\" height=\"2400\"  \/>\u00a9 Vitaly Golovatyuk \u2013 Winner Open Built Environment : Architecture<br \/>\n<strong>Segundos y terceros premios\u00a0<\/strong><br \/>\n<img loading=\"lazy\" decoding=\"async\" data-attachment-id=\"83247\" data-permalink=\"https:\/\/photolari.com\/pano-awards-2025-estas-son-las-mejores-fotografias-panoramicas-del-ano\/marina-cano-second-place-open-nature-landscape\/\" data-orig-file=\"https:\/\/www.europesays.com\/es\/wp-content\/uploads\/2025\/11\/marina-cano-second-place-open-nature-landscape.jpg\" data-orig-size=\"1200,600\" data-comments-opened=\"1\" data-image-meta=\"{&quot;aperture&quot;:&quot;0&quot;,&quot;credit&quot;:&quot;&quot;,&quot;camera&quot;:&quot;&quot;,&quot;caption&quot;:&quot;&quot;,&quot;created_timestamp&quot;:&quot;0&quot;,&quot;copyright&quot;:&quot;&quot;,&quot;focal_length&quot;:&quot;0&quot;,&quot;iso&quot;:&quot;0&quot;,&quot;shutter_speed&quot;:&quot;0&quot;,&quot;title&quot;:&quot;&quot;,&quot;orientation&quot;:&quot;1&quot;}\" data-image-title=\"\u00a9 Marina Cano \u2013 Second Place Open Nature : Landscape\" data-image-description=\"\" data-image-caption=\"&lt;p&gt;\u00a9 Marina Cano \u2013 Second Place Open Nature : Landscape&lt;\/p&gt;&#10;\" data-medium-file=\"https:\/\/photolari.com\/wp-content\/uploads\/2025\/11\/marina-cano-second-place-open-nature-landscape-300x150.jpg\" data-large-file=\"https:\/\/photolari.com\/wp-content\/uploads\/2025\/11\/marina-cano-second-place-open-nature-landscape-1030x515.jpg\" class=\"size-full wp-image-83247\" src=\"https:\/\/www.europesays.com\/es\/wp-content\/uploads\/2025\/11\/marina-cano-second-place-open-nature-landscape.jpg\" alt=\"\u00a9 Marina Cano \u2013 Second Place Open Nature : Landscape\" width=\"1200\" height=\"600\"  \/>\u00a9 Marina Cano \u2013 Second Place Open Nature : Landscape<br \/>\n<img loading=\"lazy\" decoding=\"async\" data-attachment-id=\"83246\" data-permalink=\"https:\/\/photolari.com\/pano-awards-2025-estas-son-las-mejores-fotografias-panoramicas-del-ano\/luis-cajete-second-place-amateur-nature-landscape\/\" data-orig-file=\"https:\/\/www.europesays.com\/es\/wp-content\/uploads\/2025\/11\/luis-cajete-second-place-amateur-nature-landscape.jpg\" data-orig-size=\"1200,600\" data-comments-opened=\"1\" data-image-meta=\"{&quot;aperture&quot;:&quot;0&quot;,&quot;credit&quot;:&quot;&quot;,&quot;camera&quot;:&quot;&quot;,&quot;caption&quot;:&quot;&quot;,&quot;created_timestamp&quot;:&quot;0&quot;,&quot;copyright&quot;:&quot;&quot;,&quot;focal_length&quot;:&quot;0&quot;,&quot;iso&quot;:&quot;0&quot;,&quot;shutter_speed&quot;:&quot;0&quot;,&quot;title&quot;:&quot;&quot;,&quot;orientation&quot;:&quot;1&quot;}\" data-image-title=\"\u00a9 Luis Cajete \u2013 Second Place Amateur Nature : Landscape\" data-image-description=\"\" data-image-caption=\"&lt;p&gt;\u00a9 Luis Cajete \u2013 Second Place Amateur Nature : Landscape&lt;\/p&gt;&#10;\" data-medium-file=\"https:\/\/photolari.com\/wp-content\/uploads\/2025\/11\/luis-cajete-second-place-amateur-nature-landscape-300x150.jpg\" data-large-file=\"https:\/\/photolari.com\/wp-content\/uploads\/2025\/11\/luis-cajete-second-place-amateur-nature-landscape-1030x515.jpg\" class=\"size-full wp-image-83246\" src=\"https:\/\/www.europesays.com\/es\/wp-content\/uploads\/2025\/11\/luis-cajete-second-place-amateur-nature-landscape.jpg\" alt=\"\u00a9 Luis Cajete \u2013 Second Place Amateur Nature : Landscape\" width=\"1200\" height=\"600\"  \/>\u00a9 Luis Cajete \u2013 Second Place Amateur Nature : Landscape<br \/>\n<img loading=\"lazy\" decoding=\"async\" data-attachment-id=\"83234\" data-permalink=\"https:\/\/photolari.com\/pano-awards-2025-estas-son-las-mejores-fotografias-panoramicas-del-ano\/julio-castro-pardo-third-place-amateur-nature-landscape\/\" data-orig-file=\"https:\/\/www.europesays.com\/es\/wp-content\/uploads\/2025\/11\/julio-castro-pardo-third-place-amateur-nature-landscape.jpg\" data-orig-size=\"1200,598\" data-comments-opened=\"1\" data-image-meta=\"{&quot;aperture&quot;:&quot;0&quot;,&quot;credit&quot;:&quot;julio castro pardo&quot;,&quot;camera&quot;:&quot;&quot;,&quot;caption&quot;:&quot;&quot;,&quot;created_timestamp&quot;:&quot;0&quot;,&quot;copyright&quot;:&quot;julio castro pardo&quot;,&quot;focal_length&quot;:&quot;0&quot;,&quot;iso&quot;:&quot;0&quot;,&quot;shutter_speed&quot;:&quot;0&quot;,&quot;title&quot;:&quot;&quot;,&quot;orientation&quot;:&quot;1&quot;}\" data-image-title=\"\u00a9 Julio Castro Pardo \u2013 Third Place Amateur Nature : Landscape\" data-image-description=\"\" data-image-caption=\"&lt;p&gt;\u00a9 Julio Castro Pardo \u2013 Third Place Amateur Nature : Landscape&lt;\/p&gt;&#10;\" data-medium-file=\"https:\/\/photolari.com\/wp-content\/uploads\/2025\/11\/julio-castro-pardo-third-place-amateur-nature-landscape-300x150.jpg\" data-large-file=\"https:\/\/photolari.com\/wp-content\/uploads\/2025\/11\/julio-castro-pardo-third-place-amateur-nature-landscape-1030x513.jpg\" class=\"size-full wp-image-83234\" src=\"https:\/\/www.europesays.com\/es\/wp-content\/uploads\/2025\/11\/julio-castro-pardo-third-place-amateur-nature-landscape.jpg\" alt=\"\u00a9 Julio Castro Pardo \u2013 Third Place Amateur Nature : Landscape\" width=\"1200\" height=\"598\"  \/>\u00a9 Julio Castro Pardo \u2013 Third Place Amateur Nature : Landscape<br \/>\n<img loading=\"lazy\" decoding=\"async\" data-attachment-id=\"83248\" data-permalink=\"https:\/\/photolari.com\/pano-awards-2025-estas-son-las-mejores-fotografias-panoramicas-del-ano\/peter-li-second-place-open-built-environment\/\" data-orig-file=\"https:\/\/www.europesays.com\/es\/wp-content\/uploads\/2025\/11\/peter-li-second-place-open-built-environment.jpg\" data-orig-size=\"1200,2400\" data-comments-opened=\"1\" data-image-meta=\"{&quot;aperture&quot;:&quot;0&quot;,&quot;credit&quot;:&quot;&quot;,&quot;camera&quot;:&quot;&quot;,&quot;caption&quot;:&quot;&quot;,&quot;created_timestamp&quot;:&quot;0&quot;,&quot;copyright&quot;:&quot;PETER LI&quot;,&quot;focal_length&quot;:&quot;0&quot;,&quot;iso&quot;:&quot;0&quot;,&quot;shutter_speed&quot;:&quot;0&quot;,&quot;title&quot;:&quot;&quot;,&quot;orientation&quot;:&quot;1&quot;}\" data-image-title=\"\u00a9 Peter Li \u2013 Second Place Open Built Environment\" data-image-description=\"\" data-image-caption=\"&lt;p&gt;\u00a9 Peter Li \u2013 Second Place Open Built Environment&lt;\/p&gt;&#10;\" data-medium-file=\"https:\/\/photolari.com\/wp-content\/uploads\/2025\/11\/peter-li-second-place-open-built-environment-150x300.jpg\" data-large-file=\"https:\/\/photolari.com\/wp-content\/uploads\/2025\/11\/peter-li-second-place-open-built-environment-515x1030.jpg\" class=\"size-full wp-image-83248\" src=\"https:\/\/www.europesays.com\/es\/wp-content\/uploads\/2025\/11\/peter-li-second-place-open-built-environment.jpg\" alt=\"\u00a9 Peter Li \u2013 Second Place Open Built Environment\" width=\"1200\" height=\"2400\"  \/>\u00a9 Peter Li \u2013 Second Place Open Built Environment<br \/>\n<img loading=\"lazy\" decoding=\"async\" data-attachment-id=\"83238\" data-permalink=\"https:\/\/photolari.com\/pano-awards-2025-estas-son-las-mejores-fotografias-panoramicas-del-ano\/alex-wides-third-place-open-nature-landscape\/\" data-orig-file=\"https:\/\/www.europesays.com\/es\/wp-content\/uploads\/2025\/11\/alex-wides-third-place-open-nature-landscape.jpg\" data-orig-size=\"1200,600\" data-comments-opened=\"1\" data-image-meta=\"{&quot;aperture&quot;:&quot;0&quot;,&quot;credit&quot;:&quot;&quot;,&quot;camera&quot;:&quot;&quot;,&quot;caption&quot;:&quot;&quot;,&quot;created_timestamp&quot;:&quot;0&quot;,&quot;copyright&quot;:&quot;Property @ALEX_WIDES&quot;,&quot;focal_length&quot;:&quot;0&quot;,&quot;iso&quot;:&quot;0&quot;,&quot;shutter_speed&quot;:&quot;0&quot;,&quot;title&quot;:&quot;&quot;,&quot;orientation&quot;:&quot;1&quot;}\" data-image-title=\"\u00a9 Alex Wides \u2013 Third Place Open Nature : Landscape\" data-image-description=\"\" data-image-caption=\"&lt;p&gt;\u00a9 Alex Wides \u2013 Third Place Open Nature : Landscape&lt;\/p&gt;&#10;\" data-medium-file=\"https:\/\/photolari.com\/wp-content\/uploads\/2025\/11\/alex-wides-third-place-open-nature-landscape-300x150.jpg\" data-large-file=\"https:\/\/photolari.com\/wp-content\/uploads\/2025\/11\/alex-wides-third-place-open-nature-landscape-1030x515.jpg\" class=\"size-full wp-image-83238\" src=\"https:\/\/www.europesays.com\/es\/wp-content\/uploads\/2025\/11\/alex-wides-third-place-open-nature-landscape.jpg\" alt=\"\u00a9 Alex Wides \u2013 Third Place Open Nature : Landscape\" width=\"1200\" height=\"600\"  \/>\u00a9 Alex Wides \u2013 Third Place Open Nature : Landscape<br \/>\n<img loading=\"lazy\" decoding=\"async\" data-attachment-id=\"83236\" data-permalink=\"https:\/\/photolari.com\/pano-awards-2025-estas-son-las-mejores-fotografias-panoramicas-del-ano\/architectural-playground\/\" data-orig-file=\"https:\/\/www.europesays.com\/es\/wp-content\/uploads\/2025\/11\/florian-kriechbaumer-third-place-amateur-open-built-environment.jpg\" data-orig-size=\"1200,600\" data-comments-opened=\"1\" data-image-meta=\"{&quot;aperture&quot;:&quot;7.1&quot;,&quot;credit&quot;:&quot;Florian Kriechbaumer&quot;,&quot;camera&quot;:&quot;OM-1&quot;,&quot;caption&quot;:&quot;&quot;,&quot;created_timestamp&quot;:&quot;1664977447&quot;,&quot;copyright&quot;:&quot;Florian Kriechbaumer&quot;,&quot;focal_length&quot;:&quot;14&quot;,&quot;iso&quot;:&quot;200&quot;,&quot;shutter_speed&quot;:&quot;0.008&quot;,&quot;title&quot;:&quot;Architectural playground&quot;,&quot;orientation&quot;:&quot;1&quot;}\" data-image-title=\"\u00a9  Florian Kriechbaumer \u2013 Architectural playground\" data-image-description=\"\" data-image-caption=\"&lt;p&gt;\u00a9  Florian Kriechbaumer \u2013 Architectural playground&lt;\/p&gt;&#10;\" data-medium-file=\"https:\/\/photolari.com\/wp-content\/uploads\/2025\/11\/florian-kriechbaumer-third-place-amateur-open-built-environment-300x150.jpg\" data-large-file=\"https:\/\/photolari.com\/wp-content\/uploads\/2025\/11\/florian-kriechbaumer-third-place-amateur-open-built-environment-1030x515.jpg\" class=\"size-full wp-image-83236\" src=\"https:\/\/www.europesays.com\/es\/wp-content\/uploads\/2025\/11\/florian-kriechbaumer-third-place-amateur-open-built-environment.jpg\" alt=\"Architectural playground\" width=\"1200\" height=\"600\"  \/>\u00a9 Florian Kriechbaumer \u2013 Architectural playground<\/p>\n<p>\n\tRelacionado\n<\/p>\n<p>    <script async src=\"https:\/\/platform.twitter.com\/widgets.js\" charset=\"utf-8\"><\/script><\/p>\n","protected":false},"excerpt":{"rendered":"La 16\u00aa edici\u00f3n de los Epson Internacional Pano Awards ha anunciado a los ganadores y ganadoras de 2025.&hellip;\n","protected":false},"author":2,"featured_media":233680,"comment_status":"","ping_status":"","sticky":false,"template":"","format":"standard","meta":{"footnotes":""},"categories":[173],"tags":[229,233,231,230,37697,232,234,146,147,25,24,60885,23],"class_list":{"0":"post-233679","1":"post","2":"type-post","3":"status-publish","4":"format-standard","5":"has-post-thumbnail","7":"category-arte-y-diseno","8":"tag-arte","9":"tag-arte-y-diseno","10":"tag-arts","11":"tag-arts-and-design","12":"tag-concurso-de-fotografia","13":"tag-design","14":"tag-diseno","15":"tag-entertainment","16":"tag-entretenimiento","17":"tag-es","18":"tag-espana","19":"tag-fotografia-panoramica","20":"tag-spain"},"share_on_mastodon":{"url":"https:\/\/pubeurope.com\/@es\/115542327290771862","error":""},"_links":{"self":[{"href":"https:\/\/www.europesays.com\/es\/wp-json\/wp\/v2\/posts\/233679","targetHints":{"allow":["GET"]}}],"collection":[{"href":"https:\/\/www.europesays.com\/es\/wp-json\/wp\/v2\/posts"}],"about":[{"href":"https:\/\/www.europesays.com\/es\/wp-json\/wp\/v2\/types\/post"}],"author":[{"embeddable":true,"href":"https:\/\/www.europesays.com\/es\/wp-json\/wp\/v2\/users\/2"}],"replies":[{"embeddable":true,"href":"https:\/\/www.europesays.com\/es\/wp-json\/wp\/v2\/comments?post=233679"}],"version-history":[{"count":0,"href":"https:\/\/www.europesays.com\/es\/wp-json\/wp\/v2\/posts\/233679\/revisions"}],"wp:featuredmedia":[{"embeddable":true,"href":"https:\/\/www.europesays.com\/es\/wp-json\/wp\/v2\/media\/233680"}],"wp:attachment":[{"href":"https:\/\/www.europesays.com\/es\/wp-json\/wp\/v2\/media?parent=233679"}],"wp:term":[{"taxonomy":"category","embeddable":true,"href":"https:\/\/www.europesays.com\/es\/wp-json\/wp\/v2\/categories?post=233679"},{"taxonomy":"post_tag","embeddable":true,"href":"https:\/\/www.europesays.com\/es\/wp-json\/wp\/v2\/tags?post=233679"}],"curies":[{"name":"wp","href":"https:\/\/api.w.org\/{rel}","templated":true}]}}