{"id":233681,"date":"2025-11-13T12:13:13","date_gmt":"2025-11-13T12:13:13","guid":{"rendered":"https:\/\/www.europesays.com\/es\/233681\/"},"modified":"2025-11-13T12:13:13","modified_gmt":"2025-11-13T12:13:13","slug":"yo-esto-no-lo-aguanto","status":"publish","type":"post","link":"https:\/\/www.europesays.com\/es\/233681\/","title":{"rendered":"Yo esto no lo aguanto"},"content":{"rendered":"<p class=\"ft-text\">Despu\u00e9s de <a class=\"ft-link ft-link--decoration\" href=\"https:\/\/www.elperiodico.com\/es\/tele\/yotele\/20251111\/isla-tentaciones-sandra-barneda-irrumpe-villas-reprender-concursante-saltarse-normas-123592995\" target=\"_blank\" rel=\"nofollow noopener\">abroncar<\/a> y <a class=\"ft-link ft-link--decoration\" href=\"https:\/\/www.elperiodico.com\/es\/tele\/yotele\/20251111\/sandra-barneda-expulsa-pareja-isla-tentaciones-romper-normas-123603714\" target=\"_blank\" rel=\"nofollow noopener\">expulsar a una pareja por saltarse las normas<\/a>,<strong> <\/strong><a class=\"ft-link ft-link--decoration\" href=\"https:\/\/www.elperiodico.com\/es\/temas\/isla-tentaciones-43417\" target=\"_blank\" rel=\"nofollow noopener\"><strong>&#8216;La isla de las tentaciones&#8217; <\/strong><\/a>celebr\u00f3 anoche la primera hoguera de las chicas. El programa las sentaba a ellas delante de la tablet para que pudieran ver c\u00f3mo hab\u00edan sido las primeras horas de convivencia en <strong>Villa Monta\u00f1a<\/strong> y la que acab\u00f3 m\u00e1s afectada fue <strong>Almudena<\/strong>.<\/p>\n<p class=\"ft-text\">La joven llegaba temerosa de que su novio pudiera saltarse l\u00edmites: \u00abLo peor que podr\u00eda ver es mucho guarreo, algo que \u00e9l sepa que me puede hacer da\u00f1o\u00bb. Sin embargo, las primeras im\u00e1genes cambiaron la cara de Almudena: \u00abSinceramente, me duele, no te digo que no, siento que se est\u00e1 pasando un poco, pero\u00a0ahora mismo sin m\u00e1s. <strong>Conf\u00edo en \u00e9l,\u00a0pongo la mano en el fuego<\/strong>\u00ab.<\/p>\n<p class=\"ft-text\">\u00abTe veo tranquila, es la primera vez que te veo tan segura\u00bb, apuntaba Sandra Barneda antes de mostrar im\u00e1genes que no iban a gustar tanto a la concursante:<strong> \u00abNo s\u00e9 si voy a poder aguantar esto, \u00bfqu\u00e9 hago yo aqu\u00ed?\u00bb.<\/strong><\/p>\n<p class=\"ft-text\">Las im\u00e1genes alteraron a Almudena, que lleg\u00f3 a replantearse su continuidad en el programa: \u00abSiento que est\u00e1 jugando mucho,\u00a0\u00bfc\u00f3mo le puede nacer hacer eso si est\u00e1 tan enamorado de m\u00ed?\u00a0Sandra, me encuentro muy mal, \u00e9l sabe que a m\u00ed estas cosas no me gustan\u00bb.<\/p>\n<p class=\"ft-text\">Pero lo que m\u00e1s inquiet\u00f3 a la joven fue cuando su novio afirm\u00f3 que le agobiaba la dependencia emocional que ten\u00eda su chica, algo que ella admit\u00eda durante la hoguera: \u00abYo todo lo quiero hacer con \u00e9l, me lo ha dicho. <strong>Me quiero ir, todo eso yo no lo aguanto, <\/strong>que lo diga desde fuera suena diferente, como m\u00e1s grave, no sab\u00eda que le agobiaba tanto, me est\u00e1 rompiendo el alma. No quiero perderle, Sandra porque s\u00e9 que lo puedo solucionar y \u00e9l lo sabe, voy a dar todo lo que est\u00e9 en mi mano para quitarme esa dependencia\u00bb, conclu\u00eda.<\/p>\n","protected":false},"excerpt":{"rendered":"Despu\u00e9s de abroncar y expulsar a una pareja por saltarse las normas, &#8216;La isla de las tentaciones&#8217; celebr\u00f3&hellip;\n","protected":false},"author":2,"featured_media":233682,"comment_status":"","ping_status":"","sticky":false,"template":"","format":"standard","meta":{"footnotes":""},"categories":[171],"tags":[9731,16759,146,147,25,24,59359,3643,14194,22071,1689,1078,4253,23,692,4473,214],"class_list":{"0":"post-233681","1":"post","2":"type-post","3":"status-publish","4":"format-standard","5":"has-post-thumbnail","7":"category-tv","8":"tag-abandono","9":"tag-chicas","10":"tag-entertainment","11":"tag-entretenimiento","12":"tag-es","13":"tag-espana","14":"tag-hoguera","15":"tag-isla","16":"tag-la-isla-de-las-tentaciones","17":"tag-limite","18":"tag-llevo","19":"tag-primera","20":"tag-sandra-barneda","21":"tag-spain","22":"tag-telecinco","23":"tag-tentaciones","24":"tag-tv"},"share_on_mastodon":{"url":"","error":""},"_links":{"self":[{"href":"https:\/\/www.europesays.com\/es\/wp-json\/wp\/v2\/posts\/233681","targetHints":{"allow":["GET"]}}],"collection":[{"href":"https:\/\/www.europesays.com\/es\/wp-json\/wp\/v2\/posts"}],"about":[{"href":"https:\/\/www.europesays.com\/es\/wp-json\/wp\/v2\/types\/post"}],"author":[{"embeddable":true,"href":"https:\/\/www.europesays.com\/es\/wp-json\/wp\/v2\/users\/2"}],"replies":[{"embeddable":true,"href":"https:\/\/www.europesays.com\/es\/wp-json\/wp\/v2\/comments?post=233681"}],"version-history":[{"count":0,"href":"https:\/\/www.europesays.com\/es\/wp-json\/wp\/v2\/posts\/233681\/revisions"}],"wp:featuredmedia":[{"embeddable":true,"href":"https:\/\/www.europesays.com\/es\/wp-json\/wp\/v2\/media\/233682"}],"wp:attachment":[{"href":"https:\/\/www.europesays.com\/es\/wp-json\/wp\/v2\/media?parent=233681"}],"wp:term":[{"taxonomy":"category","embeddable":true,"href":"https:\/\/www.europesays.com\/es\/wp-json\/wp\/v2\/categories?post=233681"},{"taxonomy":"post_tag","embeddable":true,"href":"https:\/\/www.europesays.com\/es\/wp-json\/wp\/v2\/tags?post=233681"}],"curies":[{"name":"wp","href":"https:\/\/api.w.org\/{rel}","templated":true}]}}