{"id":233683,"date":"2025-11-13T12:14:12","date_gmt":"2025-11-13T12:14:12","guid":{"rendered":"https:\/\/www.europesays.com\/es\/233683\/"},"modified":"2025-11-13T12:14:12","modified_gmt":"2025-11-13T12:14:12","slug":"judeline-y-rusowsky-abanderan-la-nueva-musica-espanola-en-los-premios","status":"publish","type":"post","link":"https:\/\/www.europesays.com\/es\/233683\/","title":{"rendered":"Judeline y Rusowsky abanderan la \u00abnueva m\u00fasica espa\u00f1ola\u00bb en los premios"},"content":{"rendered":"<p class=\"ft-text ft-helper-closenews\">Los <strong>Latin Grammy <\/strong>que se celebran este jueves en Las Vegas (EEUU) tienen como protagonista a un gran astro que lo eclipsa todo,<strong> Bad Bunny<\/strong>, pero precisamente ah\u00ed, en la sombra -aunque, de hecho, ya les apuntan todos los focos-, es donde mejor se mueven <strong>Judeline <\/strong>(Los Ca\u00f1os de Meca, 22 a\u00f1os)<strong> <\/strong>y <strong>Rusowsky <\/strong>(Valladolid, 26 a\u00f1os), artistas de canciones embrujadas y rebosantes de talento, nominados ambos a los premios de la Academia Latina de la Grabaci\u00f3n.<\/p>\n<p class=\"ft-text\">Comparten categor\u00eda -competir es una palabra fea para definir un logro conjunto entre colegas-, la de Mejor \u00c1lbum de M\u00fasica Alternativa gracias a los geniales<strong> &#8216;Bodhiria&#8217;<\/strong> (Interscope) y<strong> &#8216;Daisy&#8217; <\/strong>(Rusia-IDK \/ Warner)<strong>.<\/strong> Y, ver\u00e1n, la etiqueta con la que est\u00e1n nominados en esta 26.\u00aa edici\u00f3n de los Latin Grammy ya es un poco definitoria. Parece, lo es, un caj\u00f3n de sastre ante artistas que construyen &#8216;collages&#8217; con muchos elementos. <strong>Alternativa como sin\u00f3nimo de fantas\u00eda, de amalgama de sonidos unidos con delicadeza y destreza.<\/strong> Y, cuando todo encaja, no es suerte.<\/p>\n<p><img decoding=\"async\" src=\"https:\/\/www.europesays.com\/es\/wp-content\/uploads\/2025\/11\/1e7d3423-4191-4755-8b82-2ef095ed80c7_alta-libre-aspect-ratio_default_0.jpg\" width=\"1200\" height=\"800\" alt=\"Judeline, estrella del Festival B\" class=\"ft-helper-img-rd\" loading=\"lazy\"\/><\/p>\n<p class=\"ft-helper-fontColor-quaternary ft-helper-fontSize-body-S ft-helper-spacer-t-xxs\">Judeline, estrella del Festival B 2025, en el F\u00f2rum  \/ Elisenda Pons \/ EPC<\/p>\n<p class=\"ft-text\">A Rusowsky, nacido como Rusl\u00e1n Mediavilla, hijo de una profesora de m\u00fasica bielorrusa y de un mel\u00f3mano espa\u00f1ol, le defin\u00eda hace unos d\u00edas la edici\u00f3n mexicana de la revista &#8216;Vogue&#8217; como uno de los estandartes de <strong>\u00abla nueva m\u00fasica espa\u00f1ola\u00bb.<\/strong> Lo hac\u00edan en una entrevista hecha durante la gira latinoamericana de presentaci\u00f3n del magn\u00edfico <strong>&#8216;Daisy&#8217;, sin duda uno de los \u00e1lbums del a\u00f1o.<\/strong> Un joven criado en <strong>Fuenlabrada<\/strong> y cultivado a ritmo de cl\u00e1sica como fen\u00f3meno generacional, uno de los jefes de una escena que proviene de lo alternativo pero que llena recintos que, a priori, no funcionaban con estas etiquetas (en Barcelona actuar\u00e1 en el Sant Jordi Club el 15 y el 16 de enero, ambos conciertos &#8216;sold out&#8217;).<\/p>\n<p class=\"ft-text\">Rusowsky, miembro del colectivo <strong>Rusia-IDK<\/strong>, foco de esta \u00abnueva m\u00fasica espa\u00f1ola\u00bb y donde tambi\u00e9n se encuentra otro de los hombres del momento,<strong> Ralphie Choo<\/strong>, viste a menudo con ropa gigante, buscando <strong>la exageraci\u00f3n de lo kitsch, con pelucas, gorros y gafas<\/strong> que suelen tapar su rostro como para <strong>ahuyentar al &#8216;mainstream&#8217; y que su \u00fanica identidad reconocible sea su m\u00fasica.<\/strong> \u00a1Y vaya que lo es! Aunque lleva a\u00f1os ya de carrera cautivadora, esta nominaci\u00f3n es un reconocimiento a un artista, <strong>maestro en la producci\u00f3n<\/strong>, al que un d\u00eda fue a buscar <strong>C. Tangana<\/strong> para una base c\u00e1lida como la de<strong> &#8216;Bien :(&#8216; <\/strong>(2020), que cont\u00f3 que hizo durante la pandemia con un ordenador que se apagaba cada 30 minutos, y que en &#8216;Daisy&#8217; es capaz de mezclar en un mismo tema (&#8216;pink + pink&#8217;) casta\u00f1uelas, arpas y R&amp;B y de recuperar a Las Ketchup para el fant\u00e1stico &#8216;Johnny Glamour&#8217;.<\/p>\n<p class=\"ft-text\">Como dec\u00edamos, comparte categor\u00eda con Judeline, tambi\u00e9n con Marilina Bertoldi (&#8216;Para quien trabajas Vol. I&#8217;), &#8216;CA7RIEL &amp; Paco Amoroso (&#8216;Papota&#8217;) y Latin Mafia (&#8216;Todos los d\u00edas todo el d\u00eda&#8217;). La jerezana (Lara Fern\u00e1ndez), se\u00f1alada desde hace a\u00f1os como gran voz del futuro que ya es -reclutada, por ejemplo, por el superproductor Tainy en 2023 para su disco-, hablaba hace poco m\u00e1s de un mes con este sobre esta generaci\u00f3n que est\u00e1 creciendo y ganando, con la fuerza del talento, espacios y p\u00fablico. \u00abLo que est\u00e1 pasando no es solo conmigo, es con toda una escena que explora nuevos lenguajes\u00bb, <a class=\"ft-link ft-link--decoration\" href=\"https:\/\/www.elperiodico.com\/es\/ocio-y-cultura\/20251002\/judeline-estrella-festival-b-entrevista-bodhiria-latin-grammy-122203962\" rel=\"nofollow noopener\" target=\"_blank\">expresaba antes de su visita al Festival B<\/a>. Por cierto, en su \u00faltimo \u00e1lbum hay una colaboraci\u00f3n precisamente con Rusowsky (&#8216;Heavenly&#8217;).<\/p>\n<p class=\"ft-text\">Por su &#8216;Bodhiria&#8217;, con su capa de espiritualidad y sus influencias del flamenco, del &#8216;indie&#8217;, de lo latino y tantas otras cosas, tambi\u00e9n est\u00e1 nominada a Mejor Ingenier\u00eda de Grabaci\u00f3n para un \u00c1lbum. Y a\u00fan hay m\u00e1s: su canci\u00f3n <strong>&#8216;Joropo&#8217; opta a ganar la Mejor Canci\u00f3n Alternativa<\/strong>. \u00ab\u00bfPa&#8217; qu\u00e9 quiero el coraz\u00f3n?; \u00bfPa&#8217; qu\u00e9 lo tengo en el pecho, si no cumple su funci\u00f3n?\u00bb, dice en este desgarrado <strong>joropo venezolano.<\/strong> Otros espa\u00f1oles est\u00e1n nominados a estos Latin Grammy, <strong>Alejandro Sanz<\/strong> en algunas de las principales categor\u00edas, pero el futuro es de, entre otros, Rusowsky y Judeline, aunque pasen por Las Vegas y s\u00f3lo se lleven un par de fichas del casino.<\/p>\n<p data-close=\"closedContent\" class=\"subscribeHideForDisplay\">Suscr\u00edbete para seguir leyendo<\/p>\n","protected":false},"excerpt":{"rendered":"Los Latin Grammy que se celebran este jueves en Las Vegas (EEUU) tienen como protagonista a un gran&hellip;\n","protected":false},"author":2,"featured_media":233684,"comment_status":"","ping_status":"","sticky":false,"template":"","format":"standard","meta":{"footnotes":""},"categories":[170],"tags":[8539,1282,19968,146,147,25,24,2791,60886,6950,184,185,60887,23],"class_list":{"0":"post-233683","1":"post","2":"type-post","3":"status-publish","4":"format-standard","5":"has-post-thumbnail","7":"category-musica","8":"tag-bad","9":"tag-bad-bunny","10":"tag-bunny","11":"tag-entertainment","12":"tag-entretenimiento","13":"tag-es","14":"tag-espana","15":"tag-grammy","16":"tag-judeline","17":"tag-latin","18":"tag-music","19":"tag-musica","20":"tag-rusowsky","21":"tag-spain"},"share_on_mastodon":{"url":"https:\/\/pubeurope.com\/@es\/115542338656121903","error":""},"_links":{"self":[{"href":"https:\/\/www.europesays.com\/es\/wp-json\/wp\/v2\/posts\/233683","targetHints":{"allow":["GET"]}}],"collection":[{"href":"https:\/\/www.europesays.com\/es\/wp-json\/wp\/v2\/posts"}],"about":[{"href":"https:\/\/www.europesays.com\/es\/wp-json\/wp\/v2\/types\/post"}],"author":[{"embeddable":true,"href":"https:\/\/www.europesays.com\/es\/wp-json\/wp\/v2\/users\/2"}],"replies":[{"embeddable":true,"href":"https:\/\/www.europesays.com\/es\/wp-json\/wp\/v2\/comments?post=233683"}],"version-history":[{"count":0,"href":"https:\/\/www.europesays.com\/es\/wp-json\/wp\/v2\/posts\/233683\/revisions"}],"wp:featuredmedia":[{"embeddable":true,"href":"https:\/\/www.europesays.com\/es\/wp-json\/wp\/v2\/media\/233684"}],"wp:attachment":[{"href":"https:\/\/www.europesays.com\/es\/wp-json\/wp\/v2\/media?parent=233683"}],"wp:term":[{"taxonomy":"category","embeddable":true,"href":"https:\/\/www.europesays.com\/es\/wp-json\/wp\/v2\/categories?post=233683"},{"taxonomy":"post_tag","embeddable":true,"href":"https:\/\/www.europesays.com\/es\/wp-json\/wp\/v2\/tags?post=233683"}],"curies":[{"name":"wp","href":"https:\/\/api.w.org\/{rel}","templated":true}]}}