{"id":233687,"date":"2025-11-13T12:16:14","date_gmt":"2025-11-13T12:16:14","guid":{"rendered":"https:\/\/www.europesays.com\/es\/233687\/"},"modified":"2025-11-13T12:16:14","modified_gmt":"2025-11-13T12:16:14","slug":"vandalismo-empujones-escupitajos-a-familias-rivales","status":"publish","type":"post","link":"https:\/\/www.europesays.com\/es\/233687\/","title":{"rendered":"vandalismo, empujones, escupitajos a familias rivales&#8230;"},"content":{"rendered":"<p class=\"paragraph\" id=\"paragraph_1\">La jornada de este mi\u00e9rcoles en la <strong>Kings League<\/strong> dej\u00f3 tras de s\u00ed un rastro de disturbios que ha puesto en el punto de mira a los invitados de <strong>Lamine Yamal<\/strong> y la seguridad en la competici\u00f3n.<\/p>\n<p class=\"paragraph\" id=\"paragraph_2\">La derrota de <a href=\"https:\/\/www.elespanol.com\/deportes\/futbol\/20251030\/papel-lamine-yamal-kings-league-juego-visto-bueno-barca-vuelve-loco-pique\/1003743990853_0.html?utm_cmp_rs=linksinline\" rel=\"nofollow noopener\" target=\"_blank\"><strong>La Capital CF,<\/strong> equipo que preside el futbolista del <\/a><strong><a href=\"https:\/\/www.elespanol.com\/deportes\/futbol\/20251030\/papel-lamine-yamal-kings-league-juego-visto-bueno-barca-vuelve-loco-pique\/1003743990853_0.html?utm_cmp_rs=linksinline\" rel=\"nofollow noopener\" target=\"_blank\">FC Barcelona<\/a>,<\/strong> ante <strong>Porcinos FC<\/strong>\u00a0trascendi\u00f3 lo deportivo para adentrarse en la violencia, el vandalismo y comportamientos inaceptables que han generado inquietud entre los asistentes y cr\u00edticas generalizadas hacia el entorno del joven jugador.<\/p>\n<p class=\"paragraph\" id=\"paragraph_3\">Porcinos se impuso de manera contundente con un resultado de 11-3, sellando su clasificaci\u00f3n para las semifinales y dejando fuera de la competici\u00f3n al equipo catal\u00e1n. M\u00e1s all\u00e1 del marcador, aficionados del c\u00edrculo de Lamine Yamal que recibieron entradas protagonizaron episodios violentos contra familias rivales y otros asistentes.<\/p>\n<p><img loading=\"lazy\" decoding=\"async\" alt=\"Lamine Yamal, en la Kings League\" height=\"180\" src=\"https:\/\/www.europesays.com\/es\/wp-content\/uploads\/2025\/11\/1003743985955_259578037_320x180.jpg\" width=\"320\" data-lazy-status=\"processed\" data-lazy-info=\"remove loading item 1\"\/><\/p>\n<p class=\"paragraph\" id=\"paragraph_4\">Los reportes de testigos documentan escenas de desorden generalizado en las gradas del <strong>Cupra Arena.<\/strong> Hubo empujones entre grupos de aficionados, actos de vandalismo contra las instalaciones del recinto y, especialmente grave, reportes de escupitajos dirigidos hacia familias de seguidores de Porcinos.<\/p>\n<p class=\"paragraph\" id=\"paragraph_5\">Estos comportamientos, atribuidos a personas cercanas al equipo de Lamine Yamal, revelan un deterioro del ambiente que deber\u00eda ser fundamentalmente l\u00fadico y familiar.<\/p>\n<p class=\"paragraph\" id=\"paragraph_6\">Uno de los episodios m\u00e1s visibles fue el enfrentamiento entre <strong>Moha,<\/strong> primo de Lamine Yamal y figura central en la gesti\u00f3n diaria de La Capital CF, y <strong>Guanyar,<\/strong> el conocido streamer que es parte de la estructura de Porcinos.<\/p>\n<p class=\"paragraph\" id=\"paragraph_7\">El incidente surgi\u00f3 en medio de la tensi\u00f3n que ya burbujeaba en las gradas, donde el ambiente se hab\u00eda vuelto cada vez m\u00e1s hostil. La confrontaci\u00f3n entre Moha y Guanyar ejemplifica c\u00f3mo la rivalidad entre los equipos se propag\u00f3 m\u00e1s all\u00e1 de los jugadores para involucrar a personajes del entorno directo y los aficionados que los acompa\u00f1aban.<\/p>\n<blockquote class=\"twitter-tweet\">\n<p dir=\"ltr\" lang=\"es\">A los familiares de porcinos nos han hecho esperar en las escaleras hasta que no se fueran del campo para que no nos hicieran nada. Lamentable. Los que van a hacer su trabajo de verdad tienen que ahuantar esto, los staff, seguridad?? Enserio? Estos son los amigos de lamine <a href=\"https:\/\/t.co\/86sn6TcMep\" rel=\"nofollow\">pic.twitter.com\/86sn6TcMep<\/a><\/p>\n<p>\u2014 Smy (@MhandSafa3922) <a href=\"https:\/\/twitter.com\/MhandSafa3922\/status\/1988771305706193024?ref_src=twsrc%5Etfw\" rel=\"nofollow noopener\" target=\"_blank\">November 13, 2025<\/a><\/p><\/blockquote>\n<p class=\"paragraph\" id=\"paragraph_8\">Semanas antes, en octubre, Lamine Yamal hab\u00eda realizado declaraciones en directo que fueron interpretadas como provocadoras hacia el equipo de Ibai Llanos. Adem\u00e1s, en el partido de fase de grupos entre ambos conjuntos, Lamine celebr\u00f3 con un gesto que fue visto como burl\u00f3n, sembrando as\u00ed la semilla de una rivalidad que trascender\u00eda la cancha.<\/p>\n<p class=\"paragraph\" id=\"paragraph_9\">Lo preocupante es que la escalada de tensi\u00f3n se traslad\u00f3 directamente a personas del c\u00edrculo m\u00e1s \u00edntimo del futbolista. Mohamed Abde, conocido como Moha, act\u00faa como copresidente y mano derecha de Lamine en la gesti\u00f3n de La Capital CF, acompa\u00f1ando al jugador en la mayor\u00eda de sus actividades.<\/p>\n<p class=\"paragraph\" id=\"paragraph_10\">La Kings League, hasta ahora considerada una competici\u00f3n con menor riesgo de conflictividad que el f\u00fatbol profesional tradicional, se enfrenta ahora a interrogantes sobre su gesti\u00f3n de seguridad cuando equipos presididos por personalidades con fuerte influencia medi\u00e1tica generan din\u00e1micas que atraen aficionados potencialmente problem\u00e1ticos.<\/p>\n<p class=\"paragraph\" id=\"paragraph_11\">El formato de la competici\u00f3n, pensado para ser entretenimiento, ha chocado con la realidad de que incluso espacios &#8216;alternativos&#8217; pueden reproducir las din\u00e1micas m\u00e1s negativas del f\u00fatbol convencional.<\/p>\n<p class=\"paragraph\" id=\"paragraph_12\">Los hechos del mi\u00e9rcoles plantean preguntas inc\u00f3modas sobre la responsabilidad de los presidentes respecto al comportamiento de los aficionados que reciben entradas bajo su influencia y sobre la capacidad de la organizaci\u00f3n para mantener un entorno seguro y respetuoso para todas las familias asistentes.<\/p>\n<p>                                    <script async src=\"https:\/\/platform.twitter.com\/widgets.js\" charset=\"utf-8\"><\/script><\/p>\n","protected":false},"excerpt":{"rendered":"La jornada de este mi\u00e9rcoles en la Kings League dej\u00f3 tras de s\u00ed un rastro de disturbios que&hellip;\n","protected":false},"author":2,"featured_media":233688,"comment_status":"","ping_status":"","sticky":false,"template":"","format":"standard","meta":{"footnotes":""},"categories":[93],"tags":[168,25,24,881,282,6957,23,167],"class_list":{"0":"post-233687","1":"post","2":"type-post","3":"status-publish","4":"format-standard","5":"has-post-thumbnail","7":"category-deportes","8":"tag-deportes","9":"tag-es","10":"tag-espana","11":"tag-fc-barcelona","12":"tag-futbol","13":"tag-kings-league","14":"tag-spain","15":"tag-sports"},"share_on_mastodon":{"url":"https:\/\/pubeurope.com\/@es\/115542346476881560","error":""},"_links":{"self":[{"href":"https:\/\/www.europesays.com\/es\/wp-json\/wp\/v2\/posts\/233687","targetHints":{"allow":["GET"]}}],"collection":[{"href":"https:\/\/www.europesays.com\/es\/wp-json\/wp\/v2\/posts"}],"about":[{"href":"https:\/\/www.europesays.com\/es\/wp-json\/wp\/v2\/types\/post"}],"author":[{"embeddable":true,"href":"https:\/\/www.europesays.com\/es\/wp-json\/wp\/v2\/users\/2"}],"replies":[{"embeddable":true,"href":"https:\/\/www.europesays.com\/es\/wp-json\/wp\/v2\/comments?post=233687"}],"version-history":[{"count":0,"href":"https:\/\/www.europesays.com\/es\/wp-json\/wp\/v2\/posts\/233687\/revisions"}],"wp:featuredmedia":[{"embeddable":true,"href":"https:\/\/www.europesays.com\/es\/wp-json\/wp\/v2\/media\/233688"}],"wp:attachment":[{"href":"https:\/\/www.europesays.com\/es\/wp-json\/wp\/v2\/media?parent=233687"}],"wp:term":[{"taxonomy":"category","embeddable":true,"href":"https:\/\/www.europesays.com\/es\/wp-json\/wp\/v2\/categories?post=233687"},{"taxonomy":"post_tag","embeddable":true,"href":"https:\/\/www.europesays.com\/es\/wp-json\/wp\/v2\/tags?post=233687"}],"curies":[{"name":"wp","href":"https:\/\/api.w.org\/{rel}","templated":true}]}}