{"id":233701,"date":"2025-11-13T12:28:15","date_gmt":"2025-11-13T12:28:15","guid":{"rendered":"https:\/\/www.europesays.com\/es\/233701\/"},"modified":"2025-11-13T12:28:15","modified_gmt":"2025-11-13T12:28:15","slug":"las-atp-finals-dibujan-el-ocaso-del-reves-a-una-mano","status":"publish","type":"post","link":"https:\/\/www.europesays.com\/es\/233701\/","title":{"rendered":"Las ATP Finals dibujan el ocaso del rev\u00e9s a una mano"},"content":{"rendered":"<p>El p\u00fablico de las <strong>ATP Finals<\/strong>\u00a0se lleva las manos a la cabeza y <a href=\"https:\/\/okdiario.com\/deportes\/alcaraz-resurge-lo-campeon-remonta-fritz-esta-paso-semifinales-15739874\" target=\"_blank\" rel=\"noopener noreferrer nofollow\"><strong>Fritz<\/strong>, v\u00edctima<\/a> de la secuencia, no le queda otra que re\u00edr. Lo hab\u00eda hecho todo para ganar el punto y se fue de vaci\u00f3. Movi\u00f3 a<a href=\"https:\/\/okdiario.com\/deportes\/no-entrenar-descansar-plan-alcaraz-preparar-partido-numero-uno-15747655\" target=\"_blank\" rel=\"noopener noreferrer nofollow\"> <strong>Alcaraz<\/strong> <\/a>de un lado a otro, pero no cont\u00f3 con que el murciano destapar\u00eda el tarro de las esencia. Exigido, se sac\u00f3 un rev\u00e9s a una mano que desat\u00f3 el \u00ab\u00a1Oh!\u00bb de la grada. A <strong>Carlitos<\/strong> le sucedi\u00f3 en pista <strong>Musetti<\/strong>, embajador principal del rev\u00e9s a una mano, un golpeo carente de representantes en la actualidad.<\/p>\n<p>De hecho, de las ATP Finals s\u00f3lo el italiano, que se enfrenta a Alcaraz este jueves, utiliza el golpeo como principal arma. La sangr\u00eda es mayor a medida que se extiende el prisma. Del top 10, \u00fanicamente Musetti ejerce como exponente, y tan s\u00f3lo le acompa\u00f1an seis tripulantes m\u00e1s en todo el top 100. <strong>Denis Shapovalov<\/strong> (23), <strong>Stefanos Tsitsipas<\/strong> (34), <strong>Grigor Dimitrov<\/strong> (44), <strong>Daniel Altmaier<\/strong> (46), <strong>Giovanni Mpetshi Perricard<\/strong> (59) y <strong>Aleksandar Kovacevic<\/strong> (62). El grupo mencionado es una excepci\u00f3n debido, entre otros factores, a la evoluci\u00f3n del tenis.<\/p>\n<p>Una pl\u00e9yade de voces autorizadas del tenis espa\u00f1ol como son <strong>Carlos Moy\u00e1<\/strong>, <strong>David Ferrer<\/strong>, <strong>Toni Nadal<\/strong> y <strong>Roberto Carretero<\/strong>, debaten en OKDIARIO sobre las causas del la inexorable extinci\u00f3n. \u00abYa en mi \u00e9poca estaba desapareciendo. Es precioso, me encanta verlo y est\u00e9ticamente es muy bonito. Pero el tenis actual es cada vez es m\u00e1s r\u00e1pido, el resto es de suma importancia, los jugadores cada vez sacan m\u00e1s fuerte\u2026 entonces, claro, te merma mucho. <strong>No tienes la misma fuerza que con el de dos manos y es m\u00e1s complicado a la hora de defender<\/strong>. No es lo mismo defender con un rev\u00e9s a una mano que a dos manos. Siempre quedar\u00e1n estilistas, pero no es tan pr\u00e1ctico en el tenis actual\u00bb, analiza David Ferrer, actual capit\u00e1n del equipo espa\u00f1ol de <a href=\"https:\/\/www.daviscup.com\/es\" target=\"_blank\" rel=\"noopener noreferrer nofollow\"><strong>Copa Davis<\/strong><\/a>.<\/p>\n<p>Carlos Moy\u00e1, primer espa\u00f1ol que se convirti\u00f3 en n\u00famero uno del mundo, apunta a la base de la pir\u00e1mide. \u00abPr\u00e1cticamente todos los jugadores que est\u00e1n en el circuito y tienen entre 20 y 25 a\u00f1os han empezado a jugar cuando ten\u00edan tres o cuatro y a esas edades no puedes pegar el rev\u00e9s a una mano. Se necesitan las dos para empezar a sujetar la raqueta. No tienes fuerza pr\u00e1cticamente. Y luego <strong>el rev\u00e9s a dos manos tiene ventajas para el tenis moderno<\/strong> de hoy en d\u00eda. M\u00e1s velocidad, ritmo y fuerza\u00bb, asegura a este medio.<\/p>\n<p>Misma ideolog\u00eda sigue Toni Nadal, orfebre de <strong>Rafa<\/strong> Nadal. \u00abNo creo que sea algo circunstancial. <strong>Los ni\u00f1os empiezan a jugar cuando son muy j\u00f3venes y no tienen fuerza<\/strong> para golpear la pelota con el rev\u00e9s a una mano y la golpean con dos. Est\u00e1 visto que con dos manos es un poco m\u00e1s f\u00e1cil. Al final, pues es normal que casi todo el mundo juegue a dos manos. La idiosincrasia puede ser un factor determinante, pero a\u00fan as\u00ed se le podr\u00eda pegar. Yo creo que es porque se empieza desde joven a dos manos y eso permite m\u00e1s que a una\u00bb, detalla.<\/p>\n<p>Roberto Carretero y Carlos Moy\u00e1 tambi\u00e9n ponen la lupa en la metodolog\u00eda del golpeo como explicaci\u00f3n a la desventaja del rev\u00e9s a una mano. \u00ab<strong>Est\u00e1n involucrados m\u00fasculos de la zona posterior, que son m\u00e1s d\u00e9biles<\/strong>. Entonces, al contar con la ayuda de la mano izquierda y tener las dos manos, tienes m\u00e1s fuerza\u00bb, apunta Moy\u00e1. \u00abEn el hombro posterior tenemos menos fuerza, es mejor empujar hacia delante, que es lo natural. Te ayudan m\u00e1s las dos manos porque tienes mucho m\u00e1s control\u00bb, a\u00f1ade Carretero.<\/p>\n<p>La situaci\u00f3n actual contrasta con la existente a mediados de los setenta, cuando los <strong>Rod Laver<\/strong>, <strong>Manolo Orantes<\/strong>, <strong>Arthur Ashe<\/strong> e <strong>Ilie Nastase<\/strong>, todos ellos dentro del aquel top 10, rend\u00edan con el rev\u00e9s a una mano. \u00bfHay posibilidad de retorno? Lamentablemente se est\u00e1 perdiendo esa tendencia y es complicado revertirla. As\u00ed como est\u00e1 todo hoy en d\u00eda, donde va todo tan r\u00e1pido, los jugadores son tan r\u00e1pidos y tiran tan fuerte es muy complicado. Ojal\u00e1 salgan m\u00e1s tenistas con rev\u00e9s a una mano porque todo lo que sea variedad creo que es bueno para el tenis\u00bb, considera Moy\u00e1.<\/p>\n<p>Todos los tenistas que han aportado sus conocimientos a este reportaje coinciden en un aspecto. \u00abEs muy bonito de ver\u00bb, apuntan. \u00abEl golpeo tiene una est\u00e9tica impresionante. <strong>Generalmente, el que juega a una mano tiene m\u00e1s toque, m\u00e1s clase y sabe volear mejor<\/strong>\u00bb, cree Moy\u00e1. Todo va muy r\u00e1pido en el tenis, tambi\u00e9n la evoluci\u00f3n, que est\u00e1 dejando el rev\u00e9s a una mano por el camino. S\u00f3lo Musetti, el pr\u00f3ximo rival de Alcaraz en las ATP Finals, resiste dentro del top 10. El \u00faltimo de Filipinas.<\/p>\n","protected":false},"excerpt":{"rendered":"El p\u00fablico de las ATP Finals\u00a0se lleva las manos a la cabeza y Fritz, v\u00edctima de la secuencia,&hellip;\n","protected":false},"author":2,"featured_media":233702,"comment_status":"","ping_status":"","sticky":false,"template":"","format":"standard","meta":{"footnotes":""},"categories":[274],"tags":[168,25,24,23,167,327,326],"class_list":{"0":"post-233701","1":"post","2":"type-post","3":"status-publish","4":"format-standard","5":"has-post-thumbnail","7":"category-tenis","8":"tag-deportes","9":"tag-es","10":"tag-espana","11":"tag-spain","12":"tag-sports","13":"tag-tenis","14":"tag-tennis"},"share_on_mastodon":{"url":"https:\/\/pubeurope.com\/@es\/115542393234729028","error":""},"_links":{"self":[{"href":"https:\/\/www.europesays.com\/es\/wp-json\/wp\/v2\/posts\/233701","targetHints":{"allow":["GET"]}}],"collection":[{"href":"https:\/\/www.europesays.com\/es\/wp-json\/wp\/v2\/posts"}],"about":[{"href":"https:\/\/www.europesays.com\/es\/wp-json\/wp\/v2\/types\/post"}],"author":[{"embeddable":true,"href":"https:\/\/www.europesays.com\/es\/wp-json\/wp\/v2\/users\/2"}],"replies":[{"embeddable":true,"href":"https:\/\/www.europesays.com\/es\/wp-json\/wp\/v2\/comments?post=233701"}],"version-history":[{"count":0,"href":"https:\/\/www.europesays.com\/es\/wp-json\/wp\/v2\/posts\/233701\/revisions"}],"wp:featuredmedia":[{"embeddable":true,"href":"https:\/\/www.europesays.com\/es\/wp-json\/wp\/v2\/media\/233702"}],"wp:attachment":[{"href":"https:\/\/www.europesays.com\/es\/wp-json\/wp\/v2\/media?parent=233701"}],"wp:term":[{"taxonomy":"category","embeddable":true,"href":"https:\/\/www.europesays.com\/es\/wp-json\/wp\/v2\/categories?post=233701"},{"taxonomy":"post_tag","embeddable":true,"href":"https:\/\/www.europesays.com\/es\/wp-json\/wp\/v2\/tags?post=233701"}],"curies":[{"name":"wp","href":"https:\/\/api.w.org\/{rel}","templated":true}]}}