{"id":233709,"date":"2025-11-13T12:33:18","date_gmt":"2025-11-13T12:33:18","guid":{"rendered":"https:\/\/www.europesays.com\/es\/233709\/"},"modified":"2025-11-13T12:33:18","modified_gmt":"2025-11-13T12:33:18","slug":"asi-transformo-sydney-sweeney-su-estilo-del-romanticismo-a-la-vanguardia","status":"publish","type":"post","link":"https:\/\/www.europesays.com\/es\/233709\/","title":{"rendered":"As\u00ed transform\u00f3 Sydney Sweeney su estilo: del romanticismo a la vanguardia"},"content":{"rendered":"<p><img alt=\"El estilo de Sydney Sweeney\" class=\"global-image\" decoding=\"async\" fetchpriority=\"high\" height=\"1080\" loading=\"eager\" src=\"https:\/\/www.europesays.com\/es\/wp-content\/uploads\/2025\/11\/4NC5EKDIXNC6PPZFPGWBPFSS4U.jpg\" width=\"1920\"\/>El estilo de Sydney Sweeney evidencia una evoluci\u00f3n marcada por la audacia, la mezcla de texturas y colores en sus apariciones p\u00fablicas (REUTERS\/Mario Anzuoni)<\/p>\n<p class=\"paragraph\"><a rel=\"noopener noreferrer nofollow\" href=\"https:\/\/www.infobae.com\/tag\/sydney-sweeney\/\" target=\"_blank\" title=\"https:\/\/www.infobae.com\/tag\/sydney-sweeney\/\"><b>Sydney Sweeney<\/b><\/a> experiment\u00f3 una transformaci\u00f3n notoria en su carrera p\u00fablica, al evolucionar desde propuestas de inspiraci\u00f3n rom\u00e1ntica hacia <b>looks <\/b>cada vez m\u00e1s originales y audaces en las <a rel=\"noopener noreferrer nofollow\" href=\"https:\/\/www.infobae.com\/tag\/alfombra-roja\/\" target=\"_blank\" title=\"https:\/\/www.infobae.com\/tag\/alfombra-roja\/\">alfombras rojas<\/a>. <\/p>\n<p class=\"paragraph\">Esta transici\u00f3n implic\u00f3 la incorporaci\u00f3n de materiales llamativos, cortes estructurados y gui\u00f1os a <b>tendencias contempor\u00e1neas<\/b>. As\u00ed, logr\u00f3 captar la atenci\u00f3n en cada nueva aparici\u00f3n. A continuaci\u00f3n,<b> 9 outfits destacados <\/b>y su evoluci\u00f3n estil\u00edstica.<\/p>\n<p><img alt=\"La alfombra roja se transform\u00f3\" class=\"global-image\" decoding=\"async\" fetchpriority=\"low\" height=\"3952\" loading=\"lazy\" src=\"https:\/\/www.europesays.com\/es\/wp-content\/uploads\/2025\/11\/EBDXNN2TFZAN7NTVODOOFUFIA4.JPG\" width=\"2531\"\/>La alfombra roja se transform\u00f3 en escenario de la versatilidad de Sydney Sweeney a trav\u00e9s de m\u00faltiples atuendos destacados (REUTERS\/Mario Anzuoni)<\/p>\n<p class=\"paragraph\">Durante una de sus \u00faltimas presentaciones, en el evento de <b>Variety\u2019s 2025 Power of Women<\/b>, se inclin\u00f3 por un vestido largo de color plateado. <\/p>\n<p class=\"paragraph\">El atuendo se destacaba gracias a los destellos met\u00e1licos y a un tejido transl\u00facido que ca\u00eda drapeado, realzando una silueta suave cuando la iluminaba la luz artificial de la sala. <\/p>\n<p class=\"paragraph\">El dise\u00f1o presentaba manga media, escote redondo y un ajuste ce\u00f1ido en la cintura, prolong\u00e1ndose hasta el suelo. Ella llev\u00f3 el cabello corto, peinado en ondas y en l\u00ednea con la raya lateral, mientras el maquillaje permaneci\u00f3 en la gama de los tonos neutros.<\/p>\n<p><img alt=\"Las apuestas en tul, sat\u00e9n\" class=\"global-image\" decoding=\"async\" fetchpriority=\"low\" height=\"5500\" loading=\"lazy\" src=\"https:\/\/www.europesays.com\/es\/wp-content\/uploads\/2025\/11\/55MPHHA6LVAMHA3XYW4FRBW4AA.JPG\" width=\"3560\"\/>Las apuestas en tul, sat\u00e9n y cuero reflejan la capacidad de Sydney Sweeney para reinventar su imagen en cada gala (REUTERS\/Mario Anzuoni)<\/p>\n<p class=\"paragraph\">En una alfombra roja, para la premiere de la pel\u00edcula<b> \u201cChristy\u201d <\/b>en 2025, Sweeney opt\u00f3 por un vestido de gala en un rosa suave. <\/p>\n<p class=\"paragraph\">La tela, con relieve floral, formaba una falda voluminosa y dejaba los hombros al descubierto, que realzaba la figura y gener\u00f3 un contraste fuerte. Adem\u00e1s, mantuvo el mismo corte de cabello rubio y corto, junto a un maquillaje discreto que priorizaba la naturalidad.<\/p>\n<p><img alt=\"Los detalles met\u00e1licos y las\" class=\"global-image\" decoding=\"async\" fetchpriority=\"low\" height=\"5754\" loading=\"lazy\" src=\"https:\/\/www.europesays.com\/es\/wp-content\/uploads\/2025\/11\/H4QCAYPKN5CJHLQ3DFAFIEYDSI.JPG\" width=\"3836\"\/>Los detalles met\u00e1licos y las siluetas estructuradas se convirtieron en distintivos de las m\u00e1s recientes elecciones de la actriz (REUTERS\/Mark Blinch)<\/p>\n<p class=\"paragraph\">En el <b>Festival Internacional de Cine de Toronto 2025<\/b>, Sweeney eligi\u00f3 un vestido blanco marfil compuesto por un cors\u00e9 ajustado y un escote profundo. De la parte superior part\u00eda una falda satinada, larga y plisada, que se sujetaba con una cinta de terciopelo rojo oscuro en el costado. <\/p>\n<p class=\"paragraph\">Mostr\u00f3 el cabello rubio y largo, suelto, peinado en ondas suaves. <\/p>\n<p><img alt=\"Sydney Sweeney ha sabido fusionar\" class=\"global-image\" decoding=\"async\" fetchpriority=\"low\" height=\"3608\" loading=\"lazy\" src=\"https:\/\/www.europesays.com\/es\/wp-content\/uploads\/2025\/11\/RFWH4FYGKFHPDD5AREG3ICMD2U.JPG\" width=\"2651\"\/>Sydney Sweeney ha sabido fusionar tendencias cl\u00e1sicas y contempor\u00e1neas en sus looks para importantes festivales de cine (REUTERS\/Mario Anzuoni)<\/p>\n<p class=\"paragraph\">En otra ocasi\u00f3n, para un evento especial de la pel\u00edcula <b>\u201cAmericana\u201d<\/b>, se puso un vestido de tul blanco. <\/p>\n<p class=\"paragraph\">El modelo presentaba una falda amplia, estructura de cors\u00e9 y una textura et\u00e9rea que resaltaba frente al fondo liso. Reforz\u00f3 el aire cl\u00e1sico con una banda ancha blanca que recog\u00eda el pelo en ondas retro y complet\u00f3 el atuendo con zapatos de taco blancos.<\/p>\n<p><img alt=\"El uso de vestidos con\" class=\"global-image\" decoding=\"async\" fetchpriority=\"low\" height=\"5409\" loading=\"lazy\" src=\"https:\/\/www.europesays.com\/es\/wp-content\/uploads\/2025\/11\/JS7LAKJSGFE6JPW6XBCMA4IVNI.jpg\" width=\"7991\"\/>El uso de vestidos con bordados, relieves florales y tonos vibrantes ha sido clave en el recorrido estil\u00edstico de la actriz (REUTERS\/Andrew Kelly)<\/p>\n<p class=\"paragraph\">Sobre una alfombra clara, durante la <b>Met Gala de 2024<\/b>, luci\u00f3 un vestido de tul azul claro, decorado con bordados vegetales oscuros en la parte superior. <\/p>\n<p class=\"paragraph\">El cors\u00e9 sumaba transparencias y escote marcado, adem\u00e1s de hombros ca\u00eddos, mientras los guantes largos de tul negro a\u00f1ad\u00edan <b>dramatismo<\/b>. Cambi\u00f3 radicalmente de imagen con una peluca negra corta de flequillo recto y detalles plateados en el cuello.<\/p>\n<p><img alt=\"La alfombra roja internacional fue\" class=\"global-image\" decoding=\"async\" fetchpriority=\"low\" height=\"5500\" loading=\"lazy\" src=\"https:\/\/www.europesays.com\/es\/wp-content\/uploads\/2025\/11\/GTGLQ5JLY2FEA42BCRP4A7A47A.jpg\" width=\"3595\"\/>La alfombra roja internacional fue testigo del paso de la inspiraci\u00f3n rom\u00e1ntica a la moda arriesgada por parte de Sydney Sweeney (REUTERS\/Danny Moloshok)<\/p>\n<p class=\"paragraph\">En la fiesta after de los <b>Oscar de Vanity Fair<\/b>, desfil\u00f3 con un vestido de sat\u00e9n blanco perla. El escote halter y el drapeado profundo dejaron los brazos al descubierto, mientras la pollera inclu\u00eda pliegues marcados y una peque\u00f1a cola. <\/p>\n<p class=\"paragraph\">El conjunto se complet\u00f3 con un collar largo con varios colgantes y el cabello corto, rubio, en ondas sutiles. <b>Eligi\u00f3 maquillaje suave con labios en tono nude.<\/b><\/p>\n<p><img alt=\"Peinados ondulados, maquillaje sutil y\" class=\"global-image\" decoding=\"async\" fetchpriority=\"low\" height=\"3000\" loading=\"lazy\" src=\"https:\/\/www.europesays.com\/es\/wp-content\/uploads\/2025\/11\/SOARRCROMZFX3C76VH3NA2LFMQ.JPG\" width=\"2000\"\/>Peinados ondulados, maquillaje sutil y accesorios en armon\u00eda complementaron el sello personal de la actriz en eventos recientes (The Grosby Group)<\/p>\n<p class=\"paragraph\">En una escena urbana durante la noche, para el programa de <b>Jimmy Fallon <\/b>en Nueva York, durante 2023, eligi\u00f3 un vestido de c\u00f3ctel rojo brillante, de hombros estructurados, escote coraz\u00f3n y falda asim\u00e9trica con abertura, decorada con una flor en la cadera. Combin\u00f3 zapatos de taco y bolso del mismo color. <\/p>\n<p class=\"paragraph\">El cabello rubio lo llev\u00f3 suelto y liso, con maquillaje de labios rojos.<\/p>\n<p><img alt=\"Cada aparici\u00f3n de Sydney Sweeney\" class=\"global-image\" decoding=\"async\" fetchpriority=\"low\" height=\"6782\" loading=\"lazy\" src=\"https:\/\/www.europesays.com\/es\/wp-content\/uploads\/2025\/11\/2FMCIJZWB47HI4UCEFY4DX5ENI.jpg\" width=\"3774\"\/>Cada aparici\u00f3n de Sydney Sweeney capt\u00f3 la atenci\u00f3n de los medios por la variedad de cortes, escotes y siluetas elegidos (REUTERS\/Aude Guerrucci)<\/p>\n<p class=\"paragraph\">Para una alfombra negra, durante la celebraci\u00f3n de <b>ELLE Women en Hollywood 2022<\/b>, Sweeney pos\u00f3 con un conjunto de dos piezas de cuero negro. <\/p>\n<p class=\"paragraph\">El top cors\u00e9 presentaba copas marcadas y cierre central, acompa\u00f1ado por una campera y pantal\u00f3n recto. Mantuvo el cabello de aspecto mojado, suelto y ondulado, con expresi\u00f3n serena y maquillaje natural de labios rosados.<\/p>\n<p><img alt=\"Los contrastes entre prendas voluminosas\" class=\"global-image\" decoding=\"async\" fetchpriority=\"low\" height=\"2688\" loading=\"lazy\" src=\"https:\/\/www.europesays.com\/es\/wp-content\/uploads\/2025\/11\/EH4RYX63KZG2DKJ7ETZZCNDGXM.jpg\" width=\"1920\"\/>Los contrastes entre prendas voluminosas y ajustadas marcaron la narrativa visual de las elecciones de vestuario de Sydney Sweeney (AFP)<\/p>\n<p class=\"paragraph\">En una premiaci\u00f3n con fondos de \u201cTBS\u201d, \u201cTNT\u201d y \u201cSAG-AFTRA\u201d de 2019 en Los Angeles, Sweeney visti\u00f3 un vestido largo de gasa, cuya pollera presentaba un degradado en naranja y una abertura en la pierna. <\/p>\n<p class=\"paragraph\">El cuerpo, <b>blanco y plisado<\/b>, se resolv\u00eda en un solo hombro cubierto. Llev\u00f3 sandalias met\u00e1licas, pendientes largos y el cabello rubio liso con raya central, completaron el look con un maquillaje en tonos suaves.<\/p>\n","protected":false},"excerpt":{"rendered":"El estilo de Sydney Sweeney evidencia una evoluci\u00f3n marcada por la audacia, la mezcla de texturas y colores&hellip;\n","protected":false},"author":2,"featured_media":233710,"comment_status":"","ping_status":"","sticky":false,"template":"","format":"standard","meta":{"footnotes":""},"categories":[174],"tags":[231,3118,255,5797,146,147,25,24,256,3119,23],"class_list":{"0":"post-233709","1":"post","2":"type-post","3":"status-publish","4":"format-standard","5":"has-post-thumbnail","7":"category-famosos","8":"tag-arts","9":"tag-arts-culture-entertainment","10":"tag-celebrities","11":"tag-culture","12":"tag-entertainment","13":"tag-entretenimiento","14":"tag-es","15":"tag-espana","16":"tag-famosos","17":"tag-north-america","18":"tag-spain"},"share_on_mastodon":{"url":"https:\/\/pubeurope.com\/@es\/115542413681385278","error":""},"_links":{"self":[{"href":"https:\/\/www.europesays.com\/es\/wp-json\/wp\/v2\/posts\/233709","targetHints":{"allow":["GET"]}}],"collection":[{"href":"https:\/\/www.europesays.com\/es\/wp-json\/wp\/v2\/posts"}],"about":[{"href":"https:\/\/www.europesays.com\/es\/wp-json\/wp\/v2\/types\/post"}],"author":[{"embeddable":true,"href":"https:\/\/www.europesays.com\/es\/wp-json\/wp\/v2\/users\/2"}],"replies":[{"embeddable":true,"href":"https:\/\/www.europesays.com\/es\/wp-json\/wp\/v2\/comments?post=233709"}],"version-history":[{"count":0,"href":"https:\/\/www.europesays.com\/es\/wp-json\/wp\/v2\/posts\/233709\/revisions"}],"wp:featuredmedia":[{"embeddable":true,"href":"https:\/\/www.europesays.com\/es\/wp-json\/wp\/v2\/media\/233710"}],"wp:attachment":[{"href":"https:\/\/www.europesays.com\/es\/wp-json\/wp\/v2\/media?parent=233709"}],"wp:term":[{"taxonomy":"category","embeddable":true,"href":"https:\/\/www.europesays.com\/es\/wp-json\/wp\/v2\/categories?post=233709"},{"taxonomy":"post_tag","embeddable":true,"href":"https:\/\/www.europesays.com\/es\/wp-json\/wp\/v2\/tags?post=233709"}],"curies":[{"name":"wp","href":"https:\/\/api.w.org\/{rel}","templated":true}]}}