{"id":233711,"date":"2025-11-13T12:34:18","date_gmt":"2025-11-13T12:34:18","guid":{"rendered":"https:\/\/www.europesays.com\/es\/233711\/"},"modified":"2025-11-13T12:34:18","modified_gmt":"2025-11-13T12:34:18","slug":"casa-oinarri-en-bilbao-verne-arquitectura","status":"publish","type":"post","link":"https:\/\/www.europesays.com\/es\/233711\/","title":{"rendered":"Casa Oinarri en Bilbao &#8211; Verne arquitectura\u00a0"},"content":{"rendered":"<p>A escasos metros de los acantilados de la costa vizca\u00edna, la vivienda oinarri \u2014base o cimiento en euskera\u2014 est\u00e1 concebida como una edificaci\u00f3n firmemente anclada en el terreno rocoso sobre el que se asienta. Con una superficie construida de 400 metros cuadrados, el proyecto de Verne arquitectura \u2014V\u00edctor Larripa, Javier Mart\u00ednez y Daniel Ruiz de Gordejuela\u2014 se materializa como un gran prisma de piedra perforado por un patio central que articula el interior de la casa. La cubierta, inclinada hacia el patio, se resuelve con l\u00e1minas engatilladas de cobre rojizo.<\/p>\n<p>La fachada exterior, ejecutada en siller\u00eda de piedra caliza, muestra un aparejo minuciosamente trabajado y una textura escafilada realizada directamente en obra. Para subrayar el car\u00e1cter abstracto del volumen, se eliminan cornisas y remates, acentuando la pureza de las aristas. Los huecos, resueltos con carpinter\u00edas de madera de iroko y paneles correderos del mismo material, introducen un contrapunto c\u00e1lido frente a la solidez p\u00e9trea del conjunto.<\/p>\n<p>En el interior, la luz accede desde el patio central, completamente vidriado, cuyo per\u00edmetro est\u00e1 configurado mediante ventanales correderos, que multiplican la sensaci\u00f3n de profundidad y continuidad espacial. A ambos lados del patio se sit\u00faan el vest\u00edbulo de acceso y el sal\u00f3n, en un juego de simetr\u00edas y transparencias que refuerza la conexi\u00f3n visual entre los espacios.<\/p>\n<p>Los pasillos laterales conducen a las distintas estancias, y en las esquinas se disponen espacios complementarios como la cocina \u2014en la cara norte\u2014, el despacho y la sala de televisi\u00f3n \u2014en la sur\u2014. El dise\u00f1o interior, desarrollado junto a Estudio Baufor, prolonga la coherencia material y formal del conjunto.<\/p>\n<p>El s\u00f3tano, accesible mediante una rampa discretamente integrada en la vegetaci\u00f3n, alberga el garaje y las dependencias secundarias. Este nivel est\u00e1 organizado en torno a cuatro pilares de hormig\u00f3n que marcan el eje del patio, mientras los cierres y accesos mantienen la textura c\u00e1lida de la madera de iroko.<\/p>\n<p><img decoding=\"async\" class=\"graf-image\" src=\"https:\/\/www.europesays.com\/es\/wp-content\/uploads\/2025\/11\/av_medium__av_303999.jpeg\" data-db-id=\"303999\" src-normal=\"\/assets\/uploads\/obras\/58310\/av_medium__av_303999.jpeg\" src-full=\"\/assets\/uploads\/obras\/58310\/av_303999.jpeg\" data-fotografo=\"Pablo Garc\u00eda Esparza\" title=\"Casa Oinarri en Bilbao\"\/><img decoding=\"async\" class=\"graf-image\" src=\"https:\/\/www.europesays.com\/es\/wp-content\/uploads\/2025\/11\/av_medium__av_304010.jpeg\" data-db-id=\"304010\" src-normal=\"\/assets\/uploads\/obras\/58310\/av_medium__av_304010.jpeg\" src-full=\"\/assets\/uploads\/obras\/58310\/av_304010.jpeg\" data-fotografo=\"Pablo Garc\u00eda Esparza\" title=\"Casa Oinarri en Bilbao\"\/><img decoding=\"async\" class=\"graf-image\" src=\"https:\/\/www.europesays.com\/es\/wp-content\/uploads\/2025\/11\/av_medium__av_304005.jpeg\" data-db-id=\"304005\" src-normal=\"\/assets\/uploads\/obras\/58310\/av_medium__av_304005.jpeg\" src-full=\"\/assets\/uploads\/obras\/58310\/av_304005.jpeg\" data-fotografo=\"Pablo Garc\u00eda Esparza\" title=\"Casa Oinarri en Bilbao\"\/><img decoding=\"async\" class=\"graf-image\" src=\"https:\/\/www.europesays.com\/es\/wp-content\/uploads\/2025\/11\/av_medium__av_304012.jpeg\" data-db-id=\"304012\" src-normal=\"\/assets\/uploads\/obras\/58310\/av_medium__av_304012.jpeg\" src-full=\"\/assets\/uploads\/obras\/58310\/av_304012.jpeg\" style=\"\" data-fotografo=\"Pablo Garc\u00eda Esparza\" title=\"Casa Oinarri en Bilbao\"\/><img decoding=\"async\" class=\"graf-image\" src=\"https:\/\/www.europesays.com\/es\/wp-content\/uploads\/2025\/11\/av_medium__av_304011.jpeg\" data-db-id=\"304011\" src-normal=\"\/assets\/uploads\/obras\/58310\/av_medium__av_304011.jpeg\" src-full=\"\/assets\/uploads\/obras\/58310\/av_304011.jpeg\" data-fotografo=\"Pablo Garc\u00eda Esparza\" title=\"Casa Oinarri en Bilbao\"\/><img decoding=\"async\" class=\"graf-image\" src=\"https:\/\/www.europesays.com\/es\/wp-content\/uploads\/2025\/11\/av_304006.jpeg\" data-db-id=\"304006\" src-normal=\"\/assets\/uploads\/obras\/58310\/av_medium__av_304006.jpeg\" src-full=\"\/assets\/uploads\/obras\/58310\/av_304006.jpeg\" style=\"\" data-fotografo=\"Pablo Garc\u00eda Esparza\" title=\"Casa Oinarri en Bilbao\"\/><img decoding=\"async\" class=\"graf-image\" src=\"https:\/\/www.europesays.com\/es\/wp-content\/uploads\/2025\/11\/av_medium__av_304009.jpeg\" data-db-id=\"304009\" src-normal=\"\/assets\/uploads\/obras\/58310\/av_medium__av_304009.jpeg\" src-full=\"\/assets\/uploads\/obras\/58310\/av_304009.jpeg\" data-fotografo=\"Pablo Garc\u00eda Esparza\" title=\"Casa Oinarri en Bilbao\"\/><img decoding=\"async\" class=\"graf-image\" src=\"https:\/\/www.europesays.com\/es\/wp-content\/uploads\/2025\/11\/av_medium__av_304001.jpeg\" data-db-id=\"304001\" src-normal=\"\/assets\/uploads\/obras\/58310\/av_medium__av_304001.jpeg\" src-full=\"\/assets\/uploads\/obras\/58310\/av_304001.jpeg\" style=\"\" data-fotografo=\"Pablo Garc\u00eda Esparza\" title=\"Casa Oinarri en Bilbao\"\/><img decoding=\"async\" class=\"graf-image\" src=\"https:\/\/www.europesays.com\/es\/wp-content\/uploads\/2025\/11\/av_medium__av_304008.jpeg\" data-db-id=\"304008\" src-normal=\"\/assets\/uploads\/obras\/58310\/av_medium__av_304008.jpeg\" src-full=\"\/assets\/uploads\/obras\/58310\/av_304008.jpeg\" style=\"\" data-fotografo=\"Pablo Garc\u00eda Esparza\" title=\"Casa Oinarri en Bilbao\"\/><img decoding=\"async\" class=\"graf-image\" src=\"https:\/\/www.europesays.com\/es\/wp-content\/uploads\/2025\/11\/av_medium__av_304007.jpeg\" data-db-id=\"304007\" src-normal=\"\/assets\/uploads\/obras\/58310\/av_medium__av_304007.jpeg\" src-full=\"\/assets\/uploads\/obras\/58310\/av_304007.jpeg\" style=\"\" data-fotografo=\"Pablo Garc\u00eda Esparza\" title=\"Casa Oinarri en Bilbao\"\/><img decoding=\"async\" class=\"graf-image\" src=\"https:\/\/www.europesays.com\/es\/wp-content\/uploads\/2025\/11\/av_medium__av_304004.jpeg\" data-db-id=\"304004\" src-normal=\"\/assets\/uploads\/obras\/58310\/av_medium__av_304004.jpeg\" src-full=\"\/assets\/uploads\/obras\/58310\/av_304004.jpeg\" style=\"\" data-fotografo=\"Pablo Garc\u00eda Esparza\" title=\"Casa Oinarri en Bilbao\"\/><img decoding=\"async\" class=\"graf-image\" src=\"https:\/\/www.europesays.com\/es\/wp-content\/uploads\/2025\/11\/av_medium__av_304003.jpeg\" data-db-id=\"304003\" src-normal=\"\/assets\/uploads\/obras\/58310\/av_medium__av_304003.jpeg\" src-full=\"\/assets\/uploads\/obras\/58310\/av_304003.jpeg\" style=\"\" data-fotografo=\"Pablo Garc\u00eda Esparza\" title=\"Casa Oinarri en Bilbao\"\/><img decoding=\"async\" class=\"graf-image\" src=\"https:\/\/www.europesays.com\/es\/wp-content\/uploads\/2025\/11\/av_medium__av_304000.jpeg\" data-db-id=\"304000\" src-normal=\"\/assets\/uploads\/obras\/58310\/av_medium__av_304000.jpeg\" src-full=\"\/assets\/uploads\/obras\/58310\/av_304000.jpeg\" style=\"\" data-fotografo=\"Pablo Garc\u00eda Esparza\" title=\"Casa Oinarri en Bilbao\"\/><img decoding=\"async\" class=\"graf-image\" src=\"https:\/\/www.europesays.com\/es\/wp-content\/uploads\/2025\/11\/av_medium__av_304019.jpeg\" data-db-id=\"304019\" src-normal=\"\/assets\/uploads\/obras\/58310\/av_medium__av_304019.jpeg\" src-full=\"\/assets\/uploads\/obras\/58310\/av_304019.jpeg\" title=\"Casa Oinarri en Bilbao\"\/><img decoding=\"async\" class=\"graf-image\" src=\"https:\/\/www.europesays.com\/es\/wp-content\/uploads\/2025\/11\/av_medium__av_304017.jpeg\" data-db-id=\"304017\" src-normal=\"\/assets\/uploads\/obras\/58310\/av_medium__av_304017.jpeg\" src-full=\"\/assets\/uploads\/obras\/58310\/av_304017.jpeg\" title=\"Casa Oinarri en Bilbao\"\/><img decoding=\"async\" class=\"graf-image\" src=\"https:\/\/www.europesays.com\/es\/wp-content\/uploads\/2025\/11\/av_medium__av_304018.jpeg\" data-db-id=\"304018\" src-normal=\"\/assets\/uploads\/obras\/58310\/av_medium__av_304018.jpeg\" src-full=\"\/assets\/uploads\/obras\/58310\/av_304018.jpeg\" title=\"Casa Oinarri en Bilbao\"\/><img decoding=\"async\" class=\"graf-image\" src=\"https:\/\/www.europesays.com\/es\/wp-content\/uploads\/2025\/11\/av_medium__av_304015.jpeg\" data-db-id=\"304015\" src-normal=\"\/assets\/uploads\/obras\/58310\/av_medium__av_304015.jpeg\" src-full=\"\/assets\/uploads\/obras\/58310\/av_304015.jpeg\" title=\"Casa Oinarri en Bilbao\"\/><img decoding=\"async\" class=\"graf-image\" src=\"https:\/\/www.europesays.com\/es\/wp-content\/uploads\/2025\/11\/av_medium__av_304016.jpeg\" data-db-id=\"304016\" src-normal=\"\/assets\/uploads\/obras\/58310\/av_medium__av_304016.jpeg\" src-full=\"\/assets\/uploads\/obras\/58310\/av_304016.jpeg\" title=\"Casa Oinarri en Bilbao\"\/><img decoding=\"async\" class=\"graf-image\" src=\"https:\/\/www.europesays.com\/es\/wp-content\/uploads\/2025\/11\/av_medium__av_304013.jpeg\" data-db-id=\"304013\" src-normal=\"\/assets\/uploads\/obras\/58310\/av_medium__av_304013.jpeg\" src-full=\"\/assets\/uploads\/obras\/58310\/av_304013.jpeg\" style=\"\" title=\"Casa Oinarri en Bilbao\"\/><img decoding=\"async\" class=\"graf-image\" src=\"https:\/\/www.europesays.com\/es\/wp-content\/uploads\/2025\/11\/av_medium__av_304014.jpeg\" data-db-id=\"304014\" src-normal=\"\/assets\/uploads\/obras\/58310\/av_medium__av_304014.jpeg\" src-full=\"\/assets\/uploads\/obras\/58310\/av_304014.jpeg\" style=\"\" title=\"Casa Oinarri en Bilbao\"\/><\/p>\n","protected":false},"excerpt":{"rendered":"A escasos metros de los acantilados de la costa vizca\u00edna, la vivienda oinarri \u2014base o cimiento en euskera\u2014&hellip;\n","protected":false},"author":2,"featured_media":233712,"comment_status":"","ping_status":"","sticky":false,"template":"","format":"standard","meta":{"footnotes":""},"categories":[173],"tags":[229,233,231,230,232,234,146,147,25,24,23],"class_list":{"0":"post-233711","1":"post","2":"type-post","3":"status-publish","4":"format-standard","5":"has-post-thumbnail","7":"category-arte-y-diseno","8":"tag-arte","9":"tag-arte-y-diseno","10":"tag-arts","11":"tag-arts-and-design","12":"tag-design","13":"tag-diseno","14":"tag-entertainment","15":"tag-entretenimiento","16":"tag-es","17":"tag-espana","18":"tag-spain"},"share_on_mastodon":{"url":"https:\/\/pubeurope.com\/@es\/115542417973654056","error":""},"_links":{"self":[{"href":"https:\/\/www.europesays.com\/es\/wp-json\/wp\/v2\/posts\/233711","targetHints":{"allow":["GET"]}}],"collection":[{"href":"https:\/\/www.europesays.com\/es\/wp-json\/wp\/v2\/posts"}],"about":[{"href":"https:\/\/www.europesays.com\/es\/wp-json\/wp\/v2\/types\/post"}],"author":[{"embeddable":true,"href":"https:\/\/www.europesays.com\/es\/wp-json\/wp\/v2\/users\/2"}],"replies":[{"embeddable":true,"href":"https:\/\/www.europesays.com\/es\/wp-json\/wp\/v2\/comments?post=233711"}],"version-history":[{"count":0,"href":"https:\/\/www.europesays.com\/es\/wp-json\/wp\/v2\/posts\/233711\/revisions"}],"wp:featuredmedia":[{"embeddable":true,"href":"https:\/\/www.europesays.com\/es\/wp-json\/wp\/v2\/media\/233712"}],"wp:attachment":[{"href":"https:\/\/www.europesays.com\/es\/wp-json\/wp\/v2\/media?parent=233711"}],"wp:term":[{"taxonomy":"category","embeddable":true,"href":"https:\/\/www.europesays.com\/es\/wp-json\/wp\/v2\/categories?post=233711"},{"taxonomy":"post_tag","embeddable":true,"href":"https:\/\/www.europesays.com\/es\/wp-json\/wp\/v2\/tags?post=233711"}],"curies":[{"name":"wp","href":"https:\/\/api.w.org\/{rel}","templated":true}]}}