{"id":233719,"date":"2025-11-13T12:39:21","date_gmt":"2025-11-13T12:39:21","guid":{"rendered":"https:\/\/www.europesays.com\/es\/233719\/"},"modified":"2025-11-13T12:39:21","modified_gmt":"2025-11-13T12:39:21","slug":"jesus-rodriguez-explica-su-salida-en-verano-y-llama-a-la-puerta-del-betis-ojala-nos-hubiesemos-quedado-antony-y-yo","status":"publish","type":"post","link":"https:\/\/www.europesays.com\/es\/233719\/","title":{"rendered":"Jes\u00fas Rodr\u00edguez explica su salida en verano y llama a la puerta del Betis: \u00abOjal\u00e1 nos hubi\u00e9semos quedado Antony y yo\u00bb"},"content":{"rendered":"<p class=\"parrafo\">Desde que en verano tuvo que hacer las maletas para recalar en el Como y dejar cuantioso &#8216;cash&#8217; en las arcas del Betis con su traspaso por 22,5 millones, <strong>Jes\u00fas Rodr\u00edguez siempre ha hablado con claridad de las circunstancias de su salida <\/strong>y no esconde que <a href=\"https:\/\/www.estadiodeportivo.com\/futbol\/betis\/que-quiero-volver-betis-20250903-510328.html\" target=\"_blank\" class=\"intext-link\" rel=\"nofollow noopener\">en el futuro le gustar\u00eda realizar el camino de vuelta al club heliopolitano.<\/a><\/p>\n<p class=\"parrafo\">Dos situaciones en las que el alcalare\u00f1o profundiz\u00f3 anoche en declaraciones en el programa El Larguero, donde Manu Carre\u00f1o le apret\u00f3 al sugerir que el Betis podr\u00eda haber hecho un esfuerzo. <strong>\u00abNo hay dinero para Jes\u00fas, pero s\u00ed para Antony\u00bb, <\/strong>se\u00f1al\u00f3 el periodista, a lo que el extremo respondi\u00f3: <strong>\u00abTodos sabemos la calidad que tiene Antony y lo est\u00e1 demostrando\u00bb. <\/strong>Esta contestaci\u00f3n no bast\u00f3 a Carre\u00f1o, que insisti\u00f3: \u00abPero tiene que haber dinero para los dos&#8230;\u00bb. Entonces, Jes\u00fas se abri\u00f3 y reconoci\u00f3 que le habr\u00eda gustado que fuera as\u00ed.<\/p>\n<p>Jes\u00fas Rodr\u00edguez se sincera: \u00abMe gustar\u00eda volver al Betis\u00bb<\/p>\n<p class=\"parrafo\">\u00abA lo mejor mi salida ayud\u00f3 a que Antony viniese. Al fin y al cabo el nivel que est\u00e1 dando Antony es muy bueno. <strong>Si yo he tenido que salir de all\u00ed para que el Betis le vaya lo mejor posible me alegrar\u00e9 siempre, pero ojal\u00e1 nos hubi\u00e9semos podido quedar los dos\u00bb, <\/strong>apunt\u00f3 con nostalgia y mucha sinceridad Jes\u00fas Rodr\u00edguez, al que se le cuestion\u00f3 sobre la posibilidad de regresar al Betis, lo que en un principio se tom\u00f3 al pie de la letra.<\/p>\n<p class=\"parrafo\">\u00abA ver, ahora mismo hemos salido de all\u00ed. <strong>Como he dicho me gustar\u00eda volver, pero no s\u00e9 si ahora mismo ellos tienen intenciones, sal\u00ed hace cuatro meses&#8230;<\/strong>\u00ab, apunt\u00f3 el de Alcal\u00e1, a la par que el periodista matiz\u00f3 su pregunta y puntualiz\u00f3 que no se refer\u00eda a este momento, sino a la posibilidad, por ejemplo, de que en dos a\u00f1os se presentara la oportunidad de regresar a la que considera su casa. \u00ab\u00bfVolver\u00edas?\u00bb. La respuesta no da lugar a dudas: <strong>\u00abPodr\u00eda ser, la verdad\u00bb.<\/strong><\/p>\n<p><a class=\"elementos-rel-t2\" href=\"https:\/\/www.estadiodeportivo.com\/futbol\/serie-a\/confirma-duro-castigo-para-jesus-rodriguez-20250930-514438.html\" title=\"Se confirma el duro castigo para Jes\u00fas Rodr\u00edguez\" rel=\"nofollow noopener\" target=\"_blank\">Se confirma el duro castigo para Jes\u00fas Rodr\u00edguez<img decoding=\"async\" src=\"https:\/\/www.europesays.com\/es\/wp-content\/uploads\/2025\/11\/c426acd0-be07-4ac4-9328-e673bf33e956_320x180.jpeg\" alt=\"Se confirma el duro castigo para Jes\u00fas Rodr\u00edguez\"\/><\/a><a class=\"elementos-rel-t2\" href=\"https:\/\/www.estadiodeportivo.com\/futbol\/selecciones\/jesus-rodriguez-fuente-negocio-del-betis-20250829-509704.html\" title=\"Jes\u00fas Rodr\u00edguez, De la Fuente y el negocio del Betis \" rel=\"nofollow noopener\" target=\"_blank\">Jes\u00fas Rodr\u00edguez, De la Fuente y el negocio del Betis <img decoding=\"async\" src=\"https:\/\/www.europesays.com\/es\/wp-content\/uploads\/2025\/11\/8fbc6be0-5c61-4ec0-b600-b3254dbee233_320x180.jpeg\" alt=\"Jes\u00fas Rodr\u00edguez, De la Fuente y el negocio del Betis \"\/><\/a><a class=\"elementos-rel-t2\" href=\"https:\/\/www.estadiodeportivo.com\/futbol\/betis\/venta-jesus-rodriguez-una-operacion-redonda-20250701-502139.html\" title=\"La venta de Jes\u00fas Rodr\u00edguez, una operaci\u00f3n redonda\" rel=\"nofollow noopener\" target=\"_blank\">La venta de Jes\u00fas Rodr\u00edguez, una operaci\u00f3n redonda<img decoding=\"async\" src=\"https:\/\/www.europesays.com\/es\/wp-content\/uploads\/2025\/10\/630668c6-161b-4a7b-b2c1-9d6068dae3a0_320x180.jpeg\" alt=\"La venta de Jes\u00fas Rodr\u00edguez, una operaci\u00f3n redonda\"\/><\/a><strong\/>Su gran comienzo en el Como le abri\u00f3 la puerta de la Selecci\u00f3n<\/p>\n<p class=\"parrafo\">Jes\u00fas Rodr\u00edguez irrumpi\u00f3 con fuerza en el Como, como titular indiscutible a las \u00f3rdenes de Cesc y con un magn\u00edfico rendimiento, lo que <strong>le abri\u00f3 las puertas de la Roja con la llamada de Luis de la Fuente<\/strong>. En total, ha marcado dos goles, ambos en ella competici\u00f3n copera contra el Sassuolo y ha servido cuatro asistencias, si bien <strong>su progresi\u00f3n en el conjunto italiano sufri\u00f3 un frenazo por una sanci\u00f3n que le oblig\u00f3 a perderse tres partidos<\/strong>. Desde entonces, est\u00e1 trabajando para volver a ser un fijo sin ocultar nunca su sentimiento heliopolitano.<\/p>\n","protected":false},"excerpt":{"rendered":"Desde que en verano tuvo que hacer las maletas para recalar en el Como y dejar cuantioso &#8216;cash&#8217;&hellip;\n","protected":false},"author":2,"featured_media":233720,"comment_status":"","ping_status":"","sticky":false,"template":"","format":"standard","meta":{"footnotes":""},"categories":[93],"tags":[168,25,24,284,282,6629,286,23,167],"class_list":{"0":"post-233719","1":"post","2":"type-post","3":"status-publish","4":"format-standard","5":"has-post-thumbnail","7":"category-deportes","8":"tag-deportes","9":"tag-es","10":"tag-espana","11":"tag-estadio-deportivo","12":"tag-futbol","13":"tag-jesus-rodriguez","14":"tag-real-betis-balompie","15":"tag-spain","16":"tag-sports"},"share_on_mastodon":{"url":"https:\/\/pubeurope.com\/@es\/115542436434754944","error":""},"_links":{"self":[{"href":"https:\/\/www.europesays.com\/es\/wp-json\/wp\/v2\/posts\/233719","targetHints":{"allow":["GET"]}}],"collection":[{"href":"https:\/\/www.europesays.com\/es\/wp-json\/wp\/v2\/posts"}],"about":[{"href":"https:\/\/www.europesays.com\/es\/wp-json\/wp\/v2\/types\/post"}],"author":[{"embeddable":true,"href":"https:\/\/www.europesays.com\/es\/wp-json\/wp\/v2\/users\/2"}],"replies":[{"embeddable":true,"href":"https:\/\/www.europesays.com\/es\/wp-json\/wp\/v2\/comments?post=233719"}],"version-history":[{"count":0,"href":"https:\/\/www.europesays.com\/es\/wp-json\/wp\/v2\/posts\/233719\/revisions"}],"wp:featuredmedia":[{"embeddable":true,"href":"https:\/\/www.europesays.com\/es\/wp-json\/wp\/v2\/media\/233720"}],"wp:attachment":[{"href":"https:\/\/www.europesays.com\/es\/wp-json\/wp\/v2\/media?parent=233719"}],"wp:term":[{"taxonomy":"category","embeddable":true,"href":"https:\/\/www.europesays.com\/es\/wp-json\/wp\/v2\/categories?post=233719"},{"taxonomy":"post_tag","embeddable":true,"href":"https:\/\/www.europesays.com\/es\/wp-json\/wp\/v2\/tags?post=233719"}],"curies":[{"name":"wp","href":"https:\/\/api.w.org\/{rel}","templated":true}]}}