{"id":233727,"date":"2025-11-13T12:44:12","date_gmt":"2025-11-13T12:44:12","guid":{"rendered":"https:\/\/www.europesays.com\/es\/233727\/"},"modified":"2025-11-13T12:44:12","modified_gmt":"2025-11-13T12:44:12","slug":"en-plena-tension-con-ee-uu-llega-a-venezuela-otro-vuelo-con-casi-300-migrantes-deportados-desde-texas","status":"publish","type":"post","link":"https:\/\/www.europesays.com\/es\/233727\/","title":{"rendered":"En plena tensi\u00f3n con EE.UU., llega a Venezuela otro vuelo con casi 300 migrantes deportados desde Texas"},"content":{"rendered":"<p>      CNN Espa\u00f1ol<br \/>\n        \u00a0\u2014\u00a0<\/p>\n<p class=\"paragraph inline-placeholder vossi-paragraph\" data-uri=\"es.cms.cnn.com\/_components\/paragraph\/instances\/cmhwn534k0002356nctrdylx7@published\" data-editable=\"text\" data-component-name=\"paragraph\" data-article-gutter=\"true\">\n            Casi 300 migrantes venezolanos llegaron este mi\u00e9rcoles a Venezuela en un vuelo de repatriaci\u00f3n procedente de Estados Unidos, entre ellos 14 menores de edad, inform\u00f3 el Ministerio de Relaciones Interiores, Justicia y Paz de Venezuela.\n    <\/p>\n<p class=\"paragraph inline-placeholder vossi-paragraph\" data-uri=\"es.cms.cnn.com\/_components\/paragraph\/instances\/cmhwn534k0003356nq5mwcdx2@published\" data-editable=\"text\" data-component-name=\"paragraph\" data-article-gutter=\"true\">\n            El vuelo, proveniente del estado de Texas, aterriz\u00f3 en el Aeropuerto Internacional Sim\u00f3n Bol\u00edvar de Maiquet\u00eda, cerca de Caracas. En total, fueron repatriadas 279 personas: 218 hombres, 47 mujeres, 3 adolescentes, 3 ni\u00f1os y 8 ni\u00f1as,<a href=\"https:\/\/www.instagram.com\/p\/DQ-JRvsEe8K\/?img_index=1\" target=\"_blank\" rel=\"nofollow noopener\"> dijo el ministerio a trav\u00e9s de su cuenta oficial en Instagram.<\/a>\n    <\/p>\n<p class=\"paragraph inline-placeholder vossi-paragraph\" data-uri=\"es.cms.cnn.com\/_components\/paragraph\/instances\/cmhwn534k0004356n3ivyqw20@published\" data-editable=\"text\" data-component-name=\"paragraph\" data-article-gutter=\"true\">\n            Los migrantes fueron recibidos por funcionarios del Cuerpo de Investigaciones Cient\u00edficas, Penales y Criminal\u00edsticas (CICPC), del Servicio Bolivariano de Inteligencia Nacional (SEBIN), de la Guardia Nacional Bolivariana (GNB) y de la Polic\u00eda Nacional Bolivariana (PNB), seg\u00fan las autoridades venezolanas.\n    <\/p>\n<p class=\"paragraph inline-placeholder vossi-paragraph\" data-uri=\"es.cms.cnn.com\/_components\/paragraph\/instances\/cmhwn534k0005356ngaewu143@published\" data-editable=\"text\" data-component-name=\"paragraph\" data-article-gutter=\"true\">\n            De acuerdo con el comunicado, tras su desembarque los repatriados pasan por un \u201ct\u00fanel migratorio\u201d, donde cada persona es entrevistada para evaluar su situaci\u00f3n individual. Luego reciben atenci\u00f3n m\u00e9dica por parte de instituciones del Gobierno y, posteriormente, son trasladados a sus lugares de residencia con el apoyo de los organismos de seguridad.\n    <\/p>\n<p class=\"paragraph inline-placeholder vossi-paragraph\" data-uri=\"es.cms.cnn.com\/_components\/paragraph\/instances\/cmhwot66m0008356n99111lhw@published\" data-editable=\"text\" data-component-name=\"paragraph\" data-article-gutter=\"true\">\n            CNN se ha comunicado con el Departamento de Seguridad Nacional de EE.UU. (DHS) para obtener comentarios sobre este vuelo de repatriaci\u00f3n.\n    <\/p>\n<p class=\"paragraph inline-placeholder vossi-paragraph\" data-uri=\"es.cms.cnn.com\/_components\/paragraph\/instances\/cmhwn534k0006356n5ahh77to@published\" data-editable=\"text\" data-component-name=\"paragraph\" data-article-gutter=\"true\">\n            Seg\u00fan cifras del Ministerio del Interior y Justicia de Venezuela, <a href=\"https:\/\/avn.info.ve\/venezuela-ha-repatriado-a-un-total-de-14-947-migrantes-en-77-vuelos-de-vuelta-a-la-patria\/\" target=\"_blank\" rel=\"nofollow noopener\">casi 15.000 venezolanos<\/a> han sido repatriados desde Estados Unidos desde febrero de este a\u00f1o, cuando se reactiv\u00f3 el programa gubernamental que promueve el retorno voluntario de migrantes venezolanos.\n    <\/p>\n<p class=\"paragraph inline-placeholder vossi-paragraph\" data-uri=\"es.cms.cnn.com\/_components\/paragraph\/instances\/cmhwn534k0007356ngkt60lq1@published\" data-editable=\"text\" data-component-name=\"paragraph\" data-article-gutter=\"true\">\n            El plan se reanud\u00f3 en febrero de este a\u00f1o, despu\u00e9s de que Caracas y Washington \u2014sin relaciones diplom\u00e1ticas desde 2019\u2014 firmaran en enero un acuerdo de deportaci\u00f3n.\n    <\/p>\n<p class=\"paragraph inline-placeholder vossi-paragraph\" data-uri=\"es.cms.cnn.com\/_components\/paragraph\/instances\/cmhwooov00000356nqp24b2j4@published\" data-editable=\"text\" data-component-name=\"paragraph\" data-article-gutter=\"true\">\n            Este \u00faltimo vuelo de repatriaci\u00f3n llega en un momento de renovadas tensiones entre Venezuela y Estados Unidos, luego del arribo del<a href=\"https:\/\/cnnespanol.cnn.com\/2025\/11\/11\/eeuu\/portaviones-uss-ford-cerca-america-latina-tension-venezuela-trax\" rel=\"nofollow noopener\" target=\"_blank\"> portaviones USS Gerald Ford <\/a>al Caribe en el marco del despliegue militar comenzado por Washington en agosto.\n    <\/p>\n<p class=\"paragraph inline-placeholder vossi-paragraph\" data-uri=\"es.cms.cnn.com\/_components\/paragraph\/instances\/cmhwoq5vy0002356nq265l03n@published\" data-editable=\"text\" data-component-name=\"paragraph\" data-article-gutter=\"true\">\n            La Casa Blanca sostiene que el operativo busca frenar el narcotr\u00e1fico en la regi\u00f3n, y al momentos las Fuerzas Armadas de EE.UU. <a href=\"https:\/\/cnnespanol.cnn.com\/2025\/11\/11\/eeuu\/caribe-pacifico-ataques-eeuu-narcotrafico-cronologia-orix\" rel=\"nofollow noopener\" target=\"_blank\">han destruido 20 botes presuntamente cargados con droga en el Caribe y el Pac\u00edfico, <\/a>con un saldo de al menso 76 muertos.\n    <\/p>\n<p class=\"paragraph inline-placeholder vossi-paragraph\" data-uri=\"es.cms.cnn.com\/_components\/paragraph\/instances\/cmhworadf0005356nz4x9il7s@published\" data-editable=\"text\" data-component-name=\"paragraph\" data-article-gutter=\"true\">\n            Washington tambi\u00e9n acusa al Gobierno de Venezuela de estar cooptado por los c\u00e1rteles de la droga. Caracas niega enf\u00e1ticamente esta acusaci\u00f3n, y asegura que el operativo en realidad busca un cambio de r\u00e9gimen.\n    <\/p>\n<p>              <script async src=\"\/\/www.instagram.com\/embed.js\"><\/script><\/p>\n","protected":false},"excerpt":{"rendered":"CNN Espa\u00f1ol \u00a0\u2014\u00a0 Casi 300 migrantes venezolanos llegaron este mi\u00e9rcoles a Venezuela en un vuelo de repatriaci\u00f3n procedente&hellip;\n","protected":false},"author":2,"featured_media":233728,"comment_status":"","ping_status":"","sticky":false,"template":"","format":"standard","meta":{"footnotes":""},"categories":[42],"tags":[17,18,13,14,11,61,62,63,64,19,20,890,9,10,15,16,6583,12,21,22,65,66,67],"class_list":{"0":"post-233727","1":"post","2":"type-post","3":"status-publish","4":"format-standard","5":"has-post-thumbnail","7":"category-internacional","8":"tag-breaking-news","9":"tag-breakingnews","10":"tag-featured-news","11":"tag-featurednews","12":"tag-headlines","13":"tag-internacional","14":"tag-international","15":"tag-international-news","16":"tag-internationalnews","17":"tag-latest-news","18":"tag-latestnews","19":"tag-migrantes","20":"tag-news","21":"tag-noticias","22":"tag-noticias-destacadas","23":"tag-noticiasdestacadas","24":"tag-texas","25":"tag-titulares","26":"tag-ultimas-noticias","27":"tag-ultimasnoticias","28":"tag-world","29":"tag-world-news","30":"tag-worldnews"},"share_on_mastodon":{"url":"https:\/\/pubeurope.com\/@es\/115542456059845783","error":""},"_links":{"self":[{"href":"https:\/\/www.europesays.com\/es\/wp-json\/wp\/v2\/posts\/233727","targetHints":{"allow":["GET"]}}],"collection":[{"href":"https:\/\/www.europesays.com\/es\/wp-json\/wp\/v2\/posts"}],"about":[{"href":"https:\/\/www.europesays.com\/es\/wp-json\/wp\/v2\/types\/post"}],"author":[{"embeddable":true,"href":"https:\/\/www.europesays.com\/es\/wp-json\/wp\/v2\/users\/2"}],"replies":[{"embeddable":true,"href":"https:\/\/www.europesays.com\/es\/wp-json\/wp\/v2\/comments?post=233727"}],"version-history":[{"count":0,"href":"https:\/\/www.europesays.com\/es\/wp-json\/wp\/v2\/posts\/233727\/revisions"}],"wp:featuredmedia":[{"embeddable":true,"href":"https:\/\/www.europesays.com\/es\/wp-json\/wp\/v2\/media\/233728"}],"wp:attachment":[{"href":"https:\/\/www.europesays.com\/es\/wp-json\/wp\/v2\/media?parent=233727"}],"wp:term":[{"taxonomy":"category","embeddable":true,"href":"https:\/\/www.europesays.com\/es\/wp-json\/wp\/v2\/categories?post=233727"},{"taxonomy":"post_tag","embeddable":true,"href":"https:\/\/www.europesays.com\/es\/wp-json\/wp\/v2\/tags?post=233727"}],"curies":[{"name":"wp","href":"https:\/\/api.w.org\/{rel}","templated":true}]}}