{"id":233731,"date":"2025-11-13T12:46:15","date_gmt":"2025-11-13T12:46:15","guid":{"rendered":"https:\/\/www.europesays.com\/es\/233731\/"},"modified":"2025-11-13T12:46:15","modified_gmt":"2025-11-13T12:46:15","slug":"el-parlamento-insta-a-adoptar-una-estrategia-ambiciosa-de-igualdad-de-genero-noticias","status":"publish","type":"post","link":"https:\/\/www.europesays.com\/es\/233731\/","title":{"rendered":"El Parlamento insta a adoptar una estrategia ambiciosa de igualdad de g\u00e9nero | Noticias"},"content":{"rendered":"<p class=\"ep-wysiwig_paragraph\">En el informe, aprobado con 310 votos a favor, 222 en contra y 68 abstenciones, la Euroc\u00e1mara insta a la Comisi\u00f3n a presentar una estrategia ambiciosa de igualdad de g\u00e9nero para 2026-2030, con medidas legislativas y no legislativas concretas en \u00e1reas clave.<\/p>\n<p class=\"ep-wysiwig_paragraph\"><strong>Reforzar la respuesta ante la violencia contra las mujeres<\/strong><\/p>\n<p class=\"ep-wysiwig_paragraph\">Los eurodiputados quieren que la Comisi\u00f3n Europea proponga al Consejo incluir la violencia de g\u00e9nero como un <a href=\"https:\/\/eur-lex.europa.eu\/legal-content\/ES\/TXT\/?uri=CELEX:12008E083\" target=\"_blank\" rel=\"noopener nofollow\">delito europeo especialmente grave con una dimensi\u00f3n transfronteriza<\/a>. Tambi\u00e9n piden a la Comisi\u00f3n que prepare las directrices necesarias para la aplicaci\u00f3n de la <a href=\"https:\/\/eur-lex.europa.eu\/legal-content\/Es\/TXT\/HTML\/?uri=OJ:L_202401385\" target=\"_blank\" rel=\"noopener nofollow\">directiva de lucha contra la violencia contra las mujeres y la violencia dom\u00e9stica<\/a>, recientemente aprobada, y que se reconozca el feminicidio (el asesinato de una mujer o una ni\u00f1a por su g\u00e9nero) como un crimen espec\u00edfico. El pleno insta a la Comisi\u00f3n a proponer una definici\u00f3n de la violaci\u00f3n basada en el consentimiento en la legislaci\u00f3n de la UE, y pide la ratificaci\u00f3n del Convenio de Estambul a los Estados miembros que todav\u00eda no lo han hecho.<\/p>\n<p class=\"ep-wysiwig_paragraph\"><strong>Asegurar el derecho a la salud reproductiva<\/strong><\/p>\n<p class=\"ep-wysiwig_paragraph\">El texto demanda acciones para garantizar el acceso universal a una atenci\u00f3n sanitaria sensible al g\u00e9nero y reducir la brecha de g\u00e9nero sanitaria, abordando tanto las necesidades y riesgos espec\u00edficos de cada sexo como las enfermedades que afectan de manera desproporcionada a las mujeres.<\/p>\n<p class=\"ep-wysiwig_paragraph\">Los eurodiputados quieren que la UE establezca un marco integral y vinculante para asegurar el acceso total y sin diferencias a los servicios de salud sexual y reproductiva. El Parlamento considera que el derecho a un aborto seguro y legal debe incorporarse a la Carta de Derechos Fundamentales de la UE, as\u00ed como garantizarse el acceso universal a la atenci\u00f3n de salud mental con perspectiva de g\u00e9nero.<\/p>\n<p class=\"ep-wysiwig_paragraph\">La Comisi\u00f3n, seg\u00fan el informe aprobado, debe promover activamente la incorporaci\u00f3n y permanencia de las mujeres en el mercado laboral y tomar medidas para reducir las brechas de g\u00e9nero en el empleo, los salarios y las pensiones. Los eurodiputados tambi\u00e9n instan a la r\u00e1pida aplicaci\u00f3n de las directivas sobre <a href=\"https:\/\/eur-lex.europa.eu\/legal-content\/Es\/TXT\/HTML\/?uri=CELEX:32022L2041\" target=\"_blank\" rel=\"noopener nofollow\">salarios m\u00ednimos adecuados<\/a>, <a href=\"https:\/\/eur-lex.europa.eu\/legal-content\/ES\/TXT\/?uri=CELEX:32023L0970\" target=\"_blank\" rel=\"noopener nofollow\">transparencia retributiva<\/a> y presencia de <a href=\"https:\/\/eur-lex.europa.eu\/legal-content\/Es\/TXT\/HTML\/?uri=CELEX:32022L2381\" target=\"_blank\" rel=\"noopener nofollow\">mujeres en los consejos de administraci\u00f3n<\/a>, as\u00ed como de la que pretende impulsar la <a href=\"https:\/\/eur-lex.europa.eu\/legal-content\/ES\/TXT\/?uri=CELEX:32019L1158\" target=\"_blank\" rel=\"noopener nofollow\">conciliaci\u00f3n para progenitores y cuidadores.<\/a><\/p>\n<p class=\"ep-wysiwig_paragraph\">El pleno anima a la Comisi\u00f3n a reforzar los mecanismos para hacer frente al retroceso democr\u00e1tico y los ataques a los derechos de las mujeres y del colectivo LGBTIQ+. Adem\u00e1s, pide que la Comisi\u00f3n aplique la <a href=\"https:\/\/www.eeas.europa.eu\/eeas\/implementing-women-peace-and-security-agenda_en\" target=\"_blank\" rel=\"noopener nofollow\">agenda sobre la mujer, la paz y la seguridad<\/a> como un principio central de la pol\u00edtica exterior y de seguridad com\u00fan de la UE.<\/p>\n<p class=\"ep-wysiwig_paragraph\"><strong>Declaraci\u00f3n del ponente<\/strong><\/p>\n<p class=\"ep-wysiwig_paragraph\">Tras la votaci\u00f3n, el ponente <a href=\"https:\/\/www.europarl.europa.eu\/meps\/es\/260035\/MARKO_VESLIGAJ\/home\" target=\"_blank\" rel=\"noopener nofollow\">Marko Ve\u0161ligaj<\/a> (S&amp;D, Croacia) declar\u00f3: \u00abCon la aprobaci\u00f3n de este informe, el Parlamento Europeo se sit\u00faa al lado de todas las mujeres y ni\u00f1as de Europa y transmite un mensaje claro a la Comisi\u00f3n: la nueva estrategia de igualdad de g\u00e9nero debe basarse en medidas legislativas concretas. No m\u00e1s esconderse detr\u00e1s del argumento de las competencias nacionales; es hora de actuar y garantizar igualdad, seguridad y libertad para todas las personas en la UE\u00bb.<\/p>\n","protected":false},"excerpt":{"rendered":"En el informe, aprobado con 310 votos a favor, 222 en contra y 68 abstenciones, la Euroc\u00e1mara insta&hellip;\n","protected":false},"author":2,"featured_media":193618,"comment_status":"","ping_status":"","sticky":false,"template":"","format":"standard","meta":{"footnotes":""},"categories":[5],"tags":[17,18,60895,25,24,13,14,11,19,20,9,10,15,16,60896,36609,23,12,21,22],"class_list":{"0":"post-233731","1":"post","2":"type-post","3":"status-publish","4":"format-standard","5":"has-post-thumbnail","7":"category-titulares","8":"tag-breaking-news","9":"tag-breakingnews","10":"tag-comfemm","11":"tag-es","12":"tag-espana","13":"tag-featured-news","14":"tag-featurednews","15":"tag-headlines","16":"tag-latest-news","17":"tag-latestnews","18":"tag-news","19":"tag-noticias","20":"tag-noticias-destacadas","21":"tag-noticiasdestacadas","22":"tag-plenarydate12-11-2025","23":"tag-producttypepress_release","24":"tag-spain","25":"tag-titulares","26":"tag-ultimas-noticias","27":"tag-ultimasnoticias"},"share_on_mastodon":{"url":"https:\/\/pubeurope.com\/@es\/115542463840012231","error":""},"_links":{"self":[{"href":"https:\/\/www.europesays.com\/es\/wp-json\/wp\/v2\/posts\/233731","targetHints":{"allow":["GET"]}}],"collection":[{"href":"https:\/\/www.europesays.com\/es\/wp-json\/wp\/v2\/posts"}],"about":[{"href":"https:\/\/www.europesays.com\/es\/wp-json\/wp\/v2\/types\/post"}],"author":[{"embeddable":true,"href":"https:\/\/www.europesays.com\/es\/wp-json\/wp\/v2\/users\/2"}],"replies":[{"embeddable":true,"href":"https:\/\/www.europesays.com\/es\/wp-json\/wp\/v2\/comments?post=233731"}],"version-history":[{"count":0,"href":"https:\/\/www.europesays.com\/es\/wp-json\/wp\/v2\/posts\/233731\/revisions"}],"wp:featuredmedia":[{"embeddable":true,"href":"https:\/\/www.europesays.com\/es\/wp-json\/wp\/v2\/media\/193618"}],"wp:attachment":[{"href":"https:\/\/www.europesays.com\/es\/wp-json\/wp\/v2\/media?parent=233731"}],"wp:term":[{"taxonomy":"category","embeddable":true,"href":"https:\/\/www.europesays.com\/es\/wp-json\/wp\/v2\/categories?post=233731"},{"taxonomy":"post_tag","embeddable":true,"href":"https:\/\/www.europesays.com\/es\/wp-json\/wp\/v2\/tags?post=233731"}],"curies":[{"name":"wp","href":"https:\/\/api.w.org\/{rel}","templated":true}]}}