{"id":233741,"date":"2025-11-13T12:57:19","date_gmt":"2025-11-13T12:57:19","guid":{"rendered":"https:\/\/www.europesays.com\/es\/233741\/"},"modified":"2025-11-13T12:57:19","modified_gmt":"2025-11-13T12:57:19","slug":"entramos-en-el-duplex-de-paul-newman-y-joanne-woodward-en-manhattan-y-puede-ser-tuyo-por-14-millones-de-euros","status":"publish","type":"post","link":"https:\/\/www.europesays.com\/es\/233741\/","title":{"rendered":"Entramos en el d\u00faplex de Paul Newman y Joanne Woodward en Manhattan (y puede ser tuyo por 1,4 millones de euros)"},"content":{"rendered":"<p><strong>A la venta el d\u00faplex de Paul Newman y Joanne Woodward en Nueva York<\/strong><\/p>\n<p>Durante el verano, el \u00e1tico que la ic\u00f3nica pareja de Hollywood, <a href=\"https:\/\/www.revistaad.es\/decoracion\/galerias\/hollywood-at-home\/7800\" rel=\"nofollow noopener\" target=\"_blank\">Paul Newman y su esposa Joanne<\/a> Woodward, compart\u00edan en <a href=\"https:\/\/www.revistaad.es\/articulos\/daniel-arsham-antiguo-parque-de-bomberos-manhattan-hogar-ideal\" rel=\"nofollow noopener\" target=\"_blank\">Manhattan<\/a> se vendi\u00f3 por algo m\u00e1s de 12 millones de euros tras una guerra de ofertas. Ahora, <strong>una nueva vivienda, que los actores utilizaban como despacho privado y apartamento de invitados, situada en la planta baja del mismo edificio de Carnegie Hill, se vende por 1,4 millones de euros.<\/strong> Newman, fallecido en 2008, y Woodward, de 95 a\u00f1os, compraron ambas residencias en la d\u00e9cada de 1980.<\/p>\n<p>Es la primera vez que el d\u00faplex de dos dormitorios, ba\u00f1o y aseo, est\u00e1 disponible en m\u00e1s de cuatro d\u00e9cadas. <strong>Los admiradores de la pareja estar\u00e1n encantados de saber que el espacio todav\u00eda est\u00e1 decorado con los propios muebles del matrimonio, seg\u00fan informa el <a data-offer-url=\"https:\/\/nypost.com\/2025\/10\/30\/real-estate\/paul-newmans-nyc-maisonette-lists-for-the-first-time-in-decades\/\" class=\"external-link\" data-event-click=\"{&quot;element&quot;:&quot;ExternalLink&quot;,&quot;outgoingURL&quot;:&quot;https:\/\/nypost.com\/2025\/10\/30\/real-estate\/paul-newmans-nyc-maisonette-lists-for-the-first-time-in-decades\/&quot;}\" href=\"https:\/\/nypost.com\/2025\/10\/30\/real-estate\/paul-newmans-nyc-maisonette-lists-for-the-first-time-in-decades\/\" rel=\"nofollow noopener\" target=\"_blank\">New York Post<\/a><\/strong>. Elegantes camas con dosel adornan los dormitorios, mientras que las mesas y sillas de madera de estilo r\u00fastico complementan la cocina de baldosas verdes y en el sal\u00f3n-comedor de planta abierta.<\/p>\n<p><img decoding=\"async\" alt=\"Sal\u00f3n de la casa de Paul Newman y Joanne Woodward en Manhattan\" loading=\"lazy\" class=\"ResponsiveImageContainer-eNxvmU cfBbTk responsive-image__image\"   src=\"https:\/\/www.europesays.com\/es\/wp-content\/uploads\/2025\/11\/241114_1120_FIFTH_AVENUE_PHB_0004_MEDIUM%20RES.jpg\"\/><\/p>\n<p>Sala de estar y comedor del apartamento, con vistas a Central Park.<\/p>\n<p>\u00a9 Niko Strbac\/REPN for Corcoran<strong>Amarillo mantequilla y madera<\/strong><\/p>\n<p>La entrada de la vivienda se abre a un espacioso vest\u00edbulo habilitado como estudio, amueblado con un majestuoso escritorio de madera y un sill\u00f3n de cuero. <strong>El sal\u00f3n-comedor adyacente est\u00e1 revestido de paredes <a href=\"https:\/\/www.revistaad.es\/articulos\/apartamento-amarillo-mantequilla-minimalista-en-portugal\" rel=\"nofollow noopener\" target=\"_blank\">amarillo mantequilla<\/a> y z\u00f3calos de madera, con estanter\u00edas empotradas intercaladas entre ventanas que dan al parque.<\/strong> Uno de los dormitorios tiene una combinaci\u00f3n de colores rosa melocot\u00f3n, mientras que el m\u00e1s peque\u00f1o de los dos es de un blanco n\u00edtido, amueblado con una cama con postes rojos y un sill\u00f3n de mimbre.<\/p>\n<p><img decoding=\"async\" alt=\"Biblioteca con paredes vainilla y z\u00f3calo de maderanew\" loading=\"lazy\" class=\"ResponsiveImageContainer-eNxvmU cfBbTk responsive-image__image\"   src=\"https:\/\/www.europesays.com\/es\/wp-content\/uploads\/2025\/11\/015.JPG\"\/><\/p>\n<p>Un peque\u00f1o rinc\u00f3n que ejerce como biblioteca.<\/p>\n<p>\u00a9 Niko Strbac\/REPN for Corcoran<strong>En plena Quinta Avenida<\/strong><\/p>\n<p>Se trata de una vivienda m\u00e1s modesta que el <a href=\"https:\/\/www.revistaad.es\/decoracion\/galerias\/los-mejores-aticos-de-ad\/10009\" rel=\"nofollow noopener\" target=\"_blank\">\u00e1tico<\/a> de Woodward y Newman en el mismo edificio, que contaba con amplias terrazas y salas formales para el entretenimiento. <strong>El edificio, situado en la Quinta Avenida, fue dise\u00f1ado por J.E.R. Carpenter en 1925 y cuenta con portero 24 horas, gimnasio y vistas a Central Park.<\/strong> El a\u00f1o pasado, una casa de Beverly Hills que las estrellas alquilaron en los a\u00f1os 60 se ofertaba por 39.000 euros al mes.<\/p>\n","protected":false},"excerpt":{"rendered":"A la venta el d\u00faplex de Paul Newman y Joanne Woodward en Nueva York Durante el verano, el&hellip;\n","protected":false},"author":2,"featured_media":233742,"comment_status":"","ping_status":"","sticky":false,"template":"","format":"standard","meta":{"footnotes":""},"categories":[173],"tags":[229,233,231,230,232,33065,234,146,147,25,24,1285,23,13721],"class_list":{"0":"post-233741","1":"post","2":"type-post","3":"status-publish","4":"format-standard","5":"has-post-thumbnail","7":"category-arte-y-diseno","8":"tag-arte","9":"tag-arte-y-diseno","10":"tag-arts","11":"tag-arts-and-design","12":"tag-design","13":"tag-digital_syndication","14":"tag-diseno","15":"tag-entertainment","16":"tag-entretenimiento","17":"tag-es","18":"tag-espana","19":"tag-lugares","20":"tag-spain","21":"tag-textabovecentergridwidth"},"share_on_mastodon":{"url":"https:\/\/pubeurope.com\/@es\/115542507378566054","error":""},"_links":{"self":[{"href":"https:\/\/www.europesays.com\/es\/wp-json\/wp\/v2\/posts\/233741","targetHints":{"allow":["GET"]}}],"collection":[{"href":"https:\/\/www.europesays.com\/es\/wp-json\/wp\/v2\/posts"}],"about":[{"href":"https:\/\/www.europesays.com\/es\/wp-json\/wp\/v2\/types\/post"}],"author":[{"embeddable":true,"href":"https:\/\/www.europesays.com\/es\/wp-json\/wp\/v2\/users\/2"}],"replies":[{"embeddable":true,"href":"https:\/\/www.europesays.com\/es\/wp-json\/wp\/v2\/comments?post=233741"}],"version-history":[{"count":0,"href":"https:\/\/www.europesays.com\/es\/wp-json\/wp\/v2\/posts\/233741\/revisions"}],"wp:featuredmedia":[{"embeddable":true,"href":"https:\/\/www.europesays.com\/es\/wp-json\/wp\/v2\/media\/233742"}],"wp:attachment":[{"href":"https:\/\/www.europesays.com\/es\/wp-json\/wp\/v2\/media?parent=233741"}],"wp:term":[{"taxonomy":"category","embeddable":true,"href":"https:\/\/www.europesays.com\/es\/wp-json\/wp\/v2\/categories?post=233741"},{"taxonomy":"post_tag","embeddable":true,"href":"https:\/\/www.europesays.com\/es\/wp-json\/wp\/v2\/tags?post=233741"}],"curies":[{"name":"wp","href":"https:\/\/api.w.org\/{rel}","templated":true}]}}