{"id":233745,"date":"2025-11-13T13:00:11","date_gmt":"2025-11-13T13:00:11","guid":{"rendered":"https:\/\/www.europesays.com\/es\/233745\/"},"modified":"2025-11-13T13:00:11","modified_gmt":"2025-11-13T13:00:11","slug":"enfoco-mi-vida-en-tener-buenas-ideas","status":"publish","type":"post","link":"https:\/\/www.europesays.com\/es\/233745\/","title":{"rendered":"Enfoco mi vida en tener buenas ideas"},"content":{"rendered":"<p><strong>Dharmacide<\/strong> vuelve con Tougher Than the Rest, un disco que condensa el esp\u00edritu de resistencia y belleza melanc\u00f3lica que ha acompa\u00f1ado siempre al grupo madrile\u00f1o. Su l\u00edder, Ren\u00e9, compagina su papel como vocalista con el de bajista en <strong>Depresi\u00f3n Sonora<\/strong> y <a data-external=\"0\" data-intl-links-es=\"https:\/\/www.elplural.com\/playtime\/alcala-norte-no-tenemos-tematica-concreta-ni-reivindicar-nada_333067102\" href=\"https:\/\/www.elplural.com\/playtime\/alcala-norte-no-tenemos-tematica-concreta-ni-reivindicar-nada_333067102\" rel=\"follow nofollow noopener\" target=\"_self\" title=\"Alcal\u00e1 Norte: \" no=\"\" tenemos=\"\" una=\"\" tem=\"\" concreta=\"\" ni=\"\" queremos=\"\" reivindicar=\"\" nada=\"\">guitarrista en Alcal\u00e1 Norte<\/a>, pero tiene claro que Dharmacide es su casa, su apuesta personal.<\/p>\n<p>Desde su habitaci\u00f3n de San Blas hasta escenarios de Glasgow, Ren\u00e9 ha construido un universo sonoro donde el shoegaze, el dreampop y una sensibilidad casi cinematogr\u00e1fica se mezclan con letras que hablan de soledad, frustraci\u00f3n y b\u00fasqueda de sentido. En esta conversaci\u00f3n, el m\u00fasico reflexiona sobre la dificultad de vivir de la m\u00fasica, la est\u00e9tica como forma de lenguaje, la inspiraci\u00f3n en David Lynch y la necesidad de hacer arte aunque duela.<\/p>\n<p>Ren\u00e9 llega a la redacci\u00f3n de ElPlural y algo llama la atenci\u00f3n. No lleva sombrero.<\/p>\n<p><strong>P: \u00bfQu\u00e9 importancia le das a la est\u00e9tica?<\/strong><\/p>\n<p><strong>R: <\/strong>Junto con la m\u00fasica, la est\u00e9tica\u00a0es lo m\u00e1s importante a la hora de presentar un proyecto. A trav\u00e9s de c\u00f3mo te muestras al mundo dices muchas cosas sin necesidad de abrir la boca.\u00a0<\/p>\n<p><strong>P: El sombrero es tu toque personal y se me hace rato verte sin \u00e9l.<\/strong><\/p>\n<p><strong>R: <\/strong>Es un elemento que siempre me ha gustado y aqu\u00ed en Espa\u00f1a son dif\u00edciles de encontrar. Cuando hice la primera gira en M\u00e9xico con Depresi\u00f3n Sonora fue pillarme unos sombreros y marcar as\u00ed mi se\u00f1a de identidad.\u00a0<\/p>\n<p><strong>P: Tougher than the rest (M\u00e1s duro que el resto).\u00a0<\/strong><\/p>\n<p><strong>R:\u00a0<\/strong>Representa lo dif\u00edcil que ha sido sacarlo. Cuando eres una banda peque\u00f1a, es muy complicado\u00a0sacar un trabajo que suene como t\u00fa quieres. Hubo un momento en el que todo se puso en contra y parec\u00eda que no saldr\u00eda nunca. A la hora de elegir el nombre me serv\u00ed de la canci\u00f3n de Bruce Springsteen. Encaja perfectamente con el proyecto.\u00a0<\/p>\n<blockquote>\n<p>No quiero cambiar de idioma para llenar m\u00e1s, tan solo quiero hacer lo que me gusta<\/p>\n<\/blockquote>\n<p><strong>P: Me imagino que sea dif\u00edcil compaginar ser vocalista en Dharmacide, bajista en Depresi\u00f3n Sonora y guitarrista en Alcal\u00e1 Norte.<\/strong><\/p>\n<p><strong>R: <\/strong>Es muy dif\u00edcil vivir de la m\u00fasica y para poder hacerlo tienes que buscarte varios curros. Son proyectos que me gustan y los compagino, pero lo primero siempre ha sido Dharmacide. Aunque no vaya tan bien como Depresi\u00f3n Sonora o Alcal\u00e1 Norte, es por lo que he apostado y mi proyecto principal.<\/p>\n<p><strong>P: \u00bfEl tipo de m\u00fasica que haces complica las cosas?<\/strong><\/p>\n<p><strong>R: <\/strong>El t\u00edtulo del disco tambi\u00e9n va por ah\u00ed. Siempre supe la l\u00ednea que quer\u00eda seguir con Dharmacide, tanto en la est\u00e9tica como en el aspecto sonoro. Si cantara en espa\u00f1ol, igual tendr\u00eda m\u00e1s \u00e9xito. Mucha gente me lo dice. Sin embargo, no quiero cambiar de idioma para llenar m\u00e1s, tan solo quiero hacer lo que me gusta y defender mi visi\u00f3n. El tipo de m\u00fasica no es lo habitual, pero hay mucha gente que agradece nuestro sonido por ir a contracorriente.\u00a0<\/p>\n<p><strong>P: Me parece muy atractivo ese sonido similar al post punk ruso.<\/strong><\/p>\n<p><strong>R: <\/strong>Lo del post punk ruso es curioso por que sale de internet y se ha erigido como un g\u00e9nero. En sus inicios, Depresi\u00f3n Sonora se parec\u00eda m\u00e1s a ese tipo de m\u00fasica. A mi me inspir\u00f3 el <strong>shogaze<\/strong>. Que las voces parezcan un instrumento m\u00e1s y no sean el elemento protagonista. Tambi\u00e9n todo lo que se genera alrededor con sintetizadores, guitarras y todos los sentimientos creados a partir de lo sonoro.\u00a0<\/p>\n<p><strong>P: \u00bfEst\u00e1n\u00a0esos sentimientos asociados a la desilusi\u00f3n?<\/strong><\/p>\n<p><strong>R:<\/strong> He intentado reflejar c\u00f3mo me he ido sintiendo. Tanto en el primer disco como en el segundo, hay partes oscuras. Momentos en los que, a pesar de querer salir\u00a0hacia delante, no sabes c\u00f3mo hacerlo. Siempre, alej\u00e1ndome\u00a0de una cierta romantizaci\u00f3n de dichos sentimientos porque me parece algo bastante chungo.\u00a0<\/p>\n<p><strong>P: La letra\u00a0The Cigs, The Light, The Cofee and Crying tiene una impronta deprimente y por ejemplo en Doves, dices: \u00abVolando como una paloma en un mundo que no es m\u00edo\u00bb.<\/strong><\/p>\n<p><strong>R: <\/strong>El disco narra experiencias personales que la gente no tiene por qu\u00e9 comprender. Cigs repite el mantra de caer en un c\u00edrculo vicioso de fumar y llorar de forma recurrente. Un situaci\u00f3n triste en la que se remarca constantemente lo jodida que es. Por otra parte, Dove habla lo que cuesta todo, sobre todo en el aspecto monetario. Todo aquello que buscamos y necesitamos cuesta mucho dinero. Y no tenerlo es un frustraci\u00f3n tal, que llegas a envidiar la sensaci\u00f3n de libertad que puede experimentar una paloma.\u00a0<\/p>\n<p><strong>P: Tambi\u00e9n reflexionas alrededor de la soledad.<\/strong><\/p>\n<p><strong>R: <\/strong>Puede que desde fuera, el mundo en el que vivimos los m\u00fasicos gire alrededor de la\u00a0fiesta y estar tocando, pero es muy curro muy duro en el que tienes que convivir todo el rato con la misma gente. Y eso, a veces, me hace sentir solo. Todas esas dudas est\u00e1n representadas en el disco. En Time goes by hablo del paso del tiempo. Ahora menos, pero siempre me ha preocupado la presi\u00f3n que te meten en el mundo de la m\u00fasica respecto a este tema. Johny Mars se separ\u00f3 de los Smiths a los 23 a\u00f1os, con discos incre\u00edbles y yo tengo 28. \u00bfY qu\u00e9 he hecho?. En Reasons habl\u00f3 de esa sensaci\u00f3n que hemos tenido todos los m\u00fasicos de querer dejar esto. \u00bfPor qu\u00e9 hago m\u00fasica?\u00a0\u00bfHay alguien fuera escuch\u00e1ndome? La verdad es que hay un tono bastante depresivo en el disco, pero son las dudas que me han ido surgiendo. Adem\u00e1s, hablo con otros m\u00fasicos y todos sentimos cosas similares. Puedes llenar estadios o tocar en espacios reducidos, pero todos tenemos las mismas dudas.<\/p>\n<p><strong>P: \u00bfEl \u00e9xito de Alcal\u00e1 Norte es sin\u00f3nimo de esperanza?<\/strong><\/p>\n<p><strong>R: <\/strong>La gente puede pensar que es un fen\u00f3meno, pero hay much\u00edsimo trabajo detr\u00e1s. Son un grupo que curra mucho y tienen unas letras buen\u00edsimas. Y s\u00ed, es un canto a la esperanza porque no todo tiene que ser triste. Esa tristeza no es lo que quiero, pero de momento es en lo que me recreo y lo que me sale a la hora de escribir. Tambi\u00e9n me gusta que haya gente que vea las cosas con optimismo y ayude a otra a salir del hoyo.\u00a0<\/p>\n<p><strong>P: Se me antoja tambi\u00e9n un proyecto bastante visual. Cinematogr\u00e1fico llegar\u00eda a decir.<\/strong><\/p>\n<p><strong>R: <\/strong>El cine y la m\u00fasica van de la mano. Para las portadas me he inspirado en un corto llamao <strong>Scorpio Rising<\/strong>. Es una tem\u00e1tica extra\u00f1a porque trata sobre un club de nazis homosexuales adictos al cuero. Siempre cojo referencias en el cine porque concibo este proyecto desde lo visual. Para los directos tambi\u00e9n me gustar\u00eda hacer algo, pero los medios por ahora son los que son. Mi objetivo es invertir para que Dharmacide sea\u00a0m\u00e1s teatral.<\/p>\n<p><strong>P: \u00bfPara eso solo hace falta dinero?<\/strong><\/p>\n<p><strong>R: <\/strong>Y buenas ideas. De hecho, estoy enfocando mi vida a tener buenas ideas y actuar como una especie de creativo. Me gusta pensar\u00a0en\u00a0este disco como una\u00a0banda sonora de algo. Lo produje con Carlos El\u00edas de Alcal\u00e1 Norte y me dijo justo eso, que era un disco muy cinematogr\u00e1fico.\u00a0<\/p>\n<p><strong>P: \u00bfTe inspiras en alguien?<\/strong><\/p>\n<p><strong>R:<\/strong> Es un poco cl\u00e1sico, pero David Lynch me encanta. El simple hecho de poner un tel\u00f3n rojo detr\u00e1s de un escenario te aporta mucha clase. Me gusta Lynch porque en la \u00faltima temporada de Twin Peaks, al final de cada cap\u00edtulo, los personajes van a un bar donde un grupo toca en directo. Y ah\u00ed salen los t\u00edtulos de cr\u00e9dito. Me result\u00f3 muy inspirador.<\/p>\n<p><strong>P: El videoclip de Cigs me parece el claro ejemplo de buen trabajo con pocos recursos.<\/strong><\/p>\n<p><strong>R: <\/strong>Ese videoclip no hubiera sido posible sin Laura Escribano. Me qued\u00e9 con\u00a0la iglesia que aparece porque me recuerda a las que se ven en Estados Unidos. La vi hace a\u00f1os en Las Rozas y me pareci\u00f3 muy potente. Se qued\u00f3 en mi cabeza y siempre supe que quer\u00eda hacer algo con ella. De hecho, el aspecto visual del disco gira en torno a esa iglesia. Es nuestro pilar.\u00a0<\/p>\n<p><strong>P: \u00bfHay aqu\u00ed detr\u00e1s alg\u00fan tipo de motivo religioso?<\/strong><\/p>\n<p><strong>R: <\/strong>Realmente no. No toco nada que tenga que ver con la religi\u00f3n. Es tan solo algo visual.\u00a0<\/p>\n<p><strong>P: \u00bfGira en el horizonte?<\/strong><\/p>\n<p><strong>R: <\/strong>Todav\u00eda no lo hemos anunciado, pero vamos a hacer una gira por primera vez. Este tema me preocupa mucho por la posibilidad de no llenar las salas. Sin embargo, creo que ahora es el momento de hacerlo. Iremos a bastantes puntos de Espa\u00f1a, pero estamos cerrando alguna fecha fuera. Tengo ganas de tocar mucho en salas porque es lo que m\u00e1s me gusta por sentir el contacto del p\u00fablico. El otro d\u00eda nos vinieron a ver en Glasgow 40 personas y se nos acerc\u00f3 una chica para decirnos que ven\u00eda desde Polonia. Soy de San Bas, un barrio obrero de Madrid, y no estoy acostumbrado a que la gente preste tanta atenci\u00f3n a estas cosas. Luego otro tipo que llevaba cuatro a\u00f1os esperando a que fu\u00e9ramos a Glasgow. Y joder, estas son las cosas por las que hago m\u00fasica.\u00a0<\/p>\n<p>\u00a0<\/p>\n","protected":false},"excerpt":{"rendered":"Dharmacide vuelve con Tougher Than the Rest, un disco que condensa el esp\u00edritu de resistencia y belleza melanc\u00f3lica&hellip;\n","protected":false},"author":2,"featured_media":233746,"comment_status":"","ping_status":"","sticky":false,"template":"","format":"standard","meta":{"footnotes":""},"categories":[170],"tags":[146,147,25,24,184,185,23],"class_list":{"0":"post-233745","1":"post","2":"type-post","3":"status-publish","4":"format-standard","5":"has-post-thumbnail","7":"category-musica","8":"tag-entertainment","9":"tag-entretenimiento","10":"tag-es","11":"tag-espana","12":"tag-music","13":"tag-musica","14":"tag-spain"},"share_on_mastodon":{"url":"https:\/\/pubeurope.com\/@es\/115542519439800426","error":""},"_links":{"self":[{"href":"https:\/\/www.europesays.com\/es\/wp-json\/wp\/v2\/posts\/233745","targetHints":{"allow":["GET"]}}],"collection":[{"href":"https:\/\/www.europesays.com\/es\/wp-json\/wp\/v2\/posts"}],"about":[{"href":"https:\/\/www.europesays.com\/es\/wp-json\/wp\/v2\/types\/post"}],"author":[{"embeddable":true,"href":"https:\/\/www.europesays.com\/es\/wp-json\/wp\/v2\/users\/2"}],"replies":[{"embeddable":true,"href":"https:\/\/www.europesays.com\/es\/wp-json\/wp\/v2\/comments?post=233745"}],"version-history":[{"count":0,"href":"https:\/\/www.europesays.com\/es\/wp-json\/wp\/v2\/posts\/233745\/revisions"}],"wp:featuredmedia":[{"embeddable":true,"href":"https:\/\/www.europesays.com\/es\/wp-json\/wp\/v2\/media\/233746"}],"wp:attachment":[{"href":"https:\/\/www.europesays.com\/es\/wp-json\/wp\/v2\/media?parent=233745"}],"wp:term":[{"taxonomy":"category","embeddable":true,"href":"https:\/\/www.europesays.com\/es\/wp-json\/wp\/v2\/categories?post=233745"},{"taxonomy":"post_tag","embeddable":true,"href":"https:\/\/www.europesays.com\/es\/wp-json\/wp\/v2\/tags?post=233745"}],"curies":[{"name":"wp","href":"https:\/\/api.w.org\/{rel}","templated":true}]}}