{"id":233766,"date":"2025-11-13T13:15:47","date_gmt":"2025-11-13T13:15:47","guid":{"rendered":"https:\/\/www.europesays.com\/es\/233766\/"},"modified":"2025-11-13T13:15:47","modified_gmt":"2025-11-13T13:15:47","slug":"paula-patino-ficha-por-el-laboral-kutxa-euskadi-hasta-2027","status":"publish","type":"post","link":"https:\/\/www.europesays.com\/es\/233766\/","title":{"rendered":"Paula Pati\u00f1o ficha por el LABORAL Kutxa-Euskadi hasta 2027"},"content":{"rendered":"<p>                    La escaladora colombiana correr\u00e1 las dos pr\u00f3ximas temporadas en la formaci\u00f3n vasca tras siete a\u00f1os en Movistar Team.<\/p>\n<p class=\"c-news-list__author\">Ciclismoafondo.es. Foto: Rafa G\u00f3mez (Sprint Cycling Agency)<\/p>\n<p class=\"c-mainarticle__date\">\n<p>                    11 de noviembre de 2025 (11:41 CET)<\/p>\n<p>                                                                                                                                        <img fetchpriority=\"high\" decoding=\"async\" src=\"https:\/\/www.europesays.com\/es\/wp-content\/uploads\/2025\/11\/paula-patino-se-une-al-laboral-kutxa-euskadi.jpeg\" alt=\"Paula Pati\u00f1o se une al LABORAL Kutxa-Euskadi\" title=\"Paula Pati\u00f1o se une al LABORAL Kutxa-Euskadi\" class=\"c-mainarticle__img\" loading=\"eager\" width=\"790\" height=\"454\"\/><\/p>\n<p>                    Paula Pati\u00f1o se une al LABORAL Kutxa-Euskadi<\/p>\n<p><strong>Paula Pati\u00f1o<\/strong> (28 a\u00f1os, nacida en La Ceja, Antioquia, Colombia)<strong> correr\u00e1 las dos pr\u00f3ximas temporadas, <\/strong>2026 y 2027,<strong> en el LABORAL Kutxa-Euskadi<\/strong>. La ciclista colombiana aportar\u00e1 su amplia experiencia en la \u00e9lite\u00a0 y sus virtudes en la monta\u00f1a para afrontar un 2026 en el que la formaci\u00f3n vasca se ha ganado la invitaci\u00f3n autom\u00e1tica a todo el calendario del WorldTour.<\/p>\n<p>Pati\u00f1o es un refuerzo importante para el LABORAL Kutxa-Euskadi, ya que llega tras un ciclo de <strong>siete temporadas<\/strong> en el WorldTour con el <strong>Movistar Team.<\/strong>\u00a0Es una ciclista contrastada, que llega con el objetivo de\u00a0<strong>aumentar el nivel deportivo del equipo<\/strong> y ser un referente para las compa\u00f1eras m\u00e1s j\u00f3venes.\u00a0<\/p>\n<p>En la despedida del equipo telef\u00f3nico, recibi\u00f3 el siguiente <strong>halago de Annemiek van Vleuten<\/strong>, a quien ayud\u00f3 a ganar los Giros en 2022 y 2023 y el Tour en 2022: \u201cGracias Paula por el buen rato juntas en Movistar.\u00a0Has sido una compa\u00f1era de equipo s\u00faper leal, pero a\u00fan m\u00e1s una persona maravillosa. No olvidar\u00e9 el trabajo que hiciste para ayudar al equipo a ganar\u201d.<\/p>\n<p>Con el Movistar Team\u00a0<strong>la colombiana ha acumulado una importante experiencia en los grandes escenarios ciclistas.<\/strong>\u00a0Campeona nacional en 2024, acumula seis ediciones del Giro de Italia (fue octava en 2020) y dos del Tour de Francia (23\u00aa en 2022), adem\u00e1s de ocho Mundiales consecutivos. Ahora,<strong> est\u00e1 llamada a ser una de las l\u00edderes del LABORAL Kutxa-Euskadi<\/strong>, especialmente en jornadas monta\u00f1osas y vueltas por etapas. En su palmar\u00e9s, destacan top10 en carreras de primer nivel, como en el mencionado Giro, Itzulia, Vuelta a Burgos, Tour de Ard\u00e9che, Volta a Catalunya y Vuelta a Andaluc\u00eda.<\/p>\n<p>Se trata del<strong> segundo fichaje del LABORAL Kutxa-Euskadi para 2026,\u00a0<\/strong>tras el anunciado hace unos d\u00edas de <a data-external=\"1\" href=\"https:\/\/www.ciclismoafondo.es\/competicion\/noticias-resultados-ciclismo\/irati-aranguren-dara-salto-profesionales-con-laboral-kutxa-euskadi_318734_102.html\" rel=\"nofollow noopener\" target=\"_blank\" title=\"Irati Aranguren\">Irati Aranguren<\/a>. Adem\u00e1s, Naia Amondarain, Yuliia Biriukova, Idoia Eraso, Catalina Soto y Cristina Tonetti\u00a0han renovado sus contratos,\u00a0mientras que Alice Arzuffi, Arianna Fidanza, Yanina Kuskova, Usoa Ostolaza y Debora Silvestri tienen contrato en vigor y continuar\u00e1n en la formaci\u00f3n vasca.<\/p>\n<p><img decoding=\"async\" loading=\"lazy\" alt=\"Paula Pati\u00f1o\" data-id=\"14624973\" data-resize=\"null\" height=\"520\" src=\"https:\/\/www.europesays.com\/es\/wp-content\/uploads\/2025\/11\/paula-patino.jpeg\" title=\"Paula Pati\u00f1o\" width=\"800\"\/>&#13;<br \/>\nPaula Pati\u00f1o, trabajando al frente del pelot\u00f3n. Foto: Sprint Cycling Agency&#13;<\/p>\n<p>Declaraciones<\/p>\n<p><strong>Paula Pati\u00f1o<\/strong>:\u00a0\u00abFichar por el LABORAL Kutxa-Euskadi supone una gran motivaci\u00f3n y <strong>una\u00a0oportunidad para seguir creciendo y compitiendo al m\u00e1s alto nivel<\/strong>. Es un equipo con mucha ambici\u00f3n, que tiene mucha proyecci\u00f3n, y esto me motiva. La progresi\u00f3n de la estructura ha sido bastante significativa a\u00f1o a a\u00f1o, especialmente en 2025. <strong>Espero crecer m\u00e1s las dos pr\u00f3ximas temporadas.<\/strong> Despu\u00e9s de siete a\u00f1os con el equipo Movistar, creo que he adquirido la suficiente madurez y experiencia. Aun as\u00ed, pienso que todav\u00eda tengo \u00e1reas por mejorar, y creo que las puedo conseguir con la confianza y oportunidades que me pueda ofrecer el LABORAL Kutxa-Euskadi.\u00a0<\/p>\n<p><strong>Mis objetivos son ganar con el grupo, aportar al trabajo colectivo<\/strong>, y as\u00ed alcanzar grandes logros individuales y del equipo. Las carreras por etapas, en especial las grandes vueltas, son las competiciones que m\u00e1s me atraen. <strong>Me gustar\u00eda tener la oportunidad de estar nuevamente en el Tour de Francia<\/strong>, una carrera de la que tengo muy buenos recuerdos. Agradezco al LABORAL Kutxa-Euskadi haber confiado en m\u00ed y brindarme esta oportunidad de formar parte de este proyecto deportivo. Estoy segura de que ser\u00e1 muy beneficioso y que creceremos juntas\u00bb.<\/p>\n<p><strong>Ion Lazkano, director deportivo del LABORAL Kutxa-Euskadi<\/strong>:\u00a0\u00abPaula es una incorporaci\u00f3n muy importante para el equipo. Se trata de <strong>una corredora con una gran experiencia y bagaje en el WorldTour<\/strong>. Es una escaladora pura y nos dar\u00e1 mucha solidez, sobre todo, en etapas de alta monta\u00f1a y con desniveles importantes\u00bb.<\/p>\n<p>\u00a0<\/p>\n","protected":false},"excerpt":{"rendered":"La escaladora colombiana correr\u00e1 las dos pr\u00f3ximas temporadas en la formaci\u00f3n vasca tras siete a\u00f1os en Movistar Team.&hellip;\n","protected":false},"author":2,"featured_media":233767,"comment_status":"","ping_status":"","sticky":false,"template":"","format":"standard","meta":{"footnotes":""},"categories":[273],"tags":[313,312,168,25,24,23,167],"class_list":{"0":"post-233766","1":"post","2":"type-post","3":"status-publish","4":"format-standard","5":"has-post-thumbnail","7":"category-ciclismo","8":"tag-ciclismo","9":"tag-cycling","10":"tag-deportes","11":"tag-es","12":"tag-espana","13":"tag-spain","14":"tag-sports"},"share_on_mastodon":{"url":"https:\/\/pubeurope.com\/@es\/115542582694018756","error":""},"_links":{"self":[{"href":"https:\/\/www.europesays.com\/es\/wp-json\/wp\/v2\/posts\/233766","targetHints":{"allow":["GET"]}}],"collection":[{"href":"https:\/\/www.europesays.com\/es\/wp-json\/wp\/v2\/posts"}],"about":[{"href":"https:\/\/www.europesays.com\/es\/wp-json\/wp\/v2\/types\/post"}],"author":[{"embeddable":true,"href":"https:\/\/www.europesays.com\/es\/wp-json\/wp\/v2\/users\/2"}],"replies":[{"embeddable":true,"href":"https:\/\/www.europesays.com\/es\/wp-json\/wp\/v2\/comments?post=233766"}],"version-history":[{"count":0,"href":"https:\/\/www.europesays.com\/es\/wp-json\/wp\/v2\/posts\/233766\/revisions"}],"wp:featuredmedia":[{"embeddable":true,"href":"https:\/\/www.europesays.com\/es\/wp-json\/wp\/v2\/media\/233767"}],"wp:attachment":[{"href":"https:\/\/www.europesays.com\/es\/wp-json\/wp\/v2\/media?parent=233766"}],"wp:term":[{"taxonomy":"category","embeddable":true,"href":"https:\/\/www.europesays.com\/es\/wp-json\/wp\/v2\/categories?post=233766"},{"taxonomy":"post_tag","embeddable":true,"href":"https:\/\/www.europesays.com\/es\/wp-json\/wp\/v2\/tags?post=233766"}],"curies":[{"name":"wp","href":"https:\/\/api.w.org\/{rel}","templated":true}]}}