{"id":233778,"date":"2025-11-13T13:26:24","date_gmt":"2025-11-13T13:26:24","guid":{"rendered":"https:\/\/www.europesays.com\/es\/233778\/"},"modified":"2025-11-13T13:26:24","modified_gmt":"2025-11-13T13:26:24","slug":"de-manchester-a-boedo-la-llamativa-convocatoria-a-los-hinchas-de-san-lorenzo-que-tiene-que-ver-con-oasis-ole","status":"publish","type":"post","link":"https:\/\/www.europesays.com\/es\/233778\/","title":{"rendered":"De Manchester a Boedo: la llamativa convocatoria a los hinchas de San Lorenzo que tiene que ver con Oasis :: Ol\u00e9"},"content":{"rendered":"<p>12\/11\/2025 10:58hs. Actualizado al 12\/11\/2025 11:14hs.<\/p>\n<p>Este fin de semana se dar\u00e1 uno de los regresos m\u00e1s esperados dentro de la escena musical. <strong>Oasis<\/strong> arribar\u00e1 este 15 y 16 de noviembre con su gira reuni\u00f3n a la cancha de <a href=\"https:\/\/www.ole.com.ar\/tema\/river-plate.html\" title=\"River Plate\" alt=\"River Plate\" class=\"slug\" rel=\"nofollow noopener\" target=\"_blank\">River<\/a>, en donde miles de fan\u00e1ticos se reencontrar\u00e1n con la m\u00edtica banda inglesa comandada por los hermanos Gallagher. Ahora bien, en las \u00faltimas horas, en redes comenz\u00f3 a circular <strong>una convocatoria entre los hinchas de <a href=\"https:\/\/www.ole.com.ar\/tema\/san-lorenzo.html\" title=\"San Lorenzo\" alt=\"San Lorenzo\" class=\"slug\" rel=\"nofollow noopener\" target=\"_blank\">San Lorenzo<\/a> que tiene que ver con la llegada de la legendaria banda brit pop.<\/strong><\/p>\n<p>Es sabido, Oasis tiene una profunda relaci\u00f3n con el f\u00fatbol y Argentina. Por eso, desde el equipo que rodea a la agrupaci\u00f3n <strong>le propusieron a San Lorenzo hacer un evento en el <a href=\"https:\/\/www.ole.com.ar\/tema\/nuevo-gasometro.html\" title=\"Nuevo Gas\u00f3metro\" alt=\"Nuevo Gas\u00f3metro\" class=\"slug\" rel=\"nofollow noopener\" target=\"_blank\">Nuevo Gas\u00f3metro<\/a>. <\/strong>\u00bfDe qu\u00e9 se trata? Resulta que la banda est\u00e1 filmando un documental sobre la gira que est\u00e1n llevando a cabo por todo el mundo y <strong> los integrantes del grupo son conscientes de que la hinchada de San Lorenzo llev\u00f3 uno de sus m\u00e1s importantes temas a la tribuna.<\/strong><\/p>\n<p>Se trata de <strong> Wonderwall<\/strong>, <strong> canci\u00f3n que fue reversionada por los fanas del Cicl\u00f3n en el 2017 <\/strong>y, debido al fanatismo que tienen los Gallagher con el f\u00fatbol, a la productora que est\u00e1 llevando a cabo el documental <strong>le interesar\u00eda que los hinchas de San Lorenzo copen la cancha este s\u00e1bado a partir de las 16<\/strong>, en la previa al partido frente a Sarmiento <strong>. <\/strong>La idea ser\u00eda que <strong>los fanas entonen este tema cl\u00e1sico con la reversi\u00f3n del Cicl\u00f3n para que quede dentro del documental <\/strong>que, dicho sea de paso, es producido por Steven Knight, creador de la exitosa serie Peaky Blinders.<\/p>\n<p>De todos modos, es importante destacar que <strong><a href=\"https:\/\/www.ole.com.ar\/tema\/liam-gallagher.html\" title=\"Liam Gallagher\" alt=\"Liam Gallagher\" class=\"slug\" rel=\"nofollow noopener\" target=\"_blank\">Liam<\/a> y <a href=\"https:\/\/www.ole.com.ar\/tema\/noel-gallagher.html\" title=\"Noel Gallagher\" alt=\"Noel Gallagher\" class=\"slug\" rel=\"nofollow noopener\" target=\"_blank\"> Noel Gallagher<\/a> no estar\u00e1n presentes en la cancha de San Lorenzo<\/strong> debido a que, cinco horas despu\u00e9s de la convocatoria, se estar\u00e1n presentando en el estadio de River en el primero de sus dos shows en el pa\u00eds. Pero la iniciativa est\u00e1, y <strong>los hinchas de San Lorenzo podr\u00edan formar parte del film que viene registrando la exitosa gira de Oasis por todo el mundo.<\/strong><\/p>\n<p><img alt=\"La convocatoria ser\u00eda para que los hinchas vuelvan a reversionar Wonderwall.\" loading=\"lazy\" width=\"720\" height=\"100\" decoding=\"async\" data-nimg=\"1\" style=\"color:transparent\" src=\"https:\/\/www.europesays.com\/es\/wp-content\/uploads\/2025\/11\/R1Y0nWGe7_720x0__1.jpg\"\/>La convocatoria ser\u00eda para que los hinchas vuelvan a reversionar Wonderwall.<\/p>\n<p><strong>La convocatoria para los hinchas de San Lorenzo<\/strong><\/p>\n<p><img alt=\"Oasis filmar\u00eda parte de su documental en el Nuevo Gas\u00f3metro (Recibimientos CASLA).\" loading=\"lazy\" width=\"720\" height=\"100\" decoding=\"async\" data-nimg=\"1\" style=\"color:transparent\" src=\"https:\/\/www.europesays.com\/es\/wp-content\/uploads\/2025\/11\/RxoUotLAv_720x0__1.jpg\"\/>Oasis filmar\u00eda parte de su documental en el Nuevo Gas\u00f3metro (Recibimientos CASLA).<\/p>\n<p><strong>La canci\u00f3n de la hinchada reversionando Wonderwall<\/strong><\/p>\n<p>San Lorenzo &#8211; \u00a0<\/p>\n<p>La hinchada de San Lorenzo llev\u00f3 Wonderwall, de Oasis, a la tribuna<\/p>\n<p>Video: Escuela de Tabl\u00f3n<\/p>\n<p><a href=\"https:\/\/www.ole.com.ar\/river-plate\/river-plate-futuro-miguel-borja-agente-representante-contrato_0_6xfdnP45RR.html\" aria-label=\"En medio de la crisis de River, la contundente frase del agente de Borja sobre su futuro\" class=\"sc-198398ff-0 dGmAry\" rel=\"nofollow noopener\" target=\"_blank\"><img alt=\"En medio de la crisis de River, la contundente frase del agente de Borja sobre su futuro\" loading=\"lazy\" width=\"290\" height=\"290\" decoding=\"async\" data-nimg=\"1\" style=\"color:transparent\" src=\"https:\/\/www.europesays.com\/es\/wp-content\/uploads\/2025\/11\/yulE500Bc_290x290__1.jpg\"\/><\/p>\n<p>Mir\u00e1 tambi\u00e9nEn medio de la crisis de River, la contundente frase del agente de Borja sobre su futuro<\/p>\n<p><a href=\"https:\/\/www.ole.com.ar\/boca-juniors\/trabajador-encontro-camiseta-russo-uruguay_0_SrtkBXXxFL.html\" aria-label=\"El trabajador que encontr\u00f3 la camiseta homenaje de Russo: &quot;Fue una locura todo&quot; y &quot;si Cavani la quiere....&quot;\" class=\"sc-198398ff-0 dGmAry\" rel=\"nofollow noopener\" target=\"_blank\"><img alt=\"El trabajador que encontr\u00f3 la camiseta homenaje de Russo: &quot;Fue una locura todo&quot; y &quot;si Cavani la quiere....&quot;\" loading=\"lazy\" width=\"290\" height=\"290\" decoding=\"async\" data-nimg=\"1\" style=\"color:transparent\" src=\"https:\/\/www.europesays.com\/es\/wp-content\/uploads\/2025\/11\/wpKR2ceZV_290x290__1.jpg\"\/><\/p>\n<p>Mir\u00e1 tambi\u00e9nEl trabajador que encontr\u00f3 la camiseta homenaje de Russo: \u00abFue una locura todo\u00bb y \u00absi Cavani la quiere&#8230;.\u00bb<\/p>\n<p><a href=\"https:\/\/www.ole.com.ar\/boca-juniors\/ultimo-mensaje-russo-ubeda-continuidad-dt-boca-2026_0_QoeCrSS4LH.html\" aria-label=\"La f\u00f3rmula del Sifonazo: el \u00faltimo mensaje de Russo a \u00dabeda que lo fortaleci\u00f3 y lo pone como candidato al 2026\" class=\"sc-198398ff-0 dGmAry\" rel=\"nofollow noopener\" target=\"_blank\"><img alt=\"La f\u00f3rmula del Sifonazo: el \u00faltimo mensaje de Russo a \u00dabeda que lo fortaleci\u00f3 y lo pone como candidato al 2026\" loading=\"lazy\" width=\"290\" height=\"290\" decoding=\"async\" data-nimg=\"1\" style=\"color:transparent\" src=\"https:\/\/www.europesays.com\/es\/wp-content\/uploads\/2025\/11\/g1r2grtOQ_290x290__1.jpg\"\/><\/p>\n<p>Mir\u00e1 tambi\u00e9nLa f\u00f3rmula del Sifonazo: el \u00faltimo mensaje de Russo a \u00dabeda que lo fortaleci\u00f3 y lo pone como candidato al 2026<\/p>\n<p><a href=\"https:\/\/www.ole.com.ar\/estudiantes\/veron-juan-sebastian-critica-futbol-argentino_0_kbMLHspiLu.html\" aria-label=\"Ver\u00f3n: de su cr\u00edtica a la econom\u00eda del f\u00fatbol argentino al acuerdo trunco con Foster Gillet\" class=\"sc-198398ff-0 dGmAry\" rel=\"nofollow noopener\" target=\"_blank\"><img alt=\"Ver\u00f3n: de su cr\u00edtica a la econom\u00eda del f\u00fatbol argentino al acuerdo trunco con Foster Gillet\" loading=\"lazy\" width=\"290\" height=\"290\" decoding=\"async\" data-nimg=\"1\" style=\"color:transparent\" src=\"https:\/\/www.europesays.com\/es\/wp-content\/uploads\/2025\/11\/fugkwOUdD_290x290__1.jpg\"\/><\/p>\n<p>Mir\u00e1 tambi\u00e9nVer\u00f3n: de su cr\u00edtica a la econom\u00eda del f\u00fatbol argentino al acuerdo trunco con Foster Gillet<\/p>\n<p><a href=\"https:\/\/www.ole.com.ar\/futbol-internacional\/estadio-angola-jugara-partido-seleccion-argentina-amistoso-invirtieron_0_bUmi85Xrs0.html\" aria-label=\"El estadio de Angola en que jugar\u00e1 Argentina: invirtieron 37.300.000 d\u00f3lares antes del partido\" class=\"sc-198398ff-0 dGmAry\" rel=\"nofollow noopener\" target=\"_blank\"><img alt=\"El estadio de Angola en que jugar\u00e1 Argentina: invirtieron 37.300.000 d\u00f3lares antes del partido\" loading=\"lazy\" width=\"290\" height=\"290\" decoding=\"async\" data-nimg=\"1\" style=\"color:transparent\" src=\"https:\/\/www.europesays.com\/es\/wp-content\/uploads\/2025\/11\/vAINlCgxf_290x290__1.jpg\"\/><\/p>\n<p>Mir\u00e1 tambi\u00e9nEl estadio de Angola en que jugar\u00e1 Argentina: invirtieron 37.300.000 d\u00f3lares antes del partido<\/p>\n","protected":false},"excerpt":{"rendered":"12\/11\/2025 10:58hs. Actualizado al 12\/11\/2025 11:14hs. Este fin de semana se dar\u00e1 uno de los regresos m\u00e1s esperados&hellip;\n","protected":false},"author":2,"featured_media":233779,"comment_status":"","ping_status":"","sticky":false,"template":"","format":"standard","meta":{"footnotes":""},"categories":[170],"tags":[146,147,25,24,332,17102,184,185,15284,13543,23],"class_list":{"0":"post-233778","1":"post","2":"type-post","3":"status-publish","4":"format-standard","5":"has-post-thumbnail","7":"category-musica","8":"tag-entertainment","9":"tag-entretenimiento","10":"tag-es","11":"tag-espana","12":"tag-inglaterra","13":"tag-liam-gallagher","14":"tag-music","15":"tag-musica","16":"tag-noel-gallagher","17":"tag-san-lorenzo","18":"tag-spain"},"share_on_mastodon":{"url":"https:\/\/pubeurope.com\/@es\/115542621761588484","error":""},"_links":{"self":[{"href":"https:\/\/www.europesays.com\/es\/wp-json\/wp\/v2\/posts\/233778","targetHints":{"allow":["GET"]}}],"collection":[{"href":"https:\/\/www.europesays.com\/es\/wp-json\/wp\/v2\/posts"}],"about":[{"href":"https:\/\/www.europesays.com\/es\/wp-json\/wp\/v2\/types\/post"}],"author":[{"embeddable":true,"href":"https:\/\/www.europesays.com\/es\/wp-json\/wp\/v2\/users\/2"}],"replies":[{"embeddable":true,"href":"https:\/\/www.europesays.com\/es\/wp-json\/wp\/v2\/comments?post=233778"}],"version-history":[{"count":0,"href":"https:\/\/www.europesays.com\/es\/wp-json\/wp\/v2\/posts\/233778\/revisions"}],"wp:featuredmedia":[{"embeddable":true,"href":"https:\/\/www.europesays.com\/es\/wp-json\/wp\/v2\/media\/233779"}],"wp:attachment":[{"href":"https:\/\/www.europesays.com\/es\/wp-json\/wp\/v2\/media?parent=233778"}],"wp:term":[{"taxonomy":"category","embeddable":true,"href":"https:\/\/www.europesays.com\/es\/wp-json\/wp\/v2\/categories?post=233778"},{"taxonomy":"post_tag","embeddable":true,"href":"https:\/\/www.europesays.com\/es\/wp-json\/wp\/v2\/tags?post=233778"}],"curies":[{"name":"wp","href":"https:\/\/api.w.org\/{rel}","templated":true}]}}