{"id":233799,"date":"2025-11-13T13:43:09","date_gmt":"2025-11-13T13:43:09","guid":{"rendered":"https:\/\/www.europesays.com\/es\/233799\/"},"modified":"2025-11-13T13:43:09","modified_gmt":"2025-11-13T13:43:09","slug":"vuelve-a-romperse-el-tendon-de-aquiles-en-su-regreso-despues-de-533-dias-fuera","status":"publish","type":"post","link":"https:\/\/www.europesays.com\/es\/233799\/","title":{"rendered":"vuelve a romperse el tend\u00f3n de Aquiles en su regreso despu\u00e9s de 533 d\u00edas fuera"},"content":{"rendered":"<p class=\"c-paragraph\">Nuevo drama para Keenan Evans, base estadounidense del Olympiacos. Tras 533 d\u00edas alejado de las pistas <b>ha vuelto a sufrir una grave lesi\u00f3n al romperse el tend\u00f3n de Aquiles izquierdo <\/b>durante su debut con el conjunto griego esta temporada en la Euroliga.<\/p>\n<p class=\"c-paragraph\">Evans ya sufri\u00f3 esta misma lesi\u00f3n en 2023, que le tuvo apartado todo el a\u00f1o hasta 2024, cuando <b>se rompi\u00f3 el tend\u00f3n rotuliano.<\/b> El estadounidense consigui\u00f3 reaparecer con el Olympiacos hace tan s\u00f3lo un par de d\u00edas, en el encuentro liguero ante el Karditsa, despu\u00e9s de 533 d\u00edas alejado de las canchas.<\/p>\n<p class=\"c-paragraph\">Este mi\u00e9rcoles ante el Zalgiris, uno de sus exequipos, <b>Evans tuvo que abandonar la pista a los dos minutos de entrar,<\/b> ayudado por varios asistentes del equipo sin poder apoyar el pie.\u00a0<\/p>\n<p class=\"c-paragraph\">Tras el partido, el propio equipo heleno confirm\u00f3 en sus redes sociales que el jugador sufre<b> una nueva rotura del tend\u00f3n de Aquiles izquierdo.<\/b><\/p>\n<p class=\"c-paragraph\">\u00ab\u00a1Estamos contigo, Keenan! <b>\u00a1Mantente fuerte y vuelve a\u00fan m\u00e1s fuerte!<\/b>\u00ab, rez\u00f3 el mensaje. El Olympiacos venci\u00f3 al Zalgiris 95-78 en la d\u00e9cima jornada de la Euroliga.<\/p>\n","protected":false},"excerpt":{"rendered":"Nuevo drama para Keenan Evans, base estadounidense del Olympiacos. Tras 533 d\u00edas alejado de las pistas ha vuelto&hellip;\n","protected":false},"author":2,"featured_media":233800,"comment_status":"","ping_status":"","sticky":false,"template":"","format":"standard","meta":{"footnotes":""},"categories":[269],"tags":[299,298,168,1931,25,24,12741,60910,39075,23,167,739],"class_list":{"0":"post-233799","1":"post","2":"type-post","3":"status-publish","4":"format-standard","5":"has-post-thumbnail","7":"category-baloncesto","8":"tag-baloncesto","9":"tag-basketball","10":"tag-deportes","11":"tag-drama","12":"tag-es","13":"tag-espana","14":"tag-evans","15":"tag-keenan","16":"tag-olympiacos","17":"tag-spain","18":"tag-sports","19":"tag-vuelve"},"share_on_mastodon":{"url":"https:\/\/pubeurope.com\/@es\/115542688404250270","error":""},"_links":{"self":[{"href":"https:\/\/www.europesays.com\/es\/wp-json\/wp\/v2\/posts\/233799","targetHints":{"allow":["GET"]}}],"collection":[{"href":"https:\/\/www.europesays.com\/es\/wp-json\/wp\/v2\/posts"}],"about":[{"href":"https:\/\/www.europesays.com\/es\/wp-json\/wp\/v2\/types\/post"}],"author":[{"embeddable":true,"href":"https:\/\/www.europesays.com\/es\/wp-json\/wp\/v2\/users\/2"}],"replies":[{"embeddable":true,"href":"https:\/\/www.europesays.com\/es\/wp-json\/wp\/v2\/comments?post=233799"}],"version-history":[{"count":0,"href":"https:\/\/www.europesays.com\/es\/wp-json\/wp\/v2\/posts\/233799\/revisions"}],"wp:featuredmedia":[{"embeddable":true,"href":"https:\/\/www.europesays.com\/es\/wp-json\/wp\/v2\/media\/233800"}],"wp:attachment":[{"href":"https:\/\/www.europesays.com\/es\/wp-json\/wp\/v2\/media?parent=233799"}],"wp:term":[{"taxonomy":"category","embeddable":true,"href":"https:\/\/www.europesays.com\/es\/wp-json\/wp\/v2\/categories?post=233799"},{"taxonomy":"post_tag","embeddable":true,"href":"https:\/\/www.europesays.com\/es\/wp-json\/wp\/v2\/tags?post=233799"}],"curies":[{"name":"wp","href":"https:\/\/api.w.org\/{rel}","templated":true}]}}