{"id":233803,"date":"2025-11-13T13:45:15","date_gmt":"2025-11-13T13:45:15","guid":{"rendered":"https:\/\/www.europesays.com\/es\/233803\/"},"modified":"2025-11-13T13:45:15","modified_gmt":"2025-11-13T13:45:15","slug":"el-comentado-zasca-de-david-bustamante-a-broncano-en-la-revuelta","status":"publish","type":"post","link":"https:\/\/www.europesays.com\/es\/233803\/","title":{"rendered":"El comentado &#8216;zasca&#8217; de David Bustamante a Broncano en &#8216;La Revuelta&#8217;"},"content":{"rendered":"<p>\n        El invitado de &#8216;<a href=\"https:\/\/www.noticiasdenavarra.com\/tags\/la-revuelta\/\" title=\"La Revuelta\" target=\"_blank\" class=\"link copy\" rel=\"nofollow noopener\"><strong>La Revuelta<\/strong><\/a>&#8216; de este mi\u00e9rcoles, 12 de noviembre, fue<strong> David Bustamante. \u00ab<\/strong>Tiene solo\u00a043 a\u00f1os, aunque ha vivido mil vidas\u00a0y parece que forma parte del imaginario p\u00fablico desde siempre.\u00a0David Bustamante\u00a0est\u00e1 a punto de <strong>poner el broche de oro<\/strong> en Las Ventas a la que ha definido como<strong> &#8216;la gira de mi vida&#8217;<\/strong> porque le ha &#8216;marcado para siempre'\u00bb, relataban desde el propio programa.\n<\/p>\n<p>  <strong>David Bustamante:<\/strong>\u00a0<strong>alba\u00f1il, tuno, futbolista, cantante y empresario<\/strong><\/p>\n<p class=\"article-body__text \">\n        \u00abPero antes de entrar en las vidas de toda Espa\u00f1a como participante de la primera edici\u00f3n de Operaci\u00f3n Triunfo, con apenas 19 a\u00f1os, el c\u00e1ntabro ya hab\u00eda sido\u00a0<strong>alba\u00f1il, tuno y futbolista<\/strong>\u00ab, comentaban desde <a href=\"https:\/\/www.rtve.es\/\" title=\"RTVE\" rel=\"nofollow noopener\" target=\"_blank\" class=\"link copy\"><strong>RTVE<\/strong><\/a>.\n<\/p>\n<p class=\"article-body__text \">\n        Pero no era la primera vez que Bustamante acud\u00eda al programa de <a href=\"https:\/\/www.noticiasdenavarra.com\/tags\/david-broncano\/\" title=\"David Broncano\" target=\"_blank\" class=\"link copy\" rel=\"nofollow noopener\"><strong>David Broncano<\/strong><\/a>. Hace justo un a\u00f1o, el artista acud\u00eda a promocionar el que entonces era su nuevo disco, &#8216;<strong>In\u00e9dito<\/strong>&#8216;, el und\u00e9cimo en 23 a\u00f1os de trayectoria.\n<\/p>\n<blockquote class=\"twitter-tweet\" data-lang=\"es\">\n<p lang=\"es\" dir=\"ltr\">Una vez m\u00e1s, Bustamante lo vuelve a hacer.<\/p>\n<p>Un absoluto ejercicio de prestidigitaci\u00f3n, un trilero del marketing <a href=\"https:\/\/twitter.com\/hashtag\/LaRevuelta?src=hash&amp;ref_src=twsrc%5Etfw\" rel=\"nofollow noopener\" target=\"_blank\">#LaRevuelta<\/a> <a href=\"https:\/\/twitter.com\/David_Busta?ref_src=twsrc%5Etfw\" rel=\"nofollow noopener\" target=\"_blank\">@David_Busta<\/a> <a href=\"https:\/\/t.co\/qTNOdWTVTs\" rel=\"nofollow\">pic.twitter.com\/qTNOdWTVTs<\/a><\/p>\n<p>\u2014 La Revuelta (@LaRevuelta_TVE) <a href=\"https:\/\/twitter.com\/LaRevuelta_TVE\/status\/1988719450372096135?ref_src=twsrc%5Etfw\" rel=\"nofollow noopener\" target=\"_blank\">12 de noviembre de 2025<\/a><\/p><\/blockquote>\n<p>  El comentado &#8216;zasca&#8217; de David Bustamante a Broncano en &#8216;La Revuelta&#8217; quieres doy la direcci\u00f3n donde vives t\u00fa\u00bb<\/p>\n<p class=\"article-body__text \">\n        Durante su visita al programa, el cantante hizo un repaso \u00aba sus a sus vidas anteriores y explica <strong>cu\u00e1l es su nueva rutina por las ma\u00f1anas<\/strong>\u00ab, tal y como as\u00ed comentaban desde la televisi\u00f3n p\u00fablica.\n<\/p>\n<p class=\"article-body__text \">\n        En un momento de la conversaci\u00f3n, Broncano y Bustamante hablaban sobre <strong>c\u00f3mo es usar el <\/strong><a href=\"https:\/\/www.noticiasdenavarra.com\/tags\/transporte-publico\/\" title=\"transporte p\u00fablico\" target=\"_blank\" class=\"link copy\" rel=\"nofollow noopener\"><strong>transporte p\u00fablico<\/strong><\/a><strong> cuando uno es famoso<\/strong>. \u00ab<strong>Hace mucho que no cojo el metro<\/strong>. Vivo en Madrid y vivo en las afueras, pero cuando voy al extranjero me encanta. <strong>En mi zona uso el autob\u00fas urbano<\/strong>, me gusta\u00bb, comentaba el cantante.\n<\/p>\n<p class=\"article-body__text \">\n        Instantes despu\u00e9s, el presentador de &#8216;La Revuelta&#8217; se apresur\u00f3 a preguntar cu\u00e1l es la l\u00ednea de autob\u00fas en la que suele viajar: \u00ab<strong>Vivir\u00e1s en la zona oeste de Madrid, en la zona de los dineros<\/strong>\u2026\u00bb. \u00abEso no lo voy a decir&#8230;\u00bb, respond\u00eda Bustamante. \u00abPuedo intuir cu\u00e1l es\u00bb, comentaba el presentador. \u00ab<strong>Si quieres digo la direcci\u00f3n en la que vives t\u00fa<\/strong>\u00ab, zanjaba el cantante.\n<\/p>\n<p class=\"article-body__text \">\n        Un comentado &#8216;zasca&#8217; que no tuvo efecto en Broncano, que respond\u00eda as\u00ed: \u00abSeguramente se habr\u00e1 publicado ya\u00bb. \u00abDesde que te ven entrar es como te miran y te preguntan: \u2018\u00bfNo eres, verdad?\u2019. Y digo: \u2018S\u00ed soy\u2019. \u2018No si lo fueras no dir\u00edas que lo eres\u2019. Y entonces en todo el viaje tengo que dar explicaciones y al final: \u2018Qu\u00e9 mentiroso que va de un famoso que no es\u2019\u201d, ha sentenciado entre risas.\n<\/p>\n<p>            <script async src=\"https:\/\/platform.twitter.com\/widgets.js\" charset=\"utf-8\"><\/script><\/p>\n","protected":false},"excerpt":{"rendered":"El invitado de &#8216;La Revuelta&#8216; de este mi\u00e9rcoles, 12 de noviembre, fue David Bustamante. \u00abTiene solo\u00a043 a\u00f1os, aunque&hellip;\n","protected":false},"author":2,"featured_media":233804,"comment_status":"","ping_status":"","sticky":false,"template":"","format":"standard","meta":{"footnotes":""},"categories":[174],"tags":[13289,4898,255,14837,2429,60912,146,147,25,24,256,23,28664],"class_list":{"0":"post-233803","1":"post","2":"type-post","3":"status-publish","4":"format-standard","5":"has-post-thumbnail","7":"category-famosos","8":"tag-broncano","9":"tag-bustamante","10":"tag-celebrities","11":"tag-comentado","12":"tag-david","13":"tag-en-la-revuelta","14":"tag-entertainment","15":"tag-entretenimiento","16":"tag-es","17":"tag-espana","18":"tag-famosos","19":"tag-spain","20":"tag-zasca"},"share_on_mastodon":{"url":"https:\/\/pubeurope.com\/@es\/115542696325238461","error":""},"_links":{"self":[{"href":"https:\/\/www.europesays.com\/es\/wp-json\/wp\/v2\/posts\/233803","targetHints":{"allow":["GET"]}}],"collection":[{"href":"https:\/\/www.europesays.com\/es\/wp-json\/wp\/v2\/posts"}],"about":[{"href":"https:\/\/www.europesays.com\/es\/wp-json\/wp\/v2\/types\/post"}],"author":[{"embeddable":true,"href":"https:\/\/www.europesays.com\/es\/wp-json\/wp\/v2\/users\/2"}],"replies":[{"embeddable":true,"href":"https:\/\/www.europesays.com\/es\/wp-json\/wp\/v2\/comments?post=233803"}],"version-history":[{"count":0,"href":"https:\/\/www.europesays.com\/es\/wp-json\/wp\/v2\/posts\/233803\/revisions"}],"wp:featuredmedia":[{"embeddable":true,"href":"https:\/\/www.europesays.com\/es\/wp-json\/wp\/v2\/media\/233804"}],"wp:attachment":[{"href":"https:\/\/www.europesays.com\/es\/wp-json\/wp\/v2\/media?parent=233803"}],"wp:term":[{"taxonomy":"category","embeddable":true,"href":"https:\/\/www.europesays.com\/es\/wp-json\/wp\/v2\/categories?post=233803"},{"taxonomy":"post_tag","embeddable":true,"href":"https:\/\/www.europesays.com\/es\/wp-json\/wp\/v2\/tags?post=233803"}],"curies":[{"name":"wp","href":"https:\/\/api.w.org\/{rel}","templated":true}]}}