{"id":233807,"date":"2025-11-13T13:48:19","date_gmt":"2025-11-13T13:48:19","guid":{"rendered":"https:\/\/www.europesays.com\/es\/233807\/"},"modified":"2025-11-13T13:48:19","modified_gmt":"2025-11-13T13:48:19","slug":"suena-el-despertador-y-haces-abrazo-de-oso","status":"publish","type":"post","link":"https:\/\/www.europesays.com\/es\/233807\/","title":{"rendered":"Suena el despertador y haces abrazo de oso"},"content":{"rendered":"<p id=\"exnmZT7WeM\" data-wc=\"65\">Como dijo Pablo Neruda: \u201cNo hagas con el amor lo que hace un ni\u00f1o con su globo; que al tenerlo lo ignora y, al perderlo, llora\u201d. Pues <strong>el amor<\/strong>, precisamente esa emoci\u00f3n que a veces nadie entiende y que muchas veces se gana y otras se pierde, ha sido el tema central de la conversaci\u00f3n entre el cantante <a class=\"hm-link ho-link\" href=\"https:\/\/www.hola.com\/actualidad\/20251104865535\/la-esfera-mas-intima-de-pablo-alboran\/\" data-mrf-recirculation=\"article-body-link\" rel=\"nofollow noopener\" target=\"_blank\">Pablo Albor\u00e1n<\/a> y el presentador Pablo Motos.<\/p>\n<p> <img src=\"https:\/\/www.europesays.com\/es\/wp-content\/uploads\/2025\/11\/3d7aab5fb4d7-2.jpg\"   width=\"1024\" height=\"682\" loading=\"lazy\" decoding=\"async\" alt=\"Pablo Motos regala al cantante un reloj por su visita n\u00famero 20   \" fetchpriority=\"auto\" class=\"image ho-image\"\/>\u00a9 elhormigueroPablo Motos regala Pablo Albor\u00e1n un reloj por su visita n\u00famero 20   <\/p>\n<p id=\"edwx31v5w4t\" data-wc=\"122\">Los Pablos se han sentado en El Hormiguero para presentar el nuevo disco del cantante.\u00a0KM0, un disco que para el artista significa much\u00edsimo porque vuelve a los inicios y donde se realza la importancia de lo artesanal, cuidando elementos como el vinilo, porque para el invitado este disco es especialmente cl\u00e1sico. Pablo Albor\u00e1n, de 36 a\u00f1os, no ha ido una, ni dos, ni tres veces, sino veinte veces al programa. De hecho, al ser <strong>s<\/strong><strong>u visita n\u00famero 20, se convierte en invitado infinity<\/strong>, y Pablo Motos le ha dado incluso un obsequio: un reloj personalizado. Sin embargo, no ha sido el \u00fanico regalo que hemos visto deslizarse por la mesa; el artista le ha regalado una chaqueta al presentador del espacio.<\/p>\n<p id=\"eSTk0NOI-Mk\" data-wc=\"180\">El plato fuerte del programa lleg\u00f3 cuando ambos se sinceraron y tuvieron una charla bastante profunda acerca del amor. El presentador reconoc\u00eda: \u201cUna pareja solo dura si aceptas los cambios con mucha amabilidad\u201d. Afirmaba que las personas son vol\u00e1tiles, tanto en lo interior como en lo superficial, y se\u00f1alaba que la clave se encuentra en aceptar esos cambios con delicadeza. Por otro lado, Albor\u00e1n, que siempre ha sido muy reacio a hablar de su vida privada \u2014recordemos que hizo p\u00fablica su orientaci\u00f3n sexual en 2020 a trav\u00e9s de un v\u00eddeo\u2014, a\u00f1ad\u00eda: \u201cHe aprendido que cambio de opini\u00f3n\u201d, \u201ccreo que es sano poder equivocarse\u201d, \u201clo bonito es transformarte con el otro\u201d. Pero tambi\u00e9n reconoce: \u201cHemos empezado a tener mucho miedo al compromiso\u201d<strong>.<\/strong> Reafirm\u00f3 entre risas que, a d\u00eda de hoy, no tiene tiempo para comprometerse con nadie porque no para de trabajar: \u201cYo ahora mismo es que no paro de trabajar y no tengo tiempo de compromisos\u201d. Pero dice que tiene muchos amigos que tienen miedo a decir \u2018te quiero\u2019. \u201cEl amor son actos; el amor es el d\u00eda a d\u00eda\u201d.<\/p>\n<p> <img src=\"https:\/\/www.europesays.com\/es\/wp-content\/uploads\/2025\/11\/3fb7d3b73985-dlu268169018.jpg\"   width=\"682\" height=\"1024\" loading=\"lazy\" decoding=\"async\" alt=\"Pablo Motos con su mujer Laura Llopis\" fetchpriority=\"auto\" class=\"image ho-image\"\/>\u00a9 \u00c2\u00a9EUROIMAGENPablo Motos con su mujer Laura Llopis<\/p>\n<p id=\"eSFZIFIN1li\" data-wc=\"85\">Recordemos que el conductor del espacio trabaja con Laura Llopis, su mujer, en El Hormiguero.\u00a0Ambos se conocieron en la radio en Valencia: \u00e9l presentaba y ella formaba parte del equipo de producci\u00f3n. Como reconoci\u00f3 en su d\u00eda a Bert\u00edn Osborne en una entrevista: \u201cYo me preguntaba: \u00bf<strong>te vas a morir sin haberla besado?<\/strong>\u201d. Adem\u00e1s, tanto su mujer como sus hijas trabajan en el programa: Laura como coordinadora de guiones y sus hijas, una en atrezo y la otra como guionista junto a su madre.<\/p>\n<p id=\"eKaC-Ebya_P\" data-wc=\"83\">El presentador, que lleva <a class=\"hm-link ho-link\" href=\"https:\/\/www.hola.com\/actualidad\/20250527834278\/pablo-moros-boda-secreta-laura-llopis\/\" data-mrf-recirculation=\"article-body-link\" rel=\"nofollow noopener\" target=\"_blank\">m\u00e1s de tres d\u00e9cadas emparejado<\/a>, reconoc\u00eda que una de las cosas importantes y que le cambia el chip al d\u00eda es ese abrazo especial que tiene todas las ma\u00f1anas con su pareja: \u201cSuena el despertador y haces abrazo de oso; eso le cambia al d\u00eda entero el color. Y es un abrazo en el que no hace falta decir nada: es sencillamente t\u00fa y yo\u201d. Por su parte, \u00a0Pablo Albor\u00e1n reconoci\u00f3 que sus parejas no le han durado mucho.<\/p>\n<p> <img src=\"https:\/\/www.europesays.com\/es\/wp-content\/uploads\/2025\/11\/a0dac543e01c-3.jpg\"   width=\"1024\" height=\"682\" loading=\"lazy\" decoding=\"async\" alt=\"El cantante le regala una chaqueta al presentador \" fetchpriority=\"auto\" class=\"image ho-image\"\/>\u00a9 elhormigueroEl cantante le regala una chaqueta al presentador<br \/>\nKM0, nuevo disco<\/p>\n<p id=\"eX6EEtYOsm5\" data-wc=\"166\">Albor\u00e1n afirmaba que le ocurri\u00f3 una cosa muy peculiar con el nuevo disco. La \u00faltima canci\u00f3n se titula Mis 36 y la meti\u00f3 de imprevisto: \u201cEs la \u00faltima canci\u00f3n que escrib\u00ed para el disco; de hecho, el disco estaba terminado y, de repente, sub\u00ed una estrofa de esa canci\u00f3n a las redes. En ese momento no entend\u00ed muy bien por qu\u00e9 lo hice, porque, claro, no estaba en el disco, con la sorpresa de que la gente empez\u00f3 a decirme que qu\u00e9 ganas de comprar el disco, qu\u00e9 ganas de escuchar esa canci\u00f3n\u201d. Entonces reconoce que lo par\u00f3 todo y tuvo que a\u00f1adir esa \u00faltima canci\u00f3n. <strong>Para \u00e9l, esa canci\u00f3n es muy importante porque \u201chabla del amor propio, de que en una relaci\u00f3n hay que ponerse en primer lugar a veces y decir: \u2018Oye, yo te quiero, pero necesito sentir que me quieres\u2019\u201d.\u00a0<\/strong>Reconoci\u00f3 y tiene muy claro que hay que \u201cponerse en primer lugar a veces\u201d y que \u201cuno no tiene que estar mendigando amor\u201d.<\/p>\n<p> <img src=\"https:\/\/www.europesays.com\/es\/wp-content\/uploads\/2025\/11\/eef8cab73a21-1.jpg\"   width=\"1024\" height=\"682\" loading=\"lazy\" decoding=\"async\" alt=\"Media Image\" fetchpriority=\"auto\" class=\"image ho-image\"\/>\u00a9 elhormiguero<br \/>\nEtapa como int\u00e9rprete<\/p>\n<p id=\"eOeN5ZwUjPV\" data-wc=\"112\">Tambi\u00e9n ha tenido ocasi\u00f3n de hablar de su nueva etapa como int\u00e9rprete en Netflix, en la serie Respira, en la que interpreta a Jon Balanzategui y se une como actor a int\u00e9rpretes como <a class=\"hm-link ho-link\" href=\"https:\/\/www.hola.com\/actualidad\/20250324822124\/blanca-suarez-en-el-hormiguero-pablo-motos-palbo-alboran\/\" data-mrf-recirculation=\"article-body-link\" rel=\"nofollow noopener\" target=\"_blank\">Blanca Su\u00e1rez<\/a> y Manu R\u00edos. El presentador le pregunt\u00f3: \u201c\u00bfQu\u00e9 te llama la atenci\u00f3n a ti de ser actor?\u201d Albor\u00e1n confiesa que es <strong>el abandono de s\u00ed mismo<\/strong>. Dice que tienes que construir cu\u00e1les son los valores de otro, intentar construir algo completamente opuesto a m\u00ed. No quer\u00eda ver la secuencia; quer\u00eda entregarse al guion y a los compa\u00f1eros, que \u2014dice\u2014 eran maravillosos: Blanca Su\u00e1rez, Manu\u2026 \u201cMe fui a un hospital para ver c\u00f3mo se trabaja de manera real.\u201d<\/p>\n","protected":false},"excerpt":{"rendered":"Como dijo Pablo Neruda: \u201cNo hagas con el amor lo que hace un ni\u00f1o con su globo; que&hellip;\n","protected":false},"author":2,"featured_media":233808,"comment_status":"","ping_status":"","sticky":false,"template":"","format":"standard","meta":{"footnotes":""},"categories":[171],"tags":[517,5813,146,147,25,24,58213,5812,23,807,214],"class_list":{"0":"post-233807","1":"post","2":"type-post","3":"status-publish","4":"format-standard","5":"has-post-thumbnail","7":"category-tv","8":"tag-actualidad","9":"tag-el-hormiguero","10":"tag-entertainment","11":"tag-entretenimiento","12":"tag-es","13":"tag-espana","14":"tag-pablo-alboran","15":"tag-pablo-motos","16":"tag-spain","17":"tag-television","18":"tag-tv"},"share_on_mastodon":{"url":"https:\/\/pubeurope.com\/@es\/115542708119729188","error":""},"_links":{"self":[{"href":"https:\/\/www.europesays.com\/es\/wp-json\/wp\/v2\/posts\/233807","targetHints":{"allow":["GET"]}}],"collection":[{"href":"https:\/\/www.europesays.com\/es\/wp-json\/wp\/v2\/posts"}],"about":[{"href":"https:\/\/www.europesays.com\/es\/wp-json\/wp\/v2\/types\/post"}],"author":[{"embeddable":true,"href":"https:\/\/www.europesays.com\/es\/wp-json\/wp\/v2\/users\/2"}],"replies":[{"embeddable":true,"href":"https:\/\/www.europesays.com\/es\/wp-json\/wp\/v2\/comments?post=233807"}],"version-history":[{"count":0,"href":"https:\/\/www.europesays.com\/es\/wp-json\/wp\/v2\/posts\/233807\/revisions"}],"wp:featuredmedia":[{"embeddable":true,"href":"https:\/\/www.europesays.com\/es\/wp-json\/wp\/v2\/media\/233808"}],"wp:attachment":[{"href":"https:\/\/www.europesays.com\/es\/wp-json\/wp\/v2\/media?parent=233807"}],"wp:term":[{"taxonomy":"category","embeddable":true,"href":"https:\/\/www.europesays.com\/es\/wp-json\/wp\/v2\/categories?post=233807"},{"taxonomy":"post_tag","embeddable":true,"href":"https:\/\/www.europesays.com\/es\/wp-json\/wp\/v2\/tags?post=233807"}],"curies":[{"name":"wp","href":"https:\/\/api.w.org\/{rel}","templated":true}]}}