{"id":233809,"date":"2025-11-13T13:49:08","date_gmt":"2025-11-13T13:49:08","guid":{"rendered":"https:\/\/www.europesays.com\/es\/233809\/"},"modified":"2025-11-13T13:49:08","modified_gmt":"2025-11-13T13:49:08","slug":"dua-lipa-canta-cancion-de-mon-laferte-en-chile-que-canciones-podrian-sonar-en-mexico-marca","status":"publish","type":"post","link":"https:\/\/www.europesays.com\/es\/233809\/","title":{"rendered":"Dua Lipa canta canci\u00f3n de Mon Laferte en Chile \u00bfQu\u00e9 canciones podr\u00edan sonar en M\u00e9xico? &#8211; MARCA"},"content":{"rendered":"<ol>\n<li><a href=\"https:\/\/news.google.com\/rss\/articles\/CBMijwFBVV95cUxOVGZsZENhcm4zR0tlalhhdzl0bDBpM3UxaXkydk5tMDdIX0JTeE1ENlBXTXY1UzNISUdvOGg3eU90Y3RITm5Sdml5RnlwX1Fhc3J5TUJLWmREbVp1RUNpdU00dGc1RGg3X3R3VWxLbXhmTXM4Zm5FZzVmUjg4SlBsX01HUEdwME5vYkV1MkhhONIBjwFBVV95cUxNSW1Ob2Y0aW1QeGNMdktlZnE1RmNQOW92al9xbF9fRnVQU3BNd2JMdXJmVzc1cW9YOUI0ak0yVXUyTncyem1QckNRWFJ1WXI0TG81Tml5dmpOaHVEZEhaTFg5YTdBcXJiS0p5T1ZxTGlPT0JGSWlLcG93alJqbjM3dEVCMFc4ZVZ0R1hlV1JYMA?oc=5\" target=\"_blank\" rel=\"nofollow noopener\">Dua Lipa canta canci\u00f3n de Mon Laferte en Chile \u00bfQu\u00e9 canciones podr\u00edan sonar en M\u00e9xico?<\/a>&nbsp;&nbsp;MARCA<\/li>\n<li><a href=\"https:\/\/news.google.com\/rss\/articles\/CBMizgFBVV95cUxNU3RMY0tLbXRPTGNfcE4wd1VZdmhzTk01dFFzRTZaOVJYWlVLMjJHWHBZVThMbWdVbEtsWi1uM0w4U3lpcGVqQUZ6ekdzU1JnN0NmQjlLdzM4N185anR6Z28xbEVhblMxZ09zV1VqcHYyM2tsR3NSN3NubTJ2VlJYbGIxMWdaRjZERmFPWS01LUdiZEQtZmRlODVPeDR4Njh4cTlOT3IxZ1VBaS1BclBaZnRWeF9JdmJCU1ZSNzdraW5JbWZOMWFYdlVRbnVJUdIB4gFBVV95cUxPOW80Tlc2bDZGb1NoMmZDUnh6STRGc2ZDMkpxcGpYNUtpRnRQTlg1d0lHdkdlMF9icEkyc2hKakVwZVptWUVOdXFtSDNYeVNuWlpJZ0FHYnMyTXlXa2JqS2dfeEE1TTQ2Wm1zRDNKT1RnbHR4cFR6T3N5VUdYWFBVNlBtLWMxZUstZ25uaEZ6RW5sMHZmZGRUTzdWQmEwWGtZcnJuTXZnZHJibGk4Y3dFOFNBQ095VTV4ZWh6emJKZzNwZzlrLXNmd1dQSEd6Y2pZZXlPUVpEUjZBRXJSZXZoYWtn?oc=5\" target=\"_blank\" rel=\"nofollow noopener\">Dua Lipa en el Estadio Nacional: a qu\u00e9 hora es el concierto y horarios del Metro de Santiago<\/a>&nbsp;&nbsp;AS Chile<\/li>\n<li><a href=\"https:\/\/news.google.com\/rss\/articles\/CBMi4gFBVV95cUxPU3prVV94bXF6QjZ3R0U2emM2cHQzREtpOTFaSmVOSDNiS1hjN2pxU2RkUER3RFhaS0ViMEMzM1h4cGpuSEp1cmNCajRjOWIzM0Y0b3hudUNBNlZjMEp3UjUwNmNDcmdmTUcxVHZRelNiUVVteTNvZXY1TDFKRGNVVXBFem9wQjVsMktlUVl4alBjVkU3UkNET3NxYTRENmFYN0h0QnNWbTBFNTE0dW5DRF80M2xHWjc4OU5pYVdBbXdPaldmVGJQMWJ5SWVmUUE3bDVEUElJLUtkTDBhUmdpdXhn0gHiAUFVX3lxTE16eVZYMC1mZ1E1LW1PWHFvTGdWblRtNjhkMHlDbVhrNHNqSEVMeVRhMEptYV9EQXJNOHhyRHdtVTI3VU1Ybm9ER2hCVWRCRTgzLVJoR2twU3JJa1c5MFgtdmNteWRfVGxOeTE3Y3NITnM3ZVdNWklGRll6UjVqWFhPb244RVNtNGZiT3JyVjJsa2VpSWotZGxhbHU0U04xWjNtTUw0QmhWcWJ5eVlWNjBBMWJKOW1rY1Nxb0pETlZLOTdWeHdPMUFJMVROOTZZdFdBNU4tcHVqcnhYUVFxNjktOEE?oc=5\" target=\"_blank\" rel=\"nofollow noopener\">Dua Lipa interpreta &#8216;Tu falta de querer&#8217; en Chile y recibe el agradecimiento de Mon Laferte<\/a>&nbsp;&nbsp;EuropaFM<\/li>\n<li><a href=\"https:\/\/news.google.com\/rss\/articles\/CBMimgFBVV95cUxPNkI0ZjJRRjdWWEpDazFOdHdNV0xiaUIxcU9fT3dEazhZalBtYm5HNDYxNFRqMnJkMHdTbTdwbkxDdEVTNmh5aWw3OUlGWERobS1zQ1lNajJ5WTFYYXp6MXNVaWRVNzlManVPYml4M2trZlVLcWdzaTFDWWc2WVNGa2YxWnZMdGpyOFM4SnlPTlBPWmY4dnNYUDNB0gGfAUFVX3lxTE5oZzJZWjg4bTAxMmNlZnA0RzJoUkp5T25ZdUs1aGU4YTFNNUxoQnlFWVpCUWtnVWNWbVRaMWczYjJXU3lIa0VrNnYzTFBOOWZ3R242X002RUs5SFQ1ZVBXUUg5OXVQb1dEV2lYUjZPR3JoZ2ZjeFdiTkFLZTBvNlJZbmktVlJnWG5SeDVpOVVZUTFDNFF2UU5rXy0zcUVEOA?oc=5\" target=\"_blank\" rel=\"nofollow noopener\">Un especial regalo albo: La sorpresa que recibir\u00e1 Dua Lipa como parte de su gira en Chile<\/a>&nbsp;&nbsp;RedGol<\/li>\n<\/ol>\n","protected":false},"excerpt":{"rendered":"Dua Lipa canta canci\u00f3n de Mon Laferte en Chile \u00bfQu\u00e9 canciones podr\u00edan sonar en M\u00e9xico?&nbsp;&nbsp;MARCA Dua Lipa en&hellip;\n","protected":false},"author":2,"featured_media":233810,"comment_status":"","ping_status":"","sticky":false,"template":"","format":"standard","meta":{"footnotes":""},"categories":[170],"tags":[15524,2047,60913,146,147,25,24,184,185,23,15522],"class_list":{"0":"post-233809","1":"post","2":"type-post","3":"status-publish","4":"format-standard","5":"has-post-thumbnail","7":"category-musica","8":"tag-celebrities-mx","9":"tag-chile","10":"tag-dua-lipa-mx","11":"tag-entertainment","12":"tag-entretenimiento","13":"tag-es","14":"tag-espana","15":"tag-music","16":"tag-musica","17":"tag-spain","18":"tag-trending-celebrities"},"share_on_mastodon":{"url":"https:\/\/pubeurope.com\/@es\/115542711662474089","error":""},"_links":{"self":[{"href":"https:\/\/www.europesays.com\/es\/wp-json\/wp\/v2\/posts\/233809","targetHints":{"allow":["GET"]}}],"collection":[{"href":"https:\/\/www.europesays.com\/es\/wp-json\/wp\/v2\/posts"}],"about":[{"href":"https:\/\/www.europesays.com\/es\/wp-json\/wp\/v2\/types\/post"}],"author":[{"embeddable":true,"href":"https:\/\/www.europesays.com\/es\/wp-json\/wp\/v2\/users\/2"}],"replies":[{"embeddable":true,"href":"https:\/\/www.europesays.com\/es\/wp-json\/wp\/v2\/comments?post=233809"}],"version-history":[{"count":0,"href":"https:\/\/www.europesays.com\/es\/wp-json\/wp\/v2\/posts\/233809\/revisions"}],"wp:featuredmedia":[{"embeddable":true,"href":"https:\/\/www.europesays.com\/es\/wp-json\/wp\/v2\/media\/233810"}],"wp:attachment":[{"href":"https:\/\/www.europesays.com\/es\/wp-json\/wp\/v2\/media?parent=233809"}],"wp:term":[{"taxonomy":"category","embeddable":true,"href":"https:\/\/www.europesays.com\/es\/wp-json\/wp\/v2\/categories?post=233809"},{"taxonomy":"post_tag","embeddable":true,"href":"https:\/\/www.europesays.com\/es\/wp-json\/wp\/v2\/tags?post=233809"}],"curies":[{"name":"wp","href":"https:\/\/api.w.org\/{rel}","templated":true}]}}