{"id":233831,"date":"2025-11-13T14:11:10","date_gmt":"2025-11-13T14:11:10","guid":{"rendered":"https:\/\/www.europesays.com\/es\/233831\/"},"modified":"2025-11-13T14:11:10","modified_gmt":"2025-11-13T14:11:10","slug":"120-minutos-12-11-2025-parte-2-telemadrid","status":"publish","type":"post","link":"https:\/\/www.europesays.com\/es\/233831\/","title":{"rendered":"120 minutos 12.11.2025 (parte 2) &#8211; Telemadrid"},"content":{"rendered":"<ol>\n<li><a href=\"https:\/\/news.google.com\/rss\/articles\/CBMirwFBVV95cUxPR1dJNWZaQjN5M09lT1NqODJTQk1PVWcxUjRuRjEyR3EwQ21IdGhaZ2NHeFk3RGNWODdPMlFWS2NQeE92TklmTEg1bVNiNHZKN1FQSzJOZ2pyUTJEaEVFekNFaHVqVjg4QUtGczMtc1BwaFk5Qk9zcG1LX0I5cndUSFdLZDV3dWVDLWNQWklxMDIyWjJaNmtHWVpkbDNYT3ZHT1dtR1pYQ21hMGtxTzVB0gG0AUFVX3lxTE9IYWEyRnJwWFMwT25VZ20tbWpzSzZPbzlOeGctX2RhMm1yZTFYWFUtUjRPYlYzcUF6ZEd4ZnBqUmVTM2ZSbTMwaEtpeU8wNGtKR0R4eGgxVjVRcGItZGNyVlZOajMyN2t2WUNISWN5ODM1UC1EeGM0UEdBaWp6NWR0eTFaY0kydk00d0Jxd0VrQS05QlJUVjV2YVJzNXpIN3dqX3JNZmdOcGxDTVJPUzNDaFBZRw?oc=5\" target=\"_blank\" rel=\"nofollow noopener\">120 minutos 12.11.2025 (parte 2)<\/a>&nbsp;&nbsp;Telemadrid<\/li>\n<li><a href=\"https:\/\/news.google.com\/rss\/articles\/CBMiwwFBVV95cUxQNGFjVjRaMlpqaTNJRWoybndtNWdiRGpJMklkVEwwdWN2N3FDbF9WeHFDa0dGMWtzeTZENUVMZGhPUDNhTDlybW9lSk5YTXVobENudHNQbWJ0eTUwc0pmOE5ybmVSU1pBNkNGYjFMQ0kwQi1sRVkyQ0dQclpJSmZLUjhnY25zV3ROZThYeFZ2MWV4ZmIwMndhckVMNkxUTFh3TUtOUmZzSWZpV3c5M0RqRVJOdWZ5dkV5ZGlINWcwNjJ3akHSAcMBQVVfeXFMT3h1dWQyZHc5WVZ2S0Z4TFlLbE5JbzBraWV0bV9nRFMwTk5Vd3B1UVRuc0w1TUJVa2IyUTBxWFY4c2hOU0VuRlMtNVBTX2I3OU11NGM3OXdIbGUxN2piSVRUV3pjOV83d1V3YkxzTnlTdHRzNGhYWUJRR1ozLVZRdHJMVlpRN1ZSeEVyUnJNaWszZGNtYVkyaGZsM2NfeV9GSTJFTVh1TVBqaGtBd1NjVGFGc1dmVDBNT3RiNlM1NHUwamhR?oc=5\" target=\"_blank\" rel=\"nofollow noopener\">Resumen de la jornada pol\u00edtica del 12 de noviembre: as\u00ed hemos contado el pleno del Congreso y la declaraci\u00f3n de Garc\u00eda Ortiz<\/a>&nbsp;&nbsp;RTVE.es<\/li>\n<li><a href=\"https:\/\/news.google.com\/rss\/articles\/CBMikgFBVV95cUxNbkZsQUlGVG5lRjlkcThmMFhmal9BeUtyUEZ2Z0NrNk5tbG1qc1V3aWxZT29TbDNjWkdYc0ItZEpyU0xTczZ4VkMzS2IzQUt2TUVOM3NYQk5OekFfVDlPdUFncU51emRGUXFZYVllbkJmX20tZ0w5d2JMdU9KSTA0OGJKd1RjcDQ1WnVuNWlSTXhmQQ?oc=5\" target=\"_blank\" rel=\"nofollow noopener\">\u00daltima hora sobre la actualidad pol\u00edtica, en directo<\/a>&nbsp;&nbsp;elDiario.es<\/li>\n<li><a href=\"https:\/\/news.google.com\/rss\/articles\/CBMiwgFBVV95cUxPX1lrNXAtNDJSTEt5VGt5WlFtcDNNNm1aZHY2TmRTX0lVQ042Z0M1VE9zeHVqRUpqbVlTcHhGNFlWQWhyUnhUVXlfZk9KbHdnZnlMRjJnUy11UExfYVB1dlViUzRham9DbG9yQ1NILWZ1cE9hUXpoUzhLbEhtQmg0V2ZVeEZsRGtLV3E2MUQtQ1JnT1pmRVQwcEZGVjByV3Z4dERvWVBYVVdwT2pPaF84RWRmWlZ4bWVFLVhHakNWNGxzd9IBxwFBVV95cUxQZFdLUWZiRUIteHIxN3RTdExiWC00djZPbXBGM1IwcEtIamhQM2R6VFNDdy1YRVVoR3VEWTBEeGhqbXNKdjBoUG1UNnRYRElKbXhzVkxVb0FvZXVqMDVKb3pnSWpaZUtyMFZiNXh3c1dzcW1QRzQxZHQ0dWh2SHJ5WG41c19mVWpQUGxOcjBpUW5icjRFYTB6eUJDMk5LMFRDeHRfcVM5ZlV5S1RaRE9meDJhZ0Q0TzNvRFRDYWdJM2xfZlppV1hN?oc=5\" target=\"_blank\" rel=\"nofollow noopener\">Temas del d\u00eda de EFE Espa\u00f1a del mi\u00e9rcoles 12 de noviembre de 2025<\/a>&nbsp;&nbsp;La Vanguardia<\/li>\n<li><a href=\"https:\/\/news.google.com\/rss\/articles\/CBMivAFBVV95cUxQZ1N0UEFQQjVZZ2JQUVVCZEJ5RzMycndZeXh6SVpGUE1tdE1LdXo3UER1bndoYjhSZnhxTFN4SWNmMDVhNnNuUkhlLXVrMV9yc1BXTjlpRzZhV3hCWThQUUpGRkI4dEFSSVkyY21jOFpQeHZ3SFJ4OHJ3X1FQTXRZdlZLNnBnMXBUcWEtWDdDa1VSMW0wRGk1TXZabExWY3pIc1BBNFFVSlJUSGtGN1JRRDc5XzFTbEcyNDJpS9IBvAFBVV95cUxNOVp3YUdqbVExY1hKQjc0d25HWWpIU3FMR25pMDZILTNQU3o4MDZNTm1fMmFTNGx2OV8zaFFDWDlOMGhBQU5pVkZ3RkpwcWdCNlVWNU1xbC1ER0hZdVVpbE05QzRMcHkzdktpYWVYaEFJak9PdklZSTN0dEdpSktLbmVQT2lEdlBwTWVZV1pzSV8ybWVFRklLZi1mMkU2VWRRZ0JxTmJtbGp2NWNERTZQVnJBR245SkxFb295aQ?oc=5\" target=\"_blank\" rel=\"nofollow noopener\">Noticias de hoy, mi\u00e9rcoels 12 de noviembre de 2025<\/a>&nbsp;&nbsp;Antena 3<\/li>\n<\/ol>\n","protected":false},"excerpt":{"rendered":"120 minutos 12.11.2025 (parte 2)&nbsp;&nbsp;Telemadrid Resumen de la jornada pol\u00edtica del 12 de noviembre: as\u00ed hemos contado el&hellip;\n","protected":false},"author":2,"featured_media":233832,"comment_status":"","ping_status":"","sticky":false,"template":"","format":"standard","meta":{"footnotes":""},"categories":[171],"tags":[146,147,25,24,5727,5729,5728,23,5726,214,5730],"class_list":{"0":"post-233831","1":"post","2":"type-post","3":"status-publish","4":"format-standard","5":"has-post-thumbnail","7":"category-tv","8":"tag-entertainment","9":"tag-entretenimiento","10":"tag-es","11":"tag-espana","12":"tag-programacion-a-la-carta","13":"tag-programas-telemadrid","14":"tag-programas-television","15":"tag-spain","16":"tag-telemadrid-a-la-carta","17":"tag-tv","18":"tag-vod"},"share_on_mastodon":{"url":"https:\/\/pubeurope.com\/@es\/115542798278276468","error":""},"_links":{"self":[{"href":"https:\/\/www.europesays.com\/es\/wp-json\/wp\/v2\/posts\/233831","targetHints":{"allow":["GET"]}}],"collection":[{"href":"https:\/\/www.europesays.com\/es\/wp-json\/wp\/v2\/posts"}],"about":[{"href":"https:\/\/www.europesays.com\/es\/wp-json\/wp\/v2\/types\/post"}],"author":[{"embeddable":true,"href":"https:\/\/www.europesays.com\/es\/wp-json\/wp\/v2\/users\/2"}],"replies":[{"embeddable":true,"href":"https:\/\/www.europesays.com\/es\/wp-json\/wp\/v2\/comments?post=233831"}],"version-history":[{"count":0,"href":"https:\/\/www.europesays.com\/es\/wp-json\/wp\/v2\/posts\/233831\/revisions"}],"wp:featuredmedia":[{"embeddable":true,"href":"https:\/\/www.europesays.com\/es\/wp-json\/wp\/v2\/media\/233832"}],"wp:attachment":[{"href":"https:\/\/www.europesays.com\/es\/wp-json\/wp\/v2\/media?parent=233831"}],"wp:term":[{"taxonomy":"category","embeddable":true,"href":"https:\/\/www.europesays.com\/es\/wp-json\/wp\/v2\/categories?post=233831"},{"taxonomy":"post_tag","embeddable":true,"href":"https:\/\/www.europesays.com\/es\/wp-json\/wp\/v2\/tags?post=233831"}],"curies":[{"name":"wp","href":"https:\/\/api.w.org\/{rel}","templated":true}]}}