{"id":233854,"date":"2025-11-13T14:27:30","date_gmt":"2025-11-13T14:27:30","guid":{"rendered":"https:\/\/www.europesays.com\/es\/233854\/"},"modified":"2025-11-13T14:27:30","modified_gmt":"2025-11-13T14:27:30","slug":"las-novedades-de-e3-se-centran-en-oude-kwaremont","status":"publish","type":"post","link":"https:\/\/www.europesays.com\/es\/233854\/","title":{"rendered":"Las novedades de E3 se centran en Oude Kwaremont"},"content":{"rendered":"<p>\t\t\t\t\t\t\t\t\t\t\t\t\t\t<strong><a href=\"https:\/\/www.dtswiss.com\/es\" rel=\"nofollow noopener\" target=\"_blank\"><img fetchpriority=\"high\" decoding=\"async\" class=\"aligncenter wp-image-65007 size-full\" src=\"data:image\/svg+xml,%3Csvg%20xmlns=\" http:=\"\" alt=\"\" width=\"1024\" height=\"140\" data-lazy- data-lazy- data-lazy-src=\"https:\/\/www.europesays.com\/es\/wp-content\/uploads\/2025\/10\/joanseguidor-1024x140px-es-erc1100.png\"\/><\/a><\/strong><br \/>\nLas novedades de E3 de Harelbeke se centran en Oude Kwaremont, el gran filtro de De Ronde<\/p>\n<p data-start=\"192\" data-end=\"766\">La <strong data-start=\"195\" data-end=\"219\">E3 Saxo Classic 2026, la Harelbeke de toda la vida, ya tiene novedades<\/strong>, y en Flandes eso siempre es motivo de conversaci\u00f3n.<\/p>\n<p data-start=\"192\" data-end=\"766\">Los organizadores de la carrera de Harelbeke anunciaron este mi\u00e9rcoles algunos cambios en el recorrido y <strong>una renovaci\u00f3n simb\u00f3lica de su \u201cmatrimonio\u201d con la ciudad que la acoge desde 1957<\/strong>.<\/p>\n<p data-start=\"192\" data-end=\"766\">Harelbeke seguir\u00e1 siendo la casa de la E3 al menos hasta 2031, y lo celebraron a su manera: con una puesta en escena tan pintoresca como habitual en ellos, presentando la uni\u00f3n entre la carrera y la ciudad como una boda p\u00fablica, fiel al peculiar sentido del humor que los caracteriza.<\/p>\n<p><a class=\"wppaslink\" href=\"https:\/\/joanseguidor.com\/pas\/ccmm-valenciana\/44016\/0\" target=\"_blank\" rel=\"nofollow noopener\"><img decoding=\"async\" src=\"data:image\/svg+xml,%3Csvg%20xmlns=\" http:=\"\" alt=\"CCMM Valenciana\" border=\"0\" data-lazy-src=\"https:\/\/www.europesays.com\/es\/wp-content\/uploads\/2025\/11\/1763044048_290_tl-joanseguidorcom-1024x140-1.png\"\/><\/a><\/p>\n<p data-start=\"768\" data-end=\"1130\">M\u00e1s all\u00e1 del acto teatral, lo realmente interesante est\u00e1 en el trazado. La edici\u00f3n de 2026 incluir\u00e1 por primera vez una <strong>doble ascensi\u00f3n al E3-Col, y tambi\u00e9n una segunda subida al Oude Kwaremont, aunque desde un lado in\u00e9dito<\/strong>.<\/p>\n<p data-start=\"768\" data-end=\"1130\">La organizaci\u00f3n quiere mantener viva la esencia del recorrido, pero con un punto extra de picante para los Flandriens modernos.<\/p>\n<p data-start=\"1132\" data-end=\"1447\"><strong>El E3-Col, situado en Ronse, es una subida de 1,2 kil\u00f3metros al 6% de media, con rampas que superan el 12%<\/strong>.<\/p>\n<p data-start=\"1132\" data-end=\"1447\">Desde 2019 se le conoce con ese nombre, aunque no siempre forma parte del men\u00fa.<\/p>\n<p data-start=\"1132\" data-end=\"1447\">En 2026 se subir\u00e1 dos veces: tras 113 kil\u00f3metros y de nuevo a falta de 35 para meta, cuando la carrera ya est\u00e9 encendida.<\/p>\n<p data-start=\"1449\" data-end=\"1882\"><strong>El Oude Kwaremont, esa pared sagrada del ciclismo flamenco<\/strong>, tambi\u00e9n aparecer\u00e1 por partida doble.<\/p>\n<p data-start=\"1449\" data-end=\"1882\">La cl\u00e1sica subida desde el Paterberg se mantiene en la parte final, pero antes, tras 121 kil\u00f3metros, los corredores se enfrentar\u00e1n a una <strong data-start=\"1687\" data-end=\"1728\">nueva variante por la Keuzelingstraat<\/strong>, sin adoquines pero con una pendiente respetable.<\/p>\n<p data-start=\"1449\" data-end=\"1882\">Nunca se ha usado en una gran prueba, y promete a\u00f1adir dureza sin alterar la identidad del recorrido.<\/p>\n<p data-start=\"1449\" data-end=\"1882\"><a href=\"https:\/\/www.turismodecastellon.com\/es\/que-hacer\/rutaCicloturismo\" rel=\"nofollow noopener\" target=\"_blank\"><img loading=\"lazy\" decoding=\"async\" class=\"aligncenter wp-image-66569 size-medium\" src=\"data:image\/svg+xml,%3Csvg%20xmlns=\" http:=\"\" alt=\"\" width=\"300\" height=\"293\" data-lazy- data-lazy- data-lazy-src=\"https:\/\/www.europesays.com\/es\/wp-content\/uploads\/2025\/10\/bn-castellon-cycling-1024x1000-3-300x293.gif\"\/><\/a><\/p>\n<p data-start=\"1884\" data-end=\"2318\"><strong>El trazado total ser\u00e1 unos cinco kil\u00f3metros m\u00e1s largo y rozar\u00e1 los 3.000 metros de desnivel acumulado<\/strong>, algo m\u00e1s que en 2025, pero seg\u00fan el portavoz Jacques Coussens.<\/p>\n<p data-start=\"1884\" data-end=\"2318\">Lo que s\u00ed buscan es evitar problemas log\u00edsticos: este a\u00f1o las rutas de la \u00e9lite y los juniors estuvieron a punto de cruzarse, as\u00ed que se adelanta la salida de los j\u00f3venes y se ajusta el itinerario profesional.<\/p>\n<p data-start=\"2320\" data-end=\"2621\">La cita ser\u00e1 en viernes, el 27 de marzo de 2026, inaugurando como siempre la gran trilog\u00eda del norte junto a <strong data-start=\"2429\" data-end=\"2466\">Gante-Wevelgem en un fin de semana m\u00e1gico, justo antes de Flandes y Roubaix<\/strong>.<\/p>\n<p data-start=\"2320\" data-end=\"2621\">El terreno est\u00e1 listo para que Van der Poel, Pedersen y compa\u00f1\u00eda vuelvan a medir fuerzas en el coraz\u00f3n de Flandes, donde cada adoqu\u00edn cuenta su historia.<\/p>\n<p data-start=\"2320\" data-end=\"2621\"><strong><a href=\"https:\/\/terresdelebre.travel\/cycling\/es\/deportivo\" target=\"_blank\" rel=\"noopener nofollow\"><img loading=\"lazy\" decoding=\"async\" class=\"aligncenter\" src=\"data:image\/svg+xml,%3Csvg%20xmlns=\" http:=\"\" alt=\"\" width=\"1024\" height=\"400\" data-lazy-src=\"https:\/\/www.europesays.com\/es\/wp-content\/uploads\/2025\/10\/1024x400-cicloturisme-joanseguidor.jpg\"\/><\/a><\/strong><\/p>\n","protected":false},"excerpt":{"rendered":"Las novedades de E3 de Harelbeke se centran en Oude Kwaremont, el gran filtro de De Ronde La&hellip;\n","protected":false},"author":2,"featured_media":233855,"comment_status":"","ping_status":"","sticky":false,"template":"","format":"standard","meta":{"footnotes":""},"categories":[273],"tags":[313,312,168,60919,25,24,2548,23,167],"class_list":{"0":"post-233854","1":"post","2":"type-post","3":"status-publish","4":"format-standard","5":"has-post-thumbnail","7":"category-ciclismo","8":"tag-ciclismo","9":"tag-cycling","10":"tag-deportes","11":"tag-e3-harelbeke","12":"tag-es","13":"tag-espana","14":"tag-featured","15":"tag-spain","16":"tag-sports"},"share_on_mastodon":{"url":"https:\/\/pubeurope.com\/@es\/115542860964011636","error":""},"_links":{"self":[{"href":"https:\/\/www.europesays.com\/es\/wp-json\/wp\/v2\/posts\/233854","targetHints":{"allow":["GET"]}}],"collection":[{"href":"https:\/\/www.europesays.com\/es\/wp-json\/wp\/v2\/posts"}],"about":[{"href":"https:\/\/www.europesays.com\/es\/wp-json\/wp\/v2\/types\/post"}],"author":[{"embeddable":true,"href":"https:\/\/www.europesays.com\/es\/wp-json\/wp\/v2\/users\/2"}],"replies":[{"embeddable":true,"href":"https:\/\/www.europesays.com\/es\/wp-json\/wp\/v2\/comments?post=233854"}],"version-history":[{"count":0,"href":"https:\/\/www.europesays.com\/es\/wp-json\/wp\/v2\/posts\/233854\/revisions"}],"wp:featuredmedia":[{"embeddable":true,"href":"https:\/\/www.europesays.com\/es\/wp-json\/wp\/v2\/media\/233855"}],"wp:attachment":[{"href":"https:\/\/www.europesays.com\/es\/wp-json\/wp\/v2\/media?parent=233854"}],"wp:term":[{"taxonomy":"category","embeddable":true,"href":"https:\/\/www.europesays.com\/es\/wp-json\/wp\/v2\/categories?post=233854"},{"taxonomy":"post_tag","embeddable":true,"href":"https:\/\/www.europesays.com\/es\/wp-json\/wp\/v2\/tags?post=233854"}],"curies":[{"name":"wp","href":"https:\/\/api.w.org\/{rel}","templated":true}]}}