{"id":233856,"date":"2025-11-13T14:29:14","date_gmt":"2025-11-13T14:29:14","guid":{"rendered":"https:\/\/www.europesays.com\/es\/233856\/"},"modified":"2025-11-13T14:29:14","modified_gmt":"2025-11-13T14:29:14","slug":"la-fede-lanza-la-campana-respeto-noticias","status":"publish","type":"post","link":"https:\/\/www.europesays.com\/es\/233856\/","title":{"rendered":"La FEDE lanza la campa\u00f1a \u00abRESPETO\u00bb &#8211; NOTICIAS"},"content":{"rendered":"<p style=\"text-align: justify;\">A ra\u00edz del incidente sucedido en un partido de nuestras competiciones FBRM, que desemboc\u00f3 en un comunicado por parte del Comit\u00e9 Murciano de \u00c1rbitros y Auxiliares de Baloncesto (CMAAB) compartido y difundido por varios clubes federados de la Regi\u00f3n de Murcia, desde nuestra Federaci\u00f3n impulsamos una campa\u00f1a remarcando el RESPETO que debe existir en nuestro deporte; no solamente al estamento arbitral, que por supuesto tambi\u00e9n, sino a todos los estamentos y partes que forman nuestro deporte: jugadores\/as, entrenadores\/as, familias, clubes, \u00e1rbitros y Federaci\u00f3n. <\/p>\n<p style=\"text-align: justify;\">Por ello, lanzamos esta campa\u00f1a para que todos los clubes posen, en el inicio de sus encuentros de este fin de semana, con el cartel que les adjuntamos v\u00eda correo electr\u00f3nico al inicio del partido. Bien sea los quintetos iniciales junto a los \u00e1rbitros, o ambos equipos y cuerpos t\u00e9cnicos junto a los \u00e1rbitros y auxiliares del encuentro. El cartel tambi\u00e9n se puede descargar en el apartado \u00abDocumentos\u00bb de este art\u00edculo.<\/p>\n<p style=\"text-align: justify;\">Para que esta campa\u00f1a sea exitosa y el mensaje cale y llegue al m\u00e1ximo de gente, ser\u00eda deseable que se hiciera una foto posando con los carteles y se publicase en los perfiles sociales de los clubes. Tambi\u00e9n se puede enviar al correo\u00a0<a href=\"https:\/\/www.fbrm.org\/noticia-13-3261\/mailto:comunicacion@fbrm.org\" target=\"_blank\" rel=\"nofollow noopener\">comunicacion@fbrm.org<\/a>, que har\u00e1 una galer\u00eda de im\u00e1genes en Flickr con todas las fotos recibidas en esta campa\u00f1a. <\/p>\n<p style=\"text-align: justify;\">Esperamos la colaboraci\u00f3n de TODOS y TODAS, pues nuestro deporte es una fuente de valores totalmente contrarios a la falta de respeto.<\/p>\n","protected":false},"excerpt":{"rendered":"A ra\u00edz del incidente sucedido en un partido de nuestras competiciones FBRM, que desemboc\u00f3 en un comunicado por&hellip;\n","protected":false},"author":2,"featured_media":233857,"comment_status":"","ping_status":"","sticky":false,"template":"","format":"standard","meta":{"footnotes":""},"categories":[269],"tags":[299,298,658,3008,168,25,24,50042,2500,1783,2629,1478,10,6192,10588,23,167],"class_list":{"0":"post-233856","1":"post","2":"type-post","3":"status-publish","4":"format-standard","5":"has-post-thumbnail","7":"category-baloncesto","8":"tag-baloncesto","9":"tag-basketball","10":"tag-campana","11":"tag-de","12":"tag-deportes","13":"tag-es","14":"tag-espana","15":"tag-fede","16":"tag-federacion","17":"tag-la","18":"tag-lanza","19":"tag-murcia","20":"tag-noticias","21":"tag-region","22":"tag-respeto","23":"tag-spain","24":"tag-sports"},"share_on_mastodon":{"url":"https:\/\/pubeurope.com\/@es\/115542869362465250","error":""},"_links":{"self":[{"href":"https:\/\/www.europesays.com\/es\/wp-json\/wp\/v2\/posts\/233856","targetHints":{"allow":["GET"]}}],"collection":[{"href":"https:\/\/www.europesays.com\/es\/wp-json\/wp\/v2\/posts"}],"about":[{"href":"https:\/\/www.europesays.com\/es\/wp-json\/wp\/v2\/types\/post"}],"author":[{"embeddable":true,"href":"https:\/\/www.europesays.com\/es\/wp-json\/wp\/v2\/users\/2"}],"replies":[{"embeddable":true,"href":"https:\/\/www.europesays.com\/es\/wp-json\/wp\/v2\/comments?post=233856"}],"version-history":[{"count":0,"href":"https:\/\/www.europesays.com\/es\/wp-json\/wp\/v2\/posts\/233856\/revisions"}],"wp:featuredmedia":[{"embeddable":true,"href":"https:\/\/www.europesays.com\/es\/wp-json\/wp\/v2\/media\/233857"}],"wp:attachment":[{"href":"https:\/\/www.europesays.com\/es\/wp-json\/wp\/v2\/media?parent=233856"}],"wp:term":[{"taxonomy":"category","embeddable":true,"href":"https:\/\/www.europesays.com\/es\/wp-json\/wp\/v2\/categories?post=233856"},{"taxonomy":"post_tag","embeddable":true,"href":"https:\/\/www.europesays.com\/es\/wp-json\/wp\/v2\/tags?post=233856"}],"curies":[{"name":"wp","href":"https:\/\/api.w.org\/{rel}","templated":true}]}}