{"id":233862,"date":"2025-11-13T14:32:10","date_gmt":"2025-11-13T14:32:10","guid":{"rendered":"https:\/\/www.europesays.com\/es\/233862\/"},"modified":"2025-11-13T14:32:10","modified_gmt":"2025-11-13T14:32:10","slug":"borrachera-de-obras-maestras-nunca-vistas-en-valencia","status":"publish","type":"post","link":"https:\/\/www.europesays.com\/es\/233862\/","title":{"rendered":"Borrachera de obras maestras nunca vistas en Valencia"},"content":{"rendered":"<p>Borrachera de obras maestras. Borrachera es uno de los t\u00e9rminos elegidos por el director del Museo de Bellas Artes de Valencia para explicar la exposici\u00f3n &#8216; &#8230; Cl\u00e1sicos y modernos&#8217;, que se inaugura este jueves. El arte, en esta muestra, corre a cargo del BBVA bajo el comisionado de Pablo Gonz\u00e1lez Tornel. El banco ha retirado de sus sedes piezas de <a href=\"https:\/\/www.lasprovincias.es\/culturas\/jaume-plensa-esculturas-mensajes-botellas-naufragos-20251112003434-nt.html\" title=\"www.lasprovincias.es\" data-voc-vtm-id=\"in-text-traffic\" data-mrf-link=\"www.lasprovincias.es\" rel=\"nofollow noopener\" target=\"_blank\">artistas <\/a>cl\u00e1sicos, como Zuloaga, Goya, Rusi\u00f1ol y Brueghel el Viejo para que se luzcan en los muros de la pinacoteca valenciana. Salvo los dos sorollas (&#8216;Mesalina en brazos del galdiador&#8217; y &#8216;Retrato de Antonio Garc\u00eda Peris, suegro del artista&#8217;), el resto \u00abcasi nunca se exhiben\u00bb. <\/p>\n<p class=\"v-p\">&#8216;Cl\u00e1sicos y modernos&#8217; est\u00e1 compuesta por 84 obras de 71 artistas, aunque los fondos del BBVA ascienden a 9.000. La \u00abrelaci\u00f3n amorosa\u00bb, como lo ha definido Pablo Gonz\u00e1lez Tornel, entre el Bellas Artes y el BBVA arranc\u00f3 hace a\u00f1os y vuelve a fructificar ahora en una majestuosa exposici\u00f3n que repasa el arte europeo del siglo XVI al XX. <\/p>\n<p><a href=\"http:\/\/www.lasprovincias.es\/culturas\/atractivo-viraje-ivam-20251110104347-nt.html#vtm_modulosEngag=mod-rel:culturas:noticia:1:cmp:1-not\" class=\"v-a-link\" aria-label=\"Imagen\" rel=\"nofollow noopener\" target=\"_blank\"><\/p>\n<p><img decoding=\"async\" loading=\"lazy\" src=\"https:\/\/www.europesays.com\/es\/wp-content\/uploads\/2025\/11\/Imagen Imagen joan-fontcuberta-herbari-albuferenc-aspegila-buphera-lalbufera-visio-tangencial-1985-i.jpeg\" class=\"v-a-img\" width=\"258\" height=\"180\" alt=\"\" data-voc-vtm-id=\"in-text-traffic\"\/><\/p>\n<p><\/a><\/p>\n<p class=\"v-p\">Bodegones, retratos y paisajes nutren una colecci\u00f3n \u00fanica y atesorada durante a\u00f1os por las diferentes entidades bancarias que componen el BBVA. \u00abEspa\u00f1a es una amalgama de miradas distintas de acercarse a la realidad\u00bb, ha detallado el director del Bellas Artes. Y el arte es el mejor reflejo. <\/p>\n<p class=\"v-p\">Algunas \u00abjoyas\u00bb de &#8216;Cl\u00e1sicos y modernos&#8217; son &#8216;Carlos III, cazador&#8217; y &#8216;Don Pantale\u00f3n P\u00e9rez de Nen\u00edn&#8217;, de Goya; &#8216;San Jos\u00e9 con el ni\u00f1o&#8217;, de Murillo; &#8216;Cristo y la mujer ad\u00faltera&#8217;, de Van Dyck; &#8216;Retrato de dama&#8217;, de van Merevelt; &#8216;Jardines de Monforte IV&#8217;, de Rusi\u00f1ol, &#8216;Retrato de Antonio Garc\u00eda Peris, suegro del artista&#8217;, de Sorolla, entre otros.<\/p>\n<p class=\"v-p\">\u00bfC\u00f3mo se eligen 84 obras de una colecci\u00f3n de 9.000? Gonz\u00e1lez Tornel ha explicado que en cada una de las piezas confluye un marco conceptual marcado por ideas: la monarqu\u00eda (se crearon o representan este sistema pol\u00edtico), la religi\u00f3n y el buen arte (son piezas bellas). <\/p>\n<p class=\"v-p\">La exposici\u00f3n, dividida en cuatro secciones y compuesta por 84 pinturas, presenta obras creadas en un amplio marco cronol\u00f3gico que, a pesar de la distancia temporal que las separa, comparten un mismo c\u00f3digo: el realismo figurativo que se defini\u00f3 en Flandes e Italia a principios del siglo XVI.<\/p>\n<p class=\"v-p\">Sus tablas y lienzos, poblados de reyes, dioses, campesinas, paisajes y burgueses, narran la construcci\u00f3n de Europa con mayor claridad que cualquier libro de historia.<\/p>\n<p class=\"v-p\">Las Edades Moderna y Contempor\u00e1nea pueden contarse en gran medida a trav\u00e9s de los fondos de la Colecci\u00f3n BBVA, configurada a lo largo del tiempo gracias a la notable labor de mecenazgo del banco y que es, hoy en d\u00eda, uno de los conjuntos art\u00edsticos privados m\u00e1s importantes de Espa\u00f1a.<\/p>\n<p class=\"v-p\">La muestra se articula en cuatro secciones, que invitan a un recorrido tem\u00e1tico y cronol\u00f3gico. La primera secci\u00f3n, &#8216;El tiempo de los reyes y los dioses&#8217;, re\u00fane retratos y escenas religiosas que muestran c\u00f3mo monarcas, dinast\u00edas y la Iglesia han utilizado la imagen como s\u00edmbolo de prestigio, legitimaci\u00f3n y devoci\u00f3n, haciendo del arte un instrumento esencial al servicio del poder y la religi\u00f3n.<\/p>\n<p class=\"v-p\">Desde los duques borgo\u00f1ones a los Austrias y Borbones espa\u00f1oles, los retratos de Pantoja de la Cruz, Carre\u00f1o de Miranda, Goya y las obras religiosas de Murillo, Van Dyck o Josefa de \u00d3bidos ejemplifican el poder de la pintura como lenguaje visual de autoridad y fe.<\/p>\n<p class=\"v-p\">La segunda de las secciones, &#8216;El retrato: el ser humano en el centro del mundo&#8217;, est\u00e1 dedicada a la mayor reivindicaci\u00f3n del ser humano por ocupar su lugar en el centro del universo, ser conocido, reconocido y recordado, esto es, el retrato.<\/p>\n<p class=\"v-p\">La consolidaci\u00f3n de este g\u00e9nero en el Occidente europeo coincidi\u00f3 con el nacimiento del humanismo y la pujanza econ\u00f3mica de dos regiones del continente, Italia y Borgo\u00f1a, y durante la Edad Moderna, m\u00e1s all\u00e1 de los pr\u00edncipes, los individuos objeto del retrato fueron cada vez m\u00e1s numerosos, como lo demuestran los retratos de burgueses flamencos efigiados por Mierevelt o los realizados por Goya o el valenciano Agust\u00edn Esteve.<\/p>\n<p class=\"v-p\">&#8216;El triunfo de los g\u00e9neros: paisajes, bodegones y costumbres&#8217; es la tercera secci\u00f3n, en la que se re\u00fanen vistas, naturalezas muertas y escenas costumbristas que surgieron sin un encargo concreto, destinados al mercado del arte y a la nueva clientela burguesa. <\/p>\n<p class=\"v-p\">Obras de Jan Brueghel, Jan Wildens, Melchior de Hondecoeter, Tom\u00e1s Yepes o Paul de Vos revelan el virtuosismo de los maestros flamencos, holandeses y espa\u00f1oles en la representaci\u00f3n de la naturaleza y la vida diaria, con un realismo que cautiv\u00f3 a coleccionistas de toda Europa.<\/p>\n<p class=\"v-p\">La cuarta y \u00faltima secci\u00f3n, &#8216;Los caminos de la modernidad&#8217;, aborda el tr\u00e1nsito del academicismo al realismo y la llegada de la modernidad, en un periodo marcado por las transformaciones pol\u00edticas y sociales de los siglos XIX y XX.<\/p>\n<p class=\"v-p\">Las obras de Sorolla, Zuloaga, Regoyos, Rusi\u00f1ol o Arteta testimonian la pluralidad de estilos que convivieron en la Espa\u00f1a contempor\u00e1nea: desde el modernismo catal\u00e1n y el realismo luminoso valenciano hasta la mirada cr\u00edtica y comprometida de los artistas vinculados a la crisis del 98. El arte, una vez m\u00e1s, se convierte en espejo y cr\u00f3nica de un tiempo en cambio.<\/p>\n<p class=\"v-p\">A la presentaci\u00f3n de la muestra, que podr\u00e1 visitarse hasta el 15 de febrero de 2026, han acudido la secretaria auton\u00f3mica de Cultura, Pilar T\u00e9bar, y el director de la Territorial Este de BBVA, Jos\u00e9 Manuel Mieres.<\/p>\n","protected":false},"excerpt":{"rendered":"Borrachera de obras maestras. Borrachera es uno de los t\u00e9rminos elegidos por el director del Museo de Bellas&hellip;\n","protected":false},"author":2,"featured_media":233863,"comment_status":"","ping_status":"","sticky":false,"template":"","format":"standard","meta":{"footnotes":""},"categories":[173],"tags":[229,233,231,230,60920,232,234,146,147,25,24,38506,1050,474,23,235,45272],"class_list":{"0":"post-233862","1":"post","2":"type-post","3":"status-publish","4":"format-standard","5":"has-post-thumbnail","7":"category-arte-y-diseno","8":"tag-arte","9":"tag-arte-y-diseno","10":"tag-arts","11":"tag-arts-and-design","12":"tag-borrachera","13":"tag-design","14":"tag-diseno","15":"tag-entertainment","16":"tag-entretenimiento","17":"tag-es","18":"tag-espana","19":"tag-maestras","20":"tag-nunca","21":"tag-obras","22":"tag-spain","23":"tag-valencia","24":"tag-vistas"},"share_on_mastodon":{"url":"https:\/\/pubeurope.com\/@es\/115542880664130488","error":""},"_links":{"self":[{"href":"https:\/\/www.europesays.com\/es\/wp-json\/wp\/v2\/posts\/233862","targetHints":{"allow":["GET"]}}],"collection":[{"href":"https:\/\/www.europesays.com\/es\/wp-json\/wp\/v2\/posts"}],"about":[{"href":"https:\/\/www.europesays.com\/es\/wp-json\/wp\/v2\/types\/post"}],"author":[{"embeddable":true,"href":"https:\/\/www.europesays.com\/es\/wp-json\/wp\/v2\/users\/2"}],"replies":[{"embeddable":true,"href":"https:\/\/www.europesays.com\/es\/wp-json\/wp\/v2\/comments?post=233862"}],"version-history":[{"count":0,"href":"https:\/\/www.europesays.com\/es\/wp-json\/wp\/v2\/posts\/233862\/revisions"}],"wp:featuredmedia":[{"embeddable":true,"href":"https:\/\/www.europesays.com\/es\/wp-json\/wp\/v2\/media\/233863"}],"wp:attachment":[{"href":"https:\/\/www.europesays.com\/es\/wp-json\/wp\/v2\/media?parent=233862"}],"wp:term":[{"taxonomy":"category","embeddable":true,"href":"https:\/\/www.europesays.com\/es\/wp-json\/wp\/v2\/categories?post=233862"},{"taxonomy":"post_tag","embeddable":true,"href":"https:\/\/www.europesays.com\/es\/wp-json\/wp\/v2\/tags?post=233862"}],"curies":[{"name":"wp","href":"https:\/\/api.w.org\/{rel}","templated":true}]}}