{"id":233865,"date":"2025-11-13T14:35:12","date_gmt":"2025-11-13T14:35:12","guid":{"rendered":"https:\/\/www.europesays.com\/es\/233865\/"},"modified":"2025-11-13T14:35:12","modified_gmt":"2025-11-13T14:35:12","slug":"therion-anuncian-disco-en-directo-titulado-con-orquesta","status":"publish","type":"post","link":"https:\/\/www.europesays.com\/es\/233865\/","title":{"rendered":"THERION anuncian disco en directo titulado \u201cCon orquesta\u201d."},"content":{"rendered":"<p>\u00a0<\/p>\n<p>\u00a0<\/p>\n<p><strong>THERION anuncian disco en directo titulado \u201cCon orquesta\u201d.<\/strong><br \/>\n<img fetchpriority=\"high\" decoding=\"async\" src=\"https:\/\/www.europesays.com\/es\/wp-content\/uploads\/2025\/11\/con_orquesta500x267.jpg\" alt=\"THERION anuncian disco en directo titulado \u201cCon orquesta\u201d.\" width=\"500\" height=\"267\"\/><\/p>\n<p><a href=\"https:\/\/www.facebook.com\/therion\/\" target=\"_blank\" rel=\"noopener nofollow\"><strong>THERION<\/strong><\/a> sacar\u00e1n el 30 de enero a trav\u00e9s de Napalm Records un lanzamieto en directo titulado \u201cCon orquesta\u201d.<\/p>\n<p><img loading=\"lazy\" decoding=\"async\" src=\"https:\/\/www.europesays.com\/es\/wp-content\/uploads\/2025\/11\/con_orquesta.jpg\" alt=\"THERION anuncian disco en directo titulado \u201cCon orquesta\u201d.\" width=\"496\" height=\"500\"\/><\/p>\n<p>Estos son los temas que incluye:<\/p>\n<p>CD 1<\/p>\n<ol start=\"1\" type=\"1\">\n<li>The Blood of Kingu<\/li>\n<li>The Ruler of Tamag<\/li>\n<li>The Birth of Venus Illegitima<\/li>\n<li>Tuonela<\/li>\n<li>Twilight of the Gods<\/li>\n<li>Mon Amour mon Ami<\/li>\n<li>La Maritza<\/li>\n<li>Via Nocturna<\/li>\n<li>Asg\u00e5rd<\/li>\n<li>Draconian Trilogy<\/li>\n<\/ol>\n<p>CD 2<\/p>\n<ol start=\"1\" type=\"1\">\n<li>Ginnungagap<\/li>\n<li>Ten Courts of Diyu<\/li>\n<li>Litany of the Fallen<\/li>\n<li>Siren of the Woods<\/li>\n<li>Son of the Staves of Time<\/li>\n<li>Lemuria<\/li>\n<li>Sitra Ahra<\/li>\n<li>Quetzalcoatl<\/li>\n<li>The Rise of Sodom and Gomorrah<\/li>\n<li>To Mega Therion<\/li>\n<\/ol>\n<p>Blu-Ray\/DVD<\/p>\n<ol start=\"1\" type=\"1\">\n<li>The Blood of Kingu<\/li>\n<li>The Ruler of Tamag<\/li>\n<li>The Birth of Venus Illegitima<\/li>\n<li>Tuonela<\/li>\n<li>Twilight of the Gods<\/li>\n<li>Mon Amour mon Ami<\/li>\n<li>La Maritza<\/li>\n<li>Via Nocturna<\/li>\n<li>Asg\u00e5rd<\/li>\n<li>Draconian Trilogy<\/li>\n<li>Ginnungagap<\/li>\n<li>Ten Courts of Diyu<\/li>\n<li>Litany of the Fallen<\/li>\n<li>Siren of the Woods<\/li>\n<li>Son of the Staves of Time<\/li>\n<li>Lemuria<\/li>\n<li>Sitra Ahra<\/li>\n<li>Quetzalcoatl<\/li>\n<li>The Rise of Sodom and Gomorrah<\/li>\n<li>To Mega Therion<\/li>\n<li>Bonus Material: Rehearsal<\/li>\n<\/ol>\n<p>El lanzamiento estar\u00e1 disponible en los siguientes formatos:<\/p>\n<p>\u2013 Triple vinilo en verde s\u00f3lido, blanco s\u00f3lido y rojo s\u00f3lido (bandera de M\u00e9xico) en carpeta doble limitado a 300 copias<br \/>\u2013 Doble CD con Blu-Ray y DVD en digipack de 8 p\u00e1ginas con funda<br \/>Pod\u00e9is reservarlo en este <a href=\"https:\/\/napalmrecords.us20.list-manage.com\/track\/click?u=02a924be55e148730a070a9b1&amp;id=7ac2a31f70&amp;e=55067c7bab\" rel=\"nofollow noopener\" target=\"_blank\">enlace<\/a>.<\/p>\n<p><img loading=\"lazy\" decoding=\"async\" src=\"https:\/\/www.europesays.com\/es\/wp-content\/uploads\/2025\/11\/con_orquesta_formatos.png\" alt=\"THERION anuncian disco en directo titulado \u201cCon orquesta\u201d.\" width=\"500\" height=\"500\"\/><\/p>\n<p>A continuaci\u00f3n ten\u00e9is un v\u00eddeo para el primer single \u201cThe Rise of Sodom and Gomorrah\u201d.<\/p>\n<p>La actuaci\u00f3n se grab\u00f3 en 2024 en el Arena de Ciudad de M\u00e9xico acompa\u00f1ados por la Orquesta Sinf\u00f3nica Nacional de M\u00e9xico.<\/p>\n<p>Comenta la banda sobre \u201cThe Rise of Sodom and Gomorrah\u201d: \u201c\u201cThe Rise of Sodom and Gomorrah\u201d es nuestro tema m\u00e1s popular y era una elecci\u00f3n obvia para este evento. Y tambi\u00e9n es uno de los temas m\u00e1s adecuados para interpretar con una orquesta.\u201d<\/p>\n<p>A\u00f1ade el l\u00edder Christofer Johnsson sobre el disco: \u201cEn el pasado, el concepto era m\u00e1s como THERION convirti\u00e9ndose en cl\u00e1sico, con la banda y la orquesta sinf\u00f3nica al mismo nivel. Hicimos una versi\u00f3n totalmente orquestal de un tema y se dividi\u00f3 casi al 50% entre tocar temas de THERION y fragmentos cl\u00e1sicos arreglados para banda y orquesta. No obstante esta vez quer\u00eda dar un enfoque diferente. Invit\u00e9 a un reconocido director y compositor de M\u00e9xico para que reinterpretara nuestras canciones a\u00f1adiendo nuevos arreglos y ampliando los originales con orquesta. Tambi\u00e9n compusieron algunas introducciones nuevas y peque\u00f1os interludios convirtiendo esto en una aut\u00e9ntica interpretaci\u00f3n mexicana de THERION en directo con orquesta.\u201d<\/p>\n<p><a href=\"https:\/\/www.facebook.com\/therion\/\" target=\"_blank\" rel=\"noopener nofollow\"><strong>THERION<\/strong><\/a> editaron el 15 de diciembre de 2023 a trav\u00e9s de Napalm Records su nuevo trabajo \u201cLeviathan III\u201d.<\/p>\n<p>Todos los detalles en esta <a href=\"https:\/\/www.rafabasa.com\/2023\/09\/21\/therion-riot-v-triumph-of-death\/#THERION\" target=\"_blank\" rel=\"noopener nofollow\">noticia<\/a> y los singles aparecidos en <a href=\"https:\/\/www.rafabasa.com\/2023\/12\/15\/therion-artillery-beyond-the-black\/#THERION\" target=\"_blank\" rel=\"noopener nofollow\">esta<\/a>.<\/p>\n<p>Las pr\u00f3ximas actividades del l\u00edder <strong>Christofer<\/strong> <strong>Johnson<\/strong> y de THERION en este <a href=\"https:\/\/www.rafabasa.com\/2025\/04\/20\/savatage-therion-forbidden\/#THERION\" target=\"_blank\" rel=\"noopener nofollow\">bloque<\/a>.<\/p>\n<p>\u00a0<\/p>\n<p>\u00a0<\/p>\n<p>\u00a0<\/p>\n","protected":false},"excerpt":{"rendered":"\u00a0 \u00a0 THERION anuncian disco en directo titulado \u201cCon orquesta\u201d. THERION sacar\u00e1n el 30 de enero a trav\u00e9s&hellip;\n","protected":false},"author":2,"featured_media":233866,"comment_status":"","ping_status":"","sticky":false,"template":"","format":"standard","meta":{"footnotes":""},"categories":[170],"tags":[146,147,25,24,184,185,23,60921],"class_list":{"0":"post-233865","1":"post","2":"type-post","3":"status-publish","4":"format-standard","5":"has-post-thumbnail","7":"category-musica","8":"tag-entertainment","9":"tag-entretenimiento","10":"tag-es","11":"tag-espana","12":"tag-music","13":"tag-musica","14":"tag-spain","15":"tag-therion"},"share_on_mastodon":{"url":"https:\/\/pubeurope.com\/@es\/115542892964944624","error":""},"_links":{"self":[{"href":"https:\/\/www.europesays.com\/es\/wp-json\/wp\/v2\/posts\/233865","targetHints":{"allow":["GET"]}}],"collection":[{"href":"https:\/\/www.europesays.com\/es\/wp-json\/wp\/v2\/posts"}],"about":[{"href":"https:\/\/www.europesays.com\/es\/wp-json\/wp\/v2\/types\/post"}],"author":[{"embeddable":true,"href":"https:\/\/www.europesays.com\/es\/wp-json\/wp\/v2\/users\/2"}],"replies":[{"embeddable":true,"href":"https:\/\/www.europesays.com\/es\/wp-json\/wp\/v2\/comments?post=233865"}],"version-history":[{"count":0,"href":"https:\/\/www.europesays.com\/es\/wp-json\/wp\/v2\/posts\/233865\/revisions"}],"wp:featuredmedia":[{"embeddable":true,"href":"https:\/\/www.europesays.com\/es\/wp-json\/wp\/v2\/media\/233866"}],"wp:attachment":[{"href":"https:\/\/www.europesays.com\/es\/wp-json\/wp\/v2\/media?parent=233865"}],"wp:term":[{"taxonomy":"category","embeddable":true,"href":"https:\/\/www.europesays.com\/es\/wp-json\/wp\/v2\/categories?post=233865"},{"taxonomy":"post_tag","embeddable":true,"href":"https:\/\/www.europesays.com\/es\/wp-json\/wp\/v2\/tags?post=233865"}],"curies":[{"name":"wp","href":"https:\/\/api.w.org\/{rel}","templated":true}]}}