{"id":23389,"date":"2025-08-03T18:53:15","date_gmt":"2025-08-03T18:53:15","guid":{"rendered":"https:\/\/www.europesays.com\/es\/23389\/"},"modified":"2025-08-03T18:53:15","modified_gmt":"2025-08-03T18:53:15","slug":"te-quiero-desde-que-llegaste-a-mi-casa","status":"publish","type":"post","link":"https:\/\/www.europesays.com\/es\/23389\/","title":{"rendered":"Te quiero desde que llegaste a mi casa"},"content":{"rendered":"<p id=\"eZzEMqOVWK\" data-wc=\"79\"><strong>Gonzalo Sierra<\/strong> (33) le rob\u00f3 a<strong>\u00a0Elena Furiase<\/strong> (37) un beso que la salv\u00f3. Lo que no imaginaban ninguno de los dos es que ese gesto los har\u00eda inseparables. Ocho a\u00f1os despu\u00e9s de aquella Nochebuena que lo cambi\u00f3 todo, no solo siguen juntos, sino que han formado una bonita familia que es para ambos un sue\u00f1o cumplido. Adem\u00e1s, <strong>su felicidad se ha multiplicado con la llegada de Noah<\/strong> (2018) y <strong>Nala\u00a0<\/strong>(2022), una extensi\u00f3n del amor que se profesan.\u00a0<\/p>\n<p> <img src=\"https:\/\/www.europesays.com\/es\/wp-content\/uploads\/2025\/08\/6943c7a9573e-hoy-18-de-septiembre-hace-tres-aos-que-nos-casamos-y-haciendo-referencia-al-e.jpg\"   width=\"1024\" height=\"1024\" loading=\"lazy\" decoding=\"async\" alt=\"Elena Furiase y Gonzalo Sierra d\u00e1ndose un beso en su boda\" fetchpriority=\"auto\" class=\"image ho-image\"\/>\u00a9 elenafuriaseLa boda de Elena Furiase y Gonzalo Sierra<\/p>\n<p id=\"e7-Vaq_RD__\" data-wc=\"78\">No es de extra\u00f1ar, pues, que <strong>Lolita, su suegra, le haya dedicado un m\u00e1s que emotivo mensaje en el d\u00eda de su 33 cumplea\u00f1os<\/strong>. \u00abFelicidades Gonzalo por cumplir esos fabulosos 33 a\u00f1os y gracias por esos dos nietos que me has dado, fuiste muy obediente, te los ped\u00ed un mes de diciembre y llegaron, y por hacer feliz a mi luz que es mi hija\u00bb, ha expresado la matriarca en un precioso texto compartido en sus redes sociales.\u00a0<\/p>\n<p> <img src=\"https:\/\/www.europesays.com\/es\/wp-content\/uploads\/2025\/08\/4bd2d1106b12-elena-furiase-ig3.jpg\"   width=\"674\" height=\"1024\" loading=\"lazy\" decoding=\"async\" alt=\"Elena Furiase con su hijo Noah\" fetchpriority=\"auto\" class=\"image ho-image\"\/>\u00a9 elenafuriaseElena Furiase con su hijo Noah<\/p>\n<p> <img src=\"https:\/\/www.europesays.com\/es\/wp-content\/uploads\/2025\/08\/39b2d23cb4ac-elena-furiase-ig2.jpg\"   width=\"1024\" height=\"1024\" loading=\"lazy\" decoding=\"async\" alt=\"Elena Furiase con su hija Nala\" fetchpriority=\"auto\" class=\"image ho-image\"\/>\u00a9 elenafuriaseElena Furiase con su hija Nala<\/p>\n<p id=\"evH6styyaW\" data-wc=\"77\">\u00ab<strong>Soy muy feliz de compartir la familia, la tuya con la m\u00eda y la m\u00eda con la tuya<\/strong>, te quiero, no de ahora, sino desde la primera vez que llegaste a mi casa a ver a tu amigo Guillermo Furiase. Felicidades yerno, y por muchos a\u00f1os m\u00e1s\u00bb, concluye el mensaje. Sin duda, Lolita no ha escondido lo bien que se lleva con el marido de su hija y lo importante que es su presencia en la familia.\u00a0<\/p>\n<p> <img src=\"https:\/\/www.europesays.com\/es\/wp-content\/uploads\/2025\/08\/c3d27b284219-foto-13-ig.jpg\"   width=\"813\" height=\"1024\" loading=\"lazy\" decoding=\"async\" alt=\"Media Image\" fetchpriority=\"auto\" class=\"image ho-image\"\/>\u00a9 elenafuriase<\/p>\n<p id=\"ehanjsM-Sz\" data-wc=\"102\">Hace unos d\u00edas, <a class=\"hm-link\" href=\"https:\/\/www.hola.com\/actualidad\/20250801847886\/elena-furiase-y-gonzalo-sierra-vacaciones-hijos\/\" data-mrf-recirculation=\"article-body-link\" rel=\"nofollow noopener\" target=\"_blank\">la pareja compart\u00eda unas instant\u00e1neas de lo m\u00e1s tiernas de su escapada familiar a Chiclana de la Frontera (C\u00e1diz)<\/a>. La actriz y el empresario pusieron rumbo a Sancti Petri, un aut\u00e9ntico para\u00edso en el que han disfrutado de unos d\u00edas inolvidables. \u00ab<strong>La armon\u00eda se parece mucho a esto y aunque nuestros ni\u00f1os no entiendan a\u00fan muy bien el concepto, el entorno ayuda bastante<\/strong>\u00ab, dijo Elena con gran sentido del humor. Durante sus d\u00edas de vacaciones, ambos han disfrutado de la playa, de la gastronom\u00eda andaluza y, sobre todo, de la compa\u00f1\u00eda de los suyos sin pensar en el trabajo.\u00a0<\/p>\n<p> <img src=\"https:\/\/www.europesays.com\/es\/wp-content\/uploads\/2025\/08\/0d351169ca50-la-armona-se-parece-mucho-a-esto-y-aunque-nuestros-nios-no-entiendan-an-muy-b.jpg\"   width=\"1024\" height=\"1024\" loading=\"lazy\" decoding=\"async\" alt=\"Media Image\" fetchpriority=\"auto\" class=\"image ho-image\"\/>\u00a9 @elenafuriase<\/p>\n<p> <img src=\"https:\/\/www.europesays.com\/es\/wp-content\/uploads\/2025\/08\/46da20f7aec8-la-armona-se-parece-mucho-a-esto-y-aunque-nuestros-nios-no-entiendan-an-muy-b.jpg\"   width=\"1024\" height=\"1024\" loading=\"lazy\" decoding=\"async\" alt=\"Media Image\" fetchpriority=\"auto\" class=\"image ho-image\"\/>\u00a9 @elenafuriase<\/p>\n<p data-wc=\"95\" id=\"ev0oRKniTZKf\">La pareja va camino de su cuarto aniversario de boda, aunque sus destinos estaban unidos cuando ni siquiera hab\u00edan nacido. En 1977, Lola Flores protagoniz\u00f3 <a class=\"hm-link\" href=\"https:\/\/www.hola.com\/actualidad\/20250516832070\/lola-flores-10-momentazos-vida\/\" data-mrf-recirculation=\"article-body-link\" rel=\"nofollow noopener\" target=\"_blank\">uno de los momentos m\u00e1s ic\u00f3nicos de la historia de la televisi\u00f3n<\/a> al perder uno de sus pendientes mientras actuaba en el Florida Park y pedir la ayuda del p\u00fablico para recuperarlo. Lo encontr\u00f3 Milagros P\u00e9rez, esposa de Enrique Mart\u00edn-Garea, directivo discogr\u00e1fic, promotor&#8230;. \u00a1y abuela de Gonzalo Sierra! <strong>Curiosamente, el d\u00eda en el que se cumplieron cuarenta a\u00f1os de aquella an\u00e9cdota, sus respectivos nietos se convirtieron en marido y mujer.<\/strong><\/p>\n<p> <img src=\"https:\/\/www.europesays.com\/es\/wp-content\/uploads\/2025\/08\/ffece04602fb-la-armona-se-parece-mucho-a-esto-y-aunque-nuestros-nios-no-entiendan-an-muy-b.jpg\"   width=\"1024\" height=\"1024\" loading=\"lazy\" decoding=\"async\" alt=\"Media Image\" fetchpriority=\"auto\" class=\"image ho-image\"\/>\u00a9 @elenafuriase<\/p>\n<p id=\"e0VjJvH3IH\" data-wc=\"96\">En la finca Dehesa de Montenmedio, a las afueras de Vejer de la Frontera,<strong>\u00a0celebraron una boda inolvidable de la que\u00a0<\/strong><a class=\"hm-link\" href=\"https:\/\/www.hola.com\/actualidad\/20210922304822\/boda-elena-furiase-si-quiero-celebracion-fiesta\/\" data-mrf-recirculation=\"article-body-link\" rel=\"nofollow noopener\" target=\"_blank\">\u00a1HOLA! mostr\u00f3 todos los detalles<\/a>. Celebraron una boda civil en la que el peque\u00f1o Noah llev\u00f3 las alianzas y Guillermo, el hermano de ella, emocion\u00f3 con sus palabras: \u00abEle, t\u00fa has sido mi \u00e1ngel desde que era un ni\u00f1o. Estoy feliz de que te hayas casado con Gonzalo, porque tambi\u00e9n es mi mejor amigo. Te pido perd\u00f3n por devolv\u00e9rtelo a la mitad muchas veces, pero no era mi intenci\u00f3n. \u00a1Sab\u00e9is que eso es el ADN!\u201d.<\/p>\n<p> <img src=\"https:\/\/www.europesays.com\/es\/wp-content\/uploads\/2025\/08\/9560a04f5891-la-armona-se-parece-mucho-a-esto-y-aunque-nuestros-nios-no-entiendan-an-muy-b.jpg\"   width=\"1024\" height=\"1024\" loading=\"lazy\" decoding=\"async\" alt=\"Media Image\" fetchpriority=\"auto\" class=\"image ho-image\"\/>\u00a9 @elenafuriase<\/p>\n<p id=\"etlZiZValX\" data-wc=\"96\">El cumplea\u00f1os de Gonzalo y la escapada familiar al sur se produce despu\u00e9s de un evento muy importante para la familia Flores: <a class=\"hm-link\" href=\"https:\/\/www.hola.com\/actualidad\/20250628840695\/paty-sanchez-flores-javier-millet-boda-flamenca-en-javea-con-alejandra-rubio-y-elena-furiase-entre-los-invitados\/\" data-mrf-recirculation=\"article-body-link\" rel=\"nofollow noopener\" target=\"_blank\">la boda de Paty S\u00e1nchez-Flores, celebrada el pasado mes de junio en J\u00e1vea (Alicante)<\/a>. La influencer y personal shopper, de 26 a\u00f1os, y el abogado deportivo<strong data-gid=\"ev8Dtk34dOD\">\u00a0<\/strong><strong data-gid=\"eyKPv7nATyy\">Javier Millet Ripol<\/strong><strong>l<\/strong>, se dieron el &#8216;s\u00ed, quiero&#8217; en la ciudad alicantina, un enclave elegido por cercan\u00eda y tradici\u00f3n, <a class=\"hm-link\" href=\"https:\/\/www.hola.com\/actualidad\/20250628840948\/el-emotivo-momento-de-quique-sanchez-flores-con-su-hija-de-camino-al-altar\/\" data-mrf-recirculation=\"article-body-link\" rel=\"nofollow noopener\" target=\"_blank\">dado que la mayor\u00eda de sus familiares proceden de la Comunidad Valenciana<\/a>. Hasta all\u00ed se desplaz\u00f3 <a class=\"hm-link\" href=\"https:\/\/www.hola.com\/actualidad\/20250702841367\/gran-boda-familia-flores-imagenes-no-vistas-detalles-si-quiero-paty-sanchez-flores\/\" data-mrf-recirculation=\"article-body-link\" rel=\"nofollow noopener\" target=\"_blank\">Elena junto a Gonzalo, la propia Lolita e incluso su abuela, Carmen Flores<\/a>.<\/p>\n<p> <img src=\"https:\/\/www.europesays.com\/es\/wp-content\/uploads\/2025\/08\/8b47b5b7d88e-dlu586914071.jpg\"   width=\"682\" height=\"1024\" loading=\"lazy\" decoding=\"async\" alt=\"Elena Furiase y su marido, Gonzalo Sierra, en el enlace de Paty S\u00e1nchez-Flores y Javier Millet en J\u00e1vea\" fetchpriority=\"auto\" class=\"image ho-image\"\/>\u00a9 GTRESElena Furiase y su marido, Gonzalo Sierra, en el enlace de Paty S\u00e1nchez-Flores y Javier Millet en J\u00e1vea<\/p>\n","protected":false},"excerpt":{"rendered":"Gonzalo Sierra (33) le rob\u00f3 a\u00a0Elena Furiase (37) un beso que la salv\u00f3. Lo que no imaginaban ninguno&hellip;\n","protected":false},"author":2,"featured_media":23390,"comment_status":"","ping_status":"","sticky":false,"template":"","format":"standard","meta":{"footnotes":""},"categories":[174],"tags":[517,255,13524,146,147,25,24,256,13525,23],"class_list":{"0":"post-23389","1":"post","2":"type-post","3":"status-publish","4":"format-standard","5":"has-post-thumbnail","7":"category-famosos","8":"tag-actualidad","9":"tag-celebrities","10":"tag-elena-furiase","11":"tag-entertainment","12":"tag-entretenimiento","13":"tag-es","14":"tag-espana","15":"tag-famosos","16":"tag-lolita-flores","17":"tag-spain"},"share_on_mastodon":{"url":"","error":""},"_links":{"self":[{"href":"https:\/\/www.europesays.com\/es\/wp-json\/wp\/v2\/posts\/23389","targetHints":{"allow":["GET"]}}],"collection":[{"href":"https:\/\/www.europesays.com\/es\/wp-json\/wp\/v2\/posts"}],"about":[{"href":"https:\/\/www.europesays.com\/es\/wp-json\/wp\/v2\/types\/post"}],"author":[{"embeddable":true,"href":"https:\/\/www.europesays.com\/es\/wp-json\/wp\/v2\/users\/2"}],"replies":[{"embeddable":true,"href":"https:\/\/www.europesays.com\/es\/wp-json\/wp\/v2\/comments?post=23389"}],"version-history":[{"count":0,"href":"https:\/\/www.europesays.com\/es\/wp-json\/wp\/v2\/posts\/23389\/revisions"}],"wp:featuredmedia":[{"embeddable":true,"href":"https:\/\/www.europesays.com\/es\/wp-json\/wp\/v2\/media\/23390"}],"wp:attachment":[{"href":"https:\/\/www.europesays.com\/es\/wp-json\/wp\/v2\/media?parent=23389"}],"wp:term":[{"taxonomy":"category","embeddable":true,"href":"https:\/\/www.europesays.com\/es\/wp-json\/wp\/v2\/categories?post=23389"},{"taxonomy":"post_tag","embeddable":true,"href":"https:\/\/www.europesays.com\/es\/wp-json\/wp\/v2\/tags?post=23389"}],"curies":[{"name":"wp","href":"https:\/\/api.w.org\/{rel}","templated":true}]}}