{"id":233893,"date":"2025-11-13T14:54:11","date_gmt":"2025-11-13T14:54:11","guid":{"rendered":"https:\/\/www.europesays.com\/es\/233893\/"},"modified":"2025-11-13T14:54:11","modified_gmt":"2025-11-13T14:54:11","slug":"david-bustamante-deja-sin-palabras-a-david-broncano-con-su-secreto-para-haber-perdido-20-kilos","status":"publish","type":"post","link":"https:\/\/www.europesays.com\/es\/233893\/","title":{"rendered":"David Bustamante deja sin palabras a David Broncano con su secreto para haber perdido 20 kilos"},"content":{"rendered":"<p class=\"paragraph\">A pocos \t\t\td\u00edas de poner el broche de oro a su <b>gira &#8216;In\u00e9dito&#8217;<\/b> con un \t\t\tconcierto \u00fanico que se celebrar\u00e1 el pr\u00f3ximo 30 de noviembre en \t\t\tla madrile\u00f1a plaza de toros de Las ventas, y en plena promoci\u00f3n \t\t\tpor el lanzamiento de su nuevo perfume -y ya van 13- <b>David \t\t\tBustamante ha visitado &#8216;La Revuelta&#8217;<\/b> y, una vez m\u00e1s, ha \t\t\tdemostrado su buena sinton\u00eda con<b> David Broncano confes\u00e1ndole el \t\t\tsecreto de su impactante cambio f\u00edsico<\/b>.\u00a0\u00a0<\/p>\n<p class=\"paragraph\">Justo un a\u00f1o \t\t\tdespu\u00e9s de su \u00faltima visita al programa de TVE, y con 20 kilos \t\t\tmenos, el cantante de San Vicente de la Barquera ha confesado que \t\t\tse siente mejor que nunca.<\/p>\n<p class=\"paragraph\"><b>NUEVOS H\u00c1BITOS DE VIDA<\/b><\/p>\n<p class=\"paragraph\">\u00a0Y no solo por su nuevo aspecto, <b>mucho \t\t\tm\u00e1s musculado y definido, sino por haber cambiado sus h\u00e1bitos de \t\t\tvida en su d\u00eda a d\u00eda <\/b>con unos sencillos gestos que, como ha \t\t\tasegurado, son la clave de que a sus 43 a\u00f1os est\u00e9 en su \u00abprime\u00bb.\u00a0 \u00a0 \u00a0<\/p>\n<p class=\"paragraph\">\u00abYo me pongo el despertador a las 7:30 pero me levanto \t\t\ta las 6.<b> Salgo a caminar en ayunas una hora u hora y media, luego \t\t\tvoy al gimnasio, y luego desayuno<\/b>. Me va muy bien\u00bb ha \t\t\texplicado, asegurando que lejos de &#8216;dietas milagro&#8217;, su p\u00e9rdida \t\t\tde peso se debe a la constancia y la disciplina: \u00abNo como \t\t\tdulces. No paso nada de hambre, simplemente como muy bien y m\u00e1s \t\t\tque nunca, y como mucho pescado\u00bb, ha revelado de lo m\u00e1s \t\t\tsonriente.\u00a0\u00a0<\/p>\n<p class=\"paragraph\"><b>FUTBOLISTA Y ALBA\u00d1IL ANTES DE SER CANTANTE<\/b><\/p>\n<p class=\"paragraph\">Entre bromas, Bustamante tambi\u00e9n ha recordado su \t\t\tpasado como futbolista y como alba\u00f1il antes de saltar a la fama \t\t\ten la primera edici\u00f3n de &#8216;Operaci\u00f3n Triunfo&#8217;. \u00abAficionado, \t\t\tpero muy buen futbolista. Tambi\u00e9n fui oficial de segunda que \t\t\tarmaba 35 metros diarios. De eso no ten\u00e9is ni idea porque ahora \t\t\ttodo es pladur, escach\u00e1is al vecino\u00bb, ha contado, \t\t\treconociendo que como tiene v\u00e9rtigo siempre intentaba evitar los \t\t\ttejados para trabajar poniendo suelos.\u00a0\u00a0<\/p>\n<blockquote class=\"twitter-tweet\" data-media-max-width=\"560\">\n<p lang=\"es\" dir=\"ltr\">Una vez m\u00e1s, Bustamante lo vuelve a hacer.<\/p>\n<p>Un absoluto ejercicio de prestidigitaci\u00f3n, un trilero del marketing <a href=\"https:\/\/twitter.com\/hashtag\/LaRevuelta?src=hash&amp;ref_src=twsrc%5Etfw\" rel=\"nofollow noopener\" target=\"_blank\">#LaRevuelta<\/a> <a href=\"https:\/\/twitter.com\/David_Busta?ref_src=twsrc%5Etfw\" rel=\"nofollow noopener\" target=\"_blank\">@David_Busta<\/a> <a href=\"https:\/\/t.co\/qTNOdWTVTs\" rel=\"nofollow\">pic.twitter.com\/qTNOdWTVTs<\/a><\/p>\n<p>\u2014 La Revuelta (@LaRevuelta_TVE) <a href=\"https:\/\/twitter.com\/LaRevuelta_TVE\/status\/1988719450372096135?ref_src=twsrc%5Etfw\" rel=\"nofollow noopener\" target=\"_blank\">November 12, 2025<\/a><\/p><\/blockquote>\n<p class=\"paragraph\"><b>Respecto a las \t\t\tpreguntas cl\u00e1sicas de Broncano<\/b> de cu\u00e1nto dinero tiene en el \t\t\tbanco, y cu\u00e1ntas relaciones sexuales ha mantenido este mes -en su \t\t\t\u00faltima visita a &#8216;La Resistencia&#8217; confes\u00f3 ante la divertida \t\t\tmirada de su <b>novia Yana Olina<\/b> que \u00abun punto por d\u00eda, todos \t\t\tlos d\u00edas\u00bb- en esta ocasi\u00f3n ha intentado &#8216;escaquearse&#8217;, \t\t\taunque n<b>o se ha librado de contestar si se ver\u00eda formando un d\u00fao \t\t\tcon Andy o con Lucas<\/b> tras la pol\u00e9mica separaci\u00f3n del d\u00fao \t\t\tgaditano: \u00abAndy y Busta o Bustamandy\u00bb, ha exclamado \t\t\tentre risas. \u00abS\u00e9 lo que vosotros, que <b>se les rompi\u00f3 el \t\t\tamor<\/b>. Les deseo lo mejor, hac\u00eda mucho que no coincid\u00eda con \t\t\tellos\u00bb, ha zanjado.\u00a0<\/p>\n<p>Te puede interesar<img decoding=\"async\" loading=\"lazy\" alt=\"El cantante David Bustamante, en un concierto\" width=\"396\" height=\"252\" src=\"https:\/\/www.europesays.com\/es\/wp-content\/uploads\/2025\/11\/68e4f408e7bd3.jpeg\"\/><script async src=\"https:\/\/platform.twitter.com\/widgets.js\" charset=\"utf-8\"><\/script><\/p>\n","protected":false},"excerpt":{"rendered":"A pocos d\u00edas de poner el broche de oro a su gira &#8216;In\u00e9dito&#8217; con un concierto \u00fanico que&hellip;\n","protected":false},"author":2,"featured_media":233894,"comment_status":"","ping_status":"","sticky":false,"template":"","format":"standard","meta":{"footnotes":""},"categories":[174],"tags":[4898,255,2429,51,146,147,25,24,256,1298,23],"class_list":{"0":"post-233893","1":"post","2":"type-post","3":"status-publish","4":"format-standard","5":"has-post-thumbnail","7":"category-famosos","8":"tag-bustamante","9":"tag-celebrities","10":"tag-david","11":"tag-deja","12":"tag-entertainment","13":"tag-entretenimiento","14":"tag-es","15":"tag-espana","16":"tag-famosos","17":"tag-palabras","18":"tag-spain"},"share_on_mastodon":{"url":"https:\/\/pubeurope.com\/@es\/115542967601148253","error":""},"_links":{"self":[{"href":"https:\/\/www.europesays.com\/es\/wp-json\/wp\/v2\/posts\/233893","targetHints":{"allow":["GET"]}}],"collection":[{"href":"https:\/\/www.europesays.com\/es\/wp-json\/wp\/v2\/posts"}],"about":[{"href":"https:\/\/www.europesays.com\/es\/wp-json\/wp\/v2\/types\/post"}],"author":[{"embeddable":true,"href":"https:\/\/www.europesays.com\/es\/wp-json\/wp\/v2\/users\/2"}],"replies":[{"embeddable":true,"href":"https:\/\/www.europesays.com\/es\/wp-json\/wp\/v2\/comments?post=233893"}],"version-history":[{"count":0,"href":"https:\/\/www.europesays.com\/es\/wp-json\/wp\/v2\/posts\/233893\/revisions"}],"wp:featuredmedia":[{"embeddable":true,"href":"https:\/\/www.europesays.com\/es\/wp-json\/wp\/v2\/media\/233894"}],"wp:attachment":[{"href":"https:\/\/www.europesays.com\/es\/wp-json\/wp\/v2\/media?parent=233893"}],"wp:term":[{"taxonomy":"category","embeddable":true,"href":"https:\/\/www.europesays.com\/es\/wp-json\/wp\/v2\/categories?post=233893"},{"taxonomy":"post_tag","embeddable":true,"href":"https:\/\/www.europesays.com\/es\/wp-json\/wp\/v2\/tags?post=233893"}],"curies":[{"name":"wp","href":"https:\/\/api.w.org\/{rel}","templated":true}]}}