{"id":233895,"date":"2025-11-13T14:55:34","date_gmt":"2025-11-13T14:55:34","guid":{"rendered":"https:\/\/www.europesays.com\/es\/233895\/"},"modified":"2025-11-13T14:55:34","modified_gmt":"2025-11-13T14:55:34","slug":"conoce-los-secretos-de-algunas-de-las-figuras-mas-representativas-de-la-ciudad","status":"publish","type":"post","link":"https:\/\/www.europesays.com\/es\/233895\/","title":{"rendered":"conoce los secretos de algunas de las figuras m\u00e1s representativas de la ciudad"},"content":{"rendered":"<p class=\"ft-text\">Una buena forma de recorrer Oviedo es fij\u00e1ndose en la gran cantidad de estatuas que pueblan sus calles y que convierten <strong>la ciudad en un gran museo de arte urbano. <\/strong><\/p>\n<p class=\"ft-text\">Quienes visitan la ciudad se quedan sorprendidos por su patrimonio; un tranquilo paseo por sus calles se transforma en una experiencia en la que<strong> arte, historia, tradici\u00f3n y modernidad se dan la mano mostrando una ciudad diferente. <\/strong><\/p>\n<p class=\"ft-text\"><strong>Un recorrido por el arte de Oviedo que puedes disfrutar a pie de calle o en el podcast que tienes a continuaci\u00f3n o a trav\u00e9s de este <\/strong><a class=\"ft-link ft-link--decoration\" href=\"https:\/\/open.spotify.com\/episode\/25VLbiR8bv4V7Cbgq6ztM8?si=ZFiC5nkWQ8-HrKhrlEdBbQ\" target=\"_blank\" rel=\"nofollow noopener\"><strong>enlace<\/strong><\/a><\/p>\n<p>Escucha el podcast aqu\u00ed:<\/p>\n<p>Los mensajes ocultos en las estatuas de Oviedo<\/p>\n<p class=\"ft-text\">El Campo San Francisco, el pulm\u00f3n verde de Oviedo, oculta algunas de estas figuras representativas como el monumento de Clar\u00edn de V\u00edctor Hevia, <strong>\u00abque representa un busto del escritor Leopoldo Alas \u00abClar\u00edn\u00bb, autor de \u00abLa Regenta\u00bb, una de las novelas m\u00e1s importantes del siglo XIX, ambientada en la ciudad de Oviedo, a la que el escritor llam\u00f3 Vetusta\u00bb<\/strong>, cuenta Miguel \u00c1ngel Fern\u00e1ndez, coordinador de actividades de la concejal\u00eda de hosteler\u00eda, turismo y congresos del Ayuntamiento de Oviedo.<\/p>\n<p><img decoding=\"async\" src=\"https:\/\/www.europesays.com\/es\/wp-content\/uploads\/2025\/11\/fdef023d-5011-4552-b9af-0c0975cee192_alta-libre-aspect-ratio_default_0.jpg\" width=\"1200\" height=\"800\" alt=\"Detalle del busto de Leopoldo Alas &quot;Clar\u00edn&quot;, en el Campo San Francisco\" class=\"ft-helper-img-rd\" loading=\"lazy\"\/><\/p>\n<p class=\"ft-helper-fontColor-quaternary ft-helper-fontSize-body-S ft-helper-spacer-t-xxs\">Detalle del busto de Leopoldo Alas \u00abClar\u00edn\u00bb, en el Campo San Francisco  \/ Pablo Solares<\/p>\n<p class=\"ft-text\">Tambi\u00e9n en esta localizaci\u00f3n y con la firma de V\u00edctor Hevia, se encuentra \u00abJos\u00e9 Tartiere\u00bb. Una pieza que representa a este empresario clave en el desarrollo industrial asturiano, sentado entre unas figuras del escultor \u00c1lvarez Laviada. Jos\u00e9 Tartiere fue un empresario que contribuy\u00f3 al desarrollo industrial asturiano.<\/p>\n<p><img decoding=\"async\" src=\"https:\/\/www.europesays.com\/es\/wp-content\/uploads\/2025\/11\/f3cd0a95-5365-44bf-8b8e-80664b0b94ee_alta-libre-aspect-ratio_default_0.jpg\" width=\"1200\" height=\"800\" alt=\"La Maternidad, de Botero\" class=\"ft-helper-img-rd\" loading=\"lazy\"\/><\/p>\n<p class=\"ft-helper-fontColor-quaternary ft-helper-fontSize-body-S ft-helper-spacer-t-xxs\">La Maternidad, de Botero  \/ Pablo Solares<\/p>\n<p class=\"ft-text\">Aunque sin duda, es la estatua de \u00abMafalda\u00bb de Pablo Irrgang, el personaje m\u00e1s buscado por todos lo que pisan el Campo San Francisco<strong>. \u00abLa protagonista del c\u00f3mic creado por el humorista gr\u00e1fico argentino Quino, le vali\u00f3 en 2014 el Premio Pr\u00edncipe de Asturias de Comunicaci\u00f3n y Humanidades. Representa a una ni\u00f1a preocupada por la humanidad y la paz mundial que se rebela contra el mundo legado por los mayores\u00bb<\/strong>, indica Fern\u00e1ndez.<\/p>\n<p class=\"ft-text\">La plaza de la Escandalera, otro de los puntos emblem\u00e1ticos de la ciudad, es tambi\u00e9n el escenario donde se dan cita figuras \u00abde importantes artistas como \u00abLa Maternidad\u00bb de Fernando Botero.<strong> Una escultura de gran tama\u00f1o que representa a una mujer con su hijo en brazos, ambos desnudos y con una volumetr\u00eda caracter\u00edstica de las obras de Botero, o \u00abAsturcones\u00bb de Manolo Vald\u00e9s. <\/strong>Un conjunto de tres caballos asturcones a tama\u00f1o natural y que en su d\u00eda fueron muy valorados por los romanos\u00bb.<\/p>\n<p><img decoding=\"async\" src=\"https:\/\/www.europesays.com\/es\/wp-content\/uploads\/2025\/11\/487d8834-e8d0-4a37-a3c9-9d61f9d1af94_alta-libre-aspect-ratio_default_0.jpg\" width=\"1200\" height=\"800\" alt=\"Monumento a Jos\u00e9 Tartiere en el Campo San Francisco\" class=\"ft-helper-img-rd\" loading=\"lazy\"\/><\/p>\n<p class=\"ft-helper-fontColor-quaternary ft-helper-fontSize-body-S ft-helper-spacer-t-xxs\">Monumento a Jos\u00e9 Tartiere en el Campo San Francisco  \/ Pablo Solares<\/p>\n<p class=\"ft-text\">Los alrededores del teatro Campoamor tambi\u00e9n albergan parte de este museo urbano de Oviedo. Concretamente, en la plaza del Carbay\u00f3n \u00abdestacan \u00abLa Concordia\u00bb, de Esperanza D\u00b4Ors. Est\u00e1 formado por siete figuras, cuatro mujeres y tres hombres desnudos que avanzan unidos mirando al frente. Cerca del Campoamor tambi\u00e9n est\u00e1<strong> \u00abLa Pensadora\u00bb de Jos\u00e9 Luis Fern\u00e1ndez. Se trata de una mujer sentada con las piernas cruzadas, la cabeza sostenida por su mano derecha y la mirada perdida en actitud pensativa\u00bb<\/strong>, a\u00f1ade Fern\u00e1ndez.<\/p>\n<p><img decoding=\"async\" src=\"https:\/\/www.europesays.com\/es\/wp-content\/uploads\/2025\/11\/b3368681-cb42-450a-b36f-6b94eb64323e_alta-libre-aspect-ratio_default_0.jpg\" width=\"1200\" height=\"800\" alt=\"La concordia\" class=\"ft-helper-img-rd\" loading=\"lazy\"\/><\/p>\n<p class=\"ft-helper-fontColor-quaternary ft-helper-fontSize-body-S ft-helper-spacer-t-xxs\">La concordia  \/ Pablo Solares<\/p>\n<p class=\"ft-text\">Y del Campoamor nos vamos a otro de los sitios m\u00e1s fotog\u00e9nicos de Oviedo, la plaza de El Font\u00e1n, donde descansa \u00abLa Bella Lola\u00bb, de Carmen Fraile. \u00abEsta figura es una r\u00e9plica de otra existente en el Paseo Mar\u00edtimo de Torrevieja, ya que es un regalo que ese Ayuntamiento hizo a Oviedo por su hermanamiento. La figura es un homenaje a las mujeres vinculadas al mar, tanto a aquellas que esperaban a que sus familiares regresasen de la pesca, como a aquellas madres o esposas que esperaban el regreso de sus hijos emigrados a ultramar\u00bb.<\/p>\n<p><img decoding=\"async\" src=\"https:\/\/www.europesays.com\/es\/wp-content\/uploads\/2025\/11\/8e7e1f12-cd4f-44d1-bbb7-e10dbbe4c16b_alta-libre-aspect-ratio_default_0.jpg\" width=\"1200\" height=\"800\" alt=\"Estatua de Mafalda, en el Campo\" class=\"ft-helper-img-rd\" loading=\"lazy\"\/><\/p>\n<p class=\"ft-helper-fontColor-quaternary ft-helper-fontSize-body-S ft-helper-spacer-t-xxs\">Estatua de Mafalda, en el Campo  \/ Pablo Solares<\/p>\n<p class=\"ft-text\">Estas son solo algunas de las esculturas con las que cuenta la ciudad y que forman parte del paisaje habitual y cotidiano de los ovetenses.<\/p>\n","protected":false},"excerpt":{"rendered":"Una buena forma de recorrer Oviedo es fij\u00e1ndose en la gran cantidad de estatuas que pueblan sus calles&hellip;\n","protected":false},"author":2,"featured_media":233896,"comment_status":"","ping_status":"","sticky":false,"template":"","format":"standard","meta":{"footnotes":""},"categories":[173],"tags":[229,233,231,230,32998,11181,3045,232,234,146,147,25,8426,24,448,474,1796,2755,1386,23],"class_list":{"0":"post-233895","1":"post","2":"type-post","3":"status-publish","4":"format-standard","5":"has-post-thumbnail","7":"category-arte-y-diseno","8":"tag-arte","9":"tag-arte-y-diseno","10":"tag-arts","11":"tag-arts-and-design","12":"tag-botero","13":"tag-conoce","14":"tag-curiosidades","15":"tag-design","16":"tag-diseno","17":"tag-entertainment","18":"tag-entretenimiento","19":"tag-es","20":"tag-esculturas","21":"tag-espana","22":"tag-historia","23":"tag-obras","24":"tag-oviedo","25":"tag-paseo","26":"tag-plaza","27":"tag-spain"},"share_on_mastodon":{"url":"https:\/\/pubeurope.com\/@es\/115542971436057651","error":""},"_links":{"self":[{"href":"https:\/\/www.europesays.com\/es\/wp-json\/wp\/v2\/posts\/233895","targetHints":{"allow":["GET"]}}],"collection":[{"href":"https:\/\/www.europesays.com\/es\/wp-json\/wp\/v2\/posts"}],"about":[{"href":"https:\/\/www.europesays.com\/es\/wp-json\/wp\/v2\/types\/post"}],"author":[{"embeddable":true,"href":"https:\/\/www.europesays.com\/es\/wp-json\/wp\/v2\/users\/2"}],"replies":[{"embeddable":true,"href":"https:\/\/www.europesays.com\/es\/wp-json\/wp\/v2\/comments?post=233895"}],"version-history":[{"count":0,"href":"https:\/\/www.europesays.com\/es\/wp-json\/wp\/v2\/posts\/233895\/revisions"}],"wp:featuredmedia":[{"embeddable":true,"href":"https:\/\/www.europesays.com\/es\/wp-json\/wp\/v2\/media\/233896"}],"wp:attachment":[{"href":"https:\/\/www.europesays.com\/es\/wp-json\/wp\/v2\/media?parent=233895"}],"wp:term":[{"taxonomy":"category","embeddable":true,"href":"https:\/\/www.europesays.com\/es\/wp-json\/wp\/v2\/categories?post=233895"},{"taxonomy":"post_tag","embeddable":true,"href":"https:\/\/www.europesays.com\/es\/wp-json\/wp\/v2\/tags?post=233895"}],"curies":[{"name":"wp","href":"https:\/\/api.w.org\/{rel}","templated":true}]}}