{"id":233911,"date":"2025-11-13T15:06:08","date_gmt":"2025-11-13T15:06:08","guid":{"rendered":"https:\/\/www.europesays.com\/es\/233911\/"},"modified":"2025-11-13T15:06:08","modified_gmt":"2025-11-13T15:06:08","slug":"el-mundo-ha-agotado-casi-todo-su-presupuesto-de-carbono-mientras-las-emisiones-fosiles-baten-record","status":"publish","type":"post","link":"https:\/\/www.europesays.com\/es\/233911\/","title":{"rendered":"El mundo ha agotado casi todo su presupuesto de carbono mientras las emisiones f\u00f3siles baten r\u00e9cord"},"content":{"rendered":"<p>Las emisiones de combustibles f\u00f3siles alcanzar\u00e1n un m\u00e1ximo hist\u00f3rico en 2025, seg\u00fan una nueva investigaci\u00f3n publicada este jueves. <\/p>\n<p>Advierte que el presupuesto de carbono restante para mantener el calentamiento global por debajo de 1,5\u00baC est\u00e1 ya \u00abpr\u00e1cticamente agotado\u00bb. <\/p>\n<p>El informe anual <a href=\"https:\/\/globalcarbonbudget.org\/\" target=\"_blank\" rel=\"noreferrer nofollow noopener\"><strong>Informe Global del Presupuesto de Carbono<\/strong><\/a> se\u00f1ala que, aunque la <a href=\"https:\/\/www.euronews.com\/green\/2025\/10\/14\/renewables-are-now-the-worlds-biggest-source-of-electricity-is-it-enough-to-stop-climate-c\" rel=\"nofollow noopener\" target=\"_blank\"><strong>descarbonizaci\u00f3n de los sistemas energ\u00e9ticos<\/strong><\/a> avanza en muchos pa\u00edses, no basta para compensar el aumento de la demanda energ\u00e9tica mundial. <\/p>\n<p>Seg\u00fan un equipo internacional de m\u00e1s de 130 cient\u00edficos, las emisiones de combustibles f\u00f3siles ser\u00e1n uno coma uno por ciento superiores en 2025 respecto al a\u00f1o anterior, ya que se prev\u00e9 que las emisiones de carb\u00f3n, petr\u00f3leo y gas aumenten. <\/p>\n<p>Ante la ausencia de la ca\u00edda urgente de las emisiones globales, seg\u00fan sus autores, la concentraci\u00f3n de CO2 en la atm\u00f3sfera y los efectos peligrosos del calentamiento global contin\u00faan aumentando. <\/p>\n<p>El mundo ha &#8216;pr\u00e1cticamente agotado&#8217; su presupuesto de carbono<\/p>\n<p>Este a\u00f1o se cumplen diez a\u00f1os del Acuerdo de Par\u00eds y, pese a los avances en muchos frentes, las emisiones de combustibles f\u00f3siles siguen aumentando. El informe calcula la cantidad de carbono que a\u00fan puede emitirse para mantener el calentamiento global por debajo del objetivo de 1,5\u00baC fijado por el acuerdo. <\/p>\n<p>\u00abCon las emisiones de CO2 todav\u00eda al alza, mantener el calentamiento global por debajo de 1,5\u00baC ya no es plausible\u00bb, dijo el profesor Pierre Friedlingstein, del Global Systems Institute de Exeter, que dirigi\u00f3 el estudio.<\/p>\n<p>\u00abEl presupuesto de carbono restante para 1,5\u00baC, 170.000 millones de toneladas de di\u00f3xido de carbono, se agotar\u00e1 antes de 2030 al ritmo actual de emisiones. Estimamos que el cambio clim\u00e1tico est\u00e1 reduciendo los sumideros de carbono combinados de tierra y oc\u00e9ano, una se\u00f1al clara del planeta Tierra de que debemos reducir dr\u00e1sticamente las emisiones.\u00bb<\/p>\n<p>El <a href=\"https:\/\/www.euronews.com\/green\/2025\/11\/10\/the-landmark-paris-agreement-set-a-path-to-slow-global-warming-the-world-hasnt-stayed-on-i\" rel=\"nofollow noopener\" target=\"_blank\"><strong>Acuerdo de Par\u00eds<\/strong><\/a> s\u00ed parece haber tenido alg\u00fan impacto en las emisiones globales. El informe constata que las emisiones totales de CO2 han crecido m\u00e1s lentamente en la \u00faltima d\u00e9cada, con una media de cero coma tres por ciento al a\u00f1o, frente a la d\u00e9cada anterior, cuando aumentaron de media uno coma nueve por ciento anual. <\/p>\n<p>Se prev\u00e9 que las emisiones de Europa aumenten<\/p>\n<p>En la UE, las emisiones han ca\u00eddo en a\u00f1os anteriores. Pero este a\u00f1o, el fr\u00edo, entre otros factores, ha incrementado la demanda energ\u00e9tica y ha provocado un aumento de cero coma cuatro por ciento. Lo mismo ocurre en EE UU, donde se proyecta un crecimiento de uno coma nueve por ciento. <\/p>\n<p>Entre otros grandes emisores, el informe se\u00f1ala que las emisiones de China han empezado a estabilizarse, con un aumento de cero coma cuatro por ciento. Ahora crecen m\u00e1s lentamente que en los \u00faltimos a\u00f1os, debido a un incremento moderado del consumo de energ\u00eda, combinado con un crecimiento extraordinario de las renovables.<\/p>\n<p>Se prev\u00e9 que las emisiones de India aumenten uno coma cuatro por ciento, tambi\u00e9n m\u00e1s despacio que en las tendencias recientes. Un monz\u00f3n temprano redujo las necesidades de refrigeraci\u00f3n en los meses m\u00e1s calurosos y, junto con el fuerte crecimiento de las renovables, llev\u00f3 a un aumento muy bajo del consumo de carb\u00f3n. En Jap\u00f3n, las emisiones proyectadas bajan dos coma dos por ciento. <\/p>\n<p>\u00abLos esfuerzos para afrontar el cambio clim\u00e1tico son visibles, con 35 pa\u00edses que han logrado reducir sus emisiones mientras crec\u00edan sus econom\u00edas, el doble que hace una d\u00e9cada, y avances importantes en la reducci\u00f3n de la dependencia de los combustibles f\u00f3siles en otros lugares\u00bb, explica la profesora Corinne Le Qu\u00e9r\u00e9, investigadora de la Royal Society en la Escuela de Ciencias Ambientales de la Universidad de East Anglia.<\/p>\n<p>Pero, a\u00f1ade la profesora Le Qu\u00e9r\u00e9, este progreso sigue siendo \u00abdemasiado fr\u00e1gil\u00bb para traducirse en el descenso sostenido de emisiones necesario para combatir el cambio clim\u00e1tico. <\/p>\n<p>\u00bfD\u00f3nde est\u00e1n aumentando las emisiones?<\/p>\n<p>En el c\u00e1lculo de las emisiones globales anuales intervienen numerosas fuentes y sumideros de carbono. <\/p>\n<p>Las emisiones totales se estiman siguiendo las emisiones de origen humano y compar\u00e1ndolas con la cantidad de CO2 que absorben los sumideros terrestres y oce\u00e1nicos. En conjunto, se proyecta que las emisiones globales de CO2 sean ligeramente inferiores a las del a\u00f1o pasado. <\/p>\n<p>En los combustibles f\u00f3siles, el aumento lo impulsan todos los tipos de combustible. Las emisiones del carb\u00f3n suben cero coma ocho por ciento, las del petr\u00f3leo uno por ciento y las del gas natural uno coma tres por ciento. Mientras las emisiones del transporte mar\u00edtimo se mantienen estables, las de la aviaci\u00f3n internacional se proyecta que aumenten un llamativo seis coma ocho por ciento en 2025. <\/p>\n<p>La cifra proyectada para el cambio de uso del suelo, que incluye la deforestaci\u00f3n, baja este a\u00f1o hasta los cuatro mil cien millones. <\/p>\n<p>\u00abLa reducci\u00f3n de las emisiones por cambio de uso del suelo demuestra el \u00e9xito que pueden lograr las pol\u00edticas ambientales. Las tasas de deforestaci\u00f3n en el Amazonas han disminuido y est\u00e1n en su nivel m\u00e1s bajo esta temporada desde 2014\u00bb, afirma la profesora Julia Pongratz, del Departamento de Geograf\u00eda de la Universidad Ludwig Maximilian de M\u00fanich. <\/p>\n<p>Las emisiones por <a href=\"https:\/\/www.euronews.com\/my-europe\/2025\/11\/13\/european-parliament-backs-simplification-of-eus-anti-deforestation-rules\" rel=\"nofollow noopener\" target=\"_blank\"><strong>deforestaci\u00f3n<\/strong><\/a> permanente siguen siendo elevadas, en torno a cuatro mil millones de toneladas de CO2 al a\u00f1o. Aproximadamente la mitad de ese total se ha compensado con reforestaci\u00f3n, nuevos bosques y regeneraci\u00f3n. <\/p>\n<p>Sin embargo, la suma del cambio clim\u00e1tico y la deforestaci\u00f3n ha convertido ya los bosques tropicales del sudeste asi\u00e1tico y grandes zonas de Sudam\u00e9rica de sumideros de CO2 en fuentes. En lugar de amortiguar el problema, ahora contribuyen a \u00e9l. <\/p>\n<p>El informe de este a\u00f1o concluye que el ocho por ciento del aumento total de la concentraci\u00f3n de CO2 atmosf\u00e9rico desde 1960 se debe a que el cambio clim\u00e1tico debilita estos sumideros de carbono terrestres y oce\u00e1nicos esenciales. <\/p>\n","protected":false},"excerpt":{"rendered":"Las emisiones de combustibles f\u00f3siles alcanzar\u00e1n un m\u00e1ximo hist\u00f3rico en 2025, seg\u00fan una nueva investigaci\u00f3n publicada este jueves.&hellip;\n","protected":false},"author":2,"featured_media":233912,"comment_status":"","ping_status":"","sticky":false,"template":"","format":"standard","meta":{"footnotes":""},"categories":[42],"tags":[12341,17,18,11465,40605,59426,13,14,11,61,62,63,64,19,20,9,10,15,16,12,21,22,65,66,67],"class_list":{"0":"post-233911","1":"post","2":"type-post","3":"status-publish","4":"format-standard","5":"has-post-thumbnail","7":"category-internacional","8":"tag-bosques","9":"tag-breaking-news","10":"tag-breakingnews","11":"tag-calentamiento-global","12":"tag-cop30","13":"tag-energias-fosiles","14":"tag-featured-news","15":"tag-featurednews","16":"tag-headlines","17":"tag-internacional","18":"tag-international","19":"tag-international-news","20":"tag-internationalnews","21":"tag-latest-news","22":"tag-latestnews","23":"tag-news","24":"tag-noticias","25":"tag-noticias-destacadas","26":"tag-noticiasdestacadas","27":"tag-titulares","28":"tag-ultimas-noticias","29":"tag-ultimasnoticias","30":"tag-world","31":"tag-world-news","32":"tag-worldnews"},"share_on_mastodon":{"url":"https:\/\/pubeurope.com\/@es\/115543014551757745","error":""},"_links":{"self":[{"href":"https:\/\/www.europesays.com\/es\/wp-json\/wp\/v2\/posts\/233911","targetHints":{"allow":["GET"]}}],"collection":[{"href":"https:\/\/www.europesays.com\/es\/wp-json\/wp\/v2\/posts"}],"about":[{"href":"https:\/\/www.europesays.com\/es\/wp-json\/wp\/v2\/types\/post"}],"author":[{"embeddable":true,"href":"https:\/\/www.europesays.com\/es\/wp-json\/wp\/v2\/users\/2"}],"replies":[{"embeddable":true,"href":"https:\/\/www.europesays.com\/es\/wp-json\/wp\/v2\/comments?post=233911"}],"version-history":[{"count":0,"href":"https:\/\/www.europesays.com\/es\/wp-json\/wp\/v2\/posts\/233911\/revisions"}],"wp:featuredmedia":[{"embeddable":true,"href":"https:\/\/www.europesays.com\/es\/wp-json\/wp\/v2\/media\/233912"}],"wp:attachment":[{"href":"https:\/\/www.europesays.com\/es\/wp-json\/wp\/v2\/media?parent=233911"}],"wp:term":[{"taxonomy":"category","embeddable":true,"href":"https:\/\/www.europesays.com\/es\/wp-json\/wp\/v2\/categories?post=233911"},{"taxonomy":"post_tag","embeddable":true,"href":"https:\/\/www.europesays.com\/es\/wp-json\/wp\/v2\/tags?post=233911"}],"curies":[{"name":"wp","href":"https:\/\/api.w.org\/{rel}","templated":true}]}}