{"id":233913,"date":"2025-11-13T15:07:10","date_gmt":"2025-11-13T15:07:10","guid":{"rendered":"https:\/\/www.europesays.com\/es\/233913\/"},"modified":"2025-11-13T15:07:10","modified_gmt":"2025-11-13T15:07:10","slug":"batida-neonazi-en-el-campus-de-somosaguas-de-la-complutense-despues-del-pinchazo-de-vito-quiles-el-salto","status":"publish","type":"post","link":"https:\/\/www.europesays.com\/es\/233913\/","title":{"rendered":"Batida neonazi en el campus de Somosaguas de la Complutense despu\u00e9s del pinchazo de Vito Quiles &#8211; El Salto"},"content":{"rendered":"<p>La convocatoria, el 12 de noviembre, de un acto de autopromoci\u00f3n del agitador de extrema derecha Vito Quiles en el campus de Somosaguas de la Universidad Complutense fue decepcionante para sus intereses. Apenas 200 partidarios de Quiles se presentaron ante el centro educativo, mientras que la organizaci\u00f3n de estudiantes, profesorado y otros trabajadores de la comunidad educativa, super\u00f3 con mucho esos n\u00fameros.<\/p>\n<p>Pero, tras el pinchazo, y seg\u00fan informan desde el decanato de la Facultad de Ciencias Pol\u00edticas y Sociolog\u00eda, un exiguo grupo de seguidores de Quiles, con est\u00e9tica neonazi, se adentr\u00f3 en el edificio de esta facultad y comenz\u00f3 a amedrentar a estudiantes y profesorado.<\/p>\n<p>Durante su batida, arrancaron distintas pancartas, rayaron una esv\u00e1stica en uno de los espejos y, en lo que fue el incidente m\u00e1s grave, trataron de abrir la puerta donde se hab\u00eda protegido una profesora. Los seguidores de Quiles interrumpieron asimismo una clase de m\u00e1ster y amenazaron a un profesor que los fotografi\u00f3.<\/p>\n<p>Los hechos tuvieron lugar cuando la Facultad estaba semivac\u00eda despu\u00e9s de la jornada de clases y de las acciones de rechazo al mitin de Quiles. A pesar de ello, el profesor y el alumnado de la clase interrumpida y otras personas presentes en el edificio lograron expulsar finalmente a los seis neonazis y parte del equipo directivo de la Facultad acompa\u00f1\u00f3 al alumnado para evitar emboscadas. Finalmente, cuatro de los seis fueron identificados por la Polic\u00eda.<\/p>\n<p><a href=\"https:\/\/www.elsaltodiario.com\/autor\/victor-alonso-rocafort\" target=\"_blank\" rel=\"nofollow noopener\">V\u00edctor Alonso Rocafort, <\/a>vicedecano de Pol\u00edticas, explica que esta batida \u201crefleja bastante la gente que ven\u00eda con Quiles\u201d y que justifica \u201cnuestra decisi\u00f3n de no dejar entrar ni los discursos de odio, ni a la gente que pueda violentar la actividad de la Universidad; creemos que han cruzado unas l\u00edneas rojas fundamentales como son la intimidaci\u00f3n y la amenaza\u201d.<\/p>\n<p>  <img alt=\"Concentracion somosaguas\" class=\"card-img-top figure-img\" \/><\/p>\n<p>        Un numeroso grupo de estudiantes se concentr\u00f3 en la facultad en protesta por la provocaci\u00f3n del agitador ultra.<\/p>\n<p>  <a href=\"https:\/\/www.elsaltodiario.com\/autor\/archivo-el-salto\" data-phx-link=\"redirect\" data-phx-link-state=\"push\" title=\"Ver a: Archivo El Salto\" rel=\"nofollow noopener\" target=\"_blank\"><br \/>\n  Archivo El Salto<br \/>\n  <\/a><\/p>\n<p>Durante su alocuci\u00f3n ante los escasos seguidores que le acompa\u00f1aron, Quiles se refiri\u00f3 a la facultad de Pol\u00edticas como \u201cun estercolero\u201d y sus partidarios cantaron el himno fascista \u201cCara al Sol\u201d, pero del otro lado del fuerte dispositivo policial hab\u00eda muchos m\u00e1s estudiantes \u2014varios centenares\u2014 rechazando el espect\u00e1culo con el que Quiles ha tratado de ganar foco medi\u00e1tico y que ya gener\u00f3 una contestaci\u00f3n firme por parte del antifascismo en Nafarroa, que fue reprimido por la Polic\u00eda Nacional.<\/p>\n<p>En esta ocasi\u00f3n, la decisi\u00f3n de la Facultad de cerrar el acceso a personas que no estudian en la Complutense y la desproporci\u00f3n del n\u00famero de manifestantes con respecto al s\u00e9quito de Quiles fue el motivo de que no se produjeran esas cargas. A lo largo de la semana, varias organizaciones estudiantiles prepararon la respuesta al provocador ultra y el Observatorio UCM 2030 program\u00f3 una charla contra los discursos de odio en la que particip\u00f3, entre otros ponentes, un redactor de El Salto.<\/p>\n","protected":false},"excerpt":{"rendered":"La convocatoria, el 12 de noviembre, de un acto de autopromoci\u00f3n del agitador de extrema derecha Vito Quiles&hellip;\n","protected":false},"author":2,"featured_media":233914,"comment_status":"","ping_status":"","sticky":false,"template":"","format":"standard","meta":{"footnotes":""},"categories":[8],"tags":[517,17,18,25,24,13,14,11,19,20,9,10,15,16,23,12,21,22,45204],"class_list":{"0":"post-233913","1":"post","2":"type-post","3":"status-publish","4":"format-standard","5":"has-post-thumbnail","7":"category-espana","8":"tag-actualidad","9":"tag-breaking-news","10":"tag-breakingnews","11":"tag-es","12":"tag-espana","13":"tag-featured-news","14":"tag-featurednews","15":"tag-headlines","16":"tag-latest-news","17":"tag-latestnews","18":"tag-news","19":"tag-noticias","20":"tag-noticias-destacadas","21":"tag-noticiasdestacadas","22":"tag-spain","23":"tag-titulares","24":"tag-ultimas-noticias","25":"tag-ultimasnoticias","26":"tag-universidad-complutense"},"share_on_mastodon":{"url":"https:\/\/pubeurope.com\/@es\/115543018360843097","error":""},"_links":{"self":[{"href":"https:\/\/www.europesays.com\/es\/wp-json\/wp\/v2\/posts\/233913","targetHints":{"allow":["GET"]}}],"collection":[{"href":"https:\/\/www.europesays.com\/es\/wp-json\/wp\/v2\/posts"}],"about":[{"href":"https:\/\/www.europesays.com\/es\/wp-json\/wp\/v2\/types\/post"}],"author":[{"embeddable":true,"href":"https:\/\/www.europesays.com\/es\/wp-json\/wp\/v2\/users\/2"}],"replies":[{"embeddable":true,"href":"https:\/\/www.europesays.com\/es\/wp-json\/wp\/v2\/comments?post=233913"}],"version-history":[{"count":0,"href":"https:\/\/www.europesays.com\/es\/wp-json\/wp\/v2\/posts\/233913\/revisions"}],"wp:featuredmedia":[{"embeddable":true,"href":"https:\/\/www.europesays.com\/es\/wp-json\/wp\/v2\/media\/233914"}],"wp:attachment":[{"href":"https:\/\/www.europesays.com\/es\/wp-json\/wp\/v2\/media?parent=233913"}],"wp:term":[{"taxonomy":"category","embeddable":true,"href":"https:\/\/www.europesays.com\/es\/wp-json\/wp\/v2\/categories?post=233913"},{"taxonomy":"post_tag","embeddable":true,"href":"https:\/\/www.europesays.com\/es\/wp-json\/wp\/v2\/tags?post=233913"}],"curies":[{"name":"wp","href":"https:\/\/api.w.org\/{rel}","templated":true}]}}